{"id":226,"date":"2021-03-23T00:00:00","date_gmt":"2021-03-22T22:00:00","guid":{"rendered":"https:\/\/www.anofm.ro\/bistrita-nasaud\/campania-informeaza-te-lucreaza-legal-si-cunoaste-ti-drepturile-pentru-a-fi-protejat\/"},"modified":"2021-03-23T00:00:00","modified_gmt":"2021-03-22T22:00:00","slug":"campania-informeaza-te-lucreaza-legal-si-cunoaste-ti-drepturile-pentru-a-fi-protejat","status":"publish","type":"post","link":"https:\/\/www.anofm.ro\/bistrita-nasaud\/campania-informeaza-te-lucreaza-legal-si-cunoaste-ti-drepturile-pentru-a-fi-protejat\/","title":{"rendered":"Campania \u201dInformeaza-te, lucreaza legal si cunoaste-ti drepturile pentru a fi protejat!\u201d"},"content":{"rendered":"<p class=\"MsoNormal\" style=\"margin-bottom:0in;margin-bottom:.0001pt;line-height:normal;background:white\"><b><span style=\"font-size:11.5pt;font-family:\">Vrei s\u0103 lucrezi sezonier \u00een str\u0103inatate? Informeaz\u0103-te!<\/span><\/b><span style=\"font-size:11.5pt;font-family:\"><\/span><\/p>\n<p class=\"MsoNormal\" style=\"margin-bottom:0in;margin-bottom:.0001pt;line-height:normal;background:white\"><span style=\"font-size:11.5pt;font-family:\">Intr\u0103 pe pagina de internet a Ministerului Muncii \u0219i Protec\u021biei<br \/>\nSociale (<a href=\"http:\/\/mmuncii.ro\/j33\/index.php\/ro\/2014-domenii\/afaceri-europene-%C8%99i-rela%C8%9Bii-interna%C8%9Bionale\/6217-2021-lucrator-sezonier?fbclid=IwAR398l0IH9xGlr_iSLxcbBanBDgxPAAzTjYQgNTmgOlKdJeUWyoGaQYo-RM\"><b><i><span style=\"color:blue\">aici<\/span><\/i><\/b><\/a>) \u0219i afl\u0103 care sunt condi\u021biile de<br \/>\nintrare \u00een \u021bara de destina\u021bie, condi\u021biile de munc\u0103, institu\u021biile care pot<br \/>\nsprijini lucr\u0103torii rom\u00e2ni \u0219i cum le po\u021bi contacta. <\/p>\n<p><img decoding=\"async\" src=\"upload\/15783\/mmuncii.jpg\"><\/p>\n<p><\/span><span style=\"font-size:11.5pt;font-family:\"><\/span><\/p><\/p>\n","protected":false},"excerpt":{"rendered":"<p><\/p>\n","protected":false},"author":0,"featured_media":0,"comment_status":"closed","ping_status":"closed","sticky":false,"template":"","format":"standard","meta":{"footnotes":""},"categories":[9],"tags":[],"class_list":["post-226","post","type-post","status-publish","format-standard","hentry","category-comunicate-de-presa"],"_links":{"self":[{"href":"https:\/\/www.anofm.ro\/bistrita-nasaud\/wp-json\/wp\/v2\/posts\/226","targetHints":{"allow":["GET"]}}],"collection":[{"href":"https:\/\/www.anofm.ro\/bistrita-nasaud\/wp-json\/wp\/v2\/posts"}],"about":[{"href":"https:\/\/www.anofm.ro\/bistrita-nasaud\/wp-json\/wp\/v2\/types\/post"}],"replies":[{"embeddable":true,"href":"https:\/\/www.anofm.ro\/bistrita-nasaud\/wp-json\/wp\/v2\/comments?post=226"}],"version-history":[{"count":0,"href":"https:\/\/www.anofm.ro\/bistrita-nasaud\/wp-json\/wp\/v2\/posts\/226\/revisions"}],"wp:attachment":[{"href":"https:\/\/www.anofm.ro\/bistrita-nasaud\/wp-json\/wp\/v2\/media?parent=226"}],"wp:term":[{"taxonomy":"category","embeddable":true,"href":"https:\/\/www.anofm.ro\/bistrita-nasaud\/wp-json\/wp\/v2\/categories?post=226"},{"taxonomy":"post_tag","embeddable":true,"href":"https:\/\/www.anofm.ro\/bistrita-nasaud\/wp-json\/wp\/v2\/tags?post=226"}],"curies":[{"name":"wp","href":"https:\/\/api.w.org\/{rel}","templated":true}]}}