{"id":225,"date":"2021-03-19T00:00:00","date_gmt":"2021-03-18T22:00:00","guid":{"rendered":"https:\/\/www.anofm.ro\/bistrita-nasaud\/locuri-de-munca-vacante-in-judetul-bistrita-nasaud-la-data-de-19-martie-2021\/"},"modified":"2021-03-19T00:00:00","modified_gmt":"2021-03-18T22:00:00","slug":"locuri-de-munca-vacante-in-judetul-bistrita-nasaud-la-data-de-19-martie-2021","status":"publish","type":"post","link":"https:\/\/www.anofm.ro\/bistrita-nasaud\/locuri-de-munca-vacante-in-judetul-bistrita-nasaud-la-data-de-19-martie-2021\/","title":{"rendered":"Locuri de munc\u0103 vacante \u00een jude\u0163ul Bistri\u0163a \u2013 N\u0103s\u0103ud la data de 19 martie 2021"},"content":{"rendered":"<p><a href=\"\/upload\/15727\/oferta_munca_AJOFM_BN_19_martie_2021.pdf\">oferta_munca_AJOFM_BN_19_martie_2021.pdf<\/a> <\/p>\n","protected":false},"excerpt":{"rendered":"<p>locuri de munca, eures<\/p>\n","protected":false},"author":0,"featured_media":0,"comment_status":"closed","ping_status":"closed","sticky":false,"template":"","format":"standard","meta":{"footnotes":""},"categories":[9],"tags":[],"class_list":["post-225","post","type-post","status-publish","format-standard","hentry","category-comunicate-de-presa"],"_links":{"self":[{"href":"https:\/\/www.anofm.ro\/bistrita-nasaud\/wp-json\/wp\/v2\/posts\/225","targetHints":{"allow":["GET"]}}],"collection":[{"href":"https:\/\/www.anofm.ro\/bistrita-nasaud\/wp-json\/wp\/v2\/posts"}],"about":[{"href":"https:\/\/www.anofm.ro\/bistrita-nasaud\/wp-json\/wp\/v2\/types\/post"}],"replies":[{"embeddable":true,"href":"https:\/\/www.anofm.ro\/bistrita-nasaud\/wp-json\/wp\/v2\/comments?post=225"}],"version-history":[{"count":0,"href":"https:\/\/www.anofm.ro\/bistrita-nasaud\/wp-json\/wp\/v2\/posts\/225\/revisions"}],"wp:attachment":[{"href":"https:\/\/www.anofm.ro\/bistrita-nasaud\/wp-json\/wp\/v2\/media?parent=225"}],"wp:term":[{"taxonomy":"category","embeddable":true,"href":"https:\/\/www.anofm.ro\/bistrita-nasaud\/wp-json\/wp\/v2\/categories?post=225"},{"taxonomy":"post_tag","embeddable":true,"href":"https:\/\/www.anofm.ro\/bistrita-nasaud\/wp-json\/wp\/v2\/tags?post=225"}],"curies":[{"name":"wp","href":"https:\/\/api.w.org\/{rel}","templated":true}]}}