{"id":219,"date":"2021-02-04T00:00:00","date_gmt":"2021-02-03T22:00:00","guid":{"rendered":"https:\/\/www.anofm.ro\/bistrita-nasaud\/5565-persoane-si-au-gasit-un-loc-de-munca-in-anulm-2020-cu-sprijinul-ajofm-bistrita-nasaud\/"},"modified":"2021-02-04T00:00:00","modified_gmt":"2021-02-03T22:00:00","slug":"5565-persoane-si-au-gasit-un-loc-de-munca-in-anulm-2020-cu-sprijinul-ajofm-bistrita-nasaud","status":"publish","type":"post","link":"https:\/\/www.anofm.ro\/bistrita-nasaud\/5565-persoane-si-au-gasit-un-loc-de-munca-in-anulm-2020-cu-sprijinul-ajofm-bistrita-nasaud\/","title":{"rendered":"5565 persoane \u015fi-au g\u0103sit un loc de munc\u0103 in anulm 2020, cu sprijinul AJOFM Bistri\u0163a \u2013 N\u0103s\u0103ud"},"content":{"rendered":"<p><a href=\"\/upload\/15370\/ocupare_12_luni_2020_AJOFM_BN.pdf\">ocupare_12_luni_2020_AJOFM_BN.pdf<\/a> <\/p>\n","protected":false},"excerpt":{"rendered":"<p>ocupare<\/p>\n","protected":false},"author":0,"featured_media":0,"comment_status":"closed","ping_status":"closed","sticky":false,"template":"","format":"standard","meta":{"footnotes":""},"categories":[18],"tags":[],"class_list":["post-219","post","type-post","status-publish","format-standard","hentry","category-programul-de-ocupare"],"_links":{"self":[{"href":"https:\/\/www.anofm.ro\/bistrita-nasaud\/wp-json\/wp\/v2\/posts\/219","targetHints":{"allow":["GET"]}}],"collection":[{"href":"https:\/\/www.anofm.ro\/bistrita-nasaud\/wp-json\/wp\/v2\/posts"}],"about":[{"href":"https:\/\/www.anofm.ro\/bistrita-nasaud\/wp-json\/wp\/v2\/types\/post"}],"replies":[{"embeddable":true,"href":"https:\/\/www.anofm.ro\/bistrita-nasaud\/wp-json\/wp\/v2\/comments?post=219"}],"version-history":[{"count":0,"href":"https:\/\/www.anofm.ro\/bistrita-nasaud\/wp-json\/wp\/v2\/posts\/219\/revisions"}],"wp:attachment":[{"href":"https:\/\/www.anofm.ro\/bistrita-nasaud\/wp-json\/wp\/v2\/media?parent=219"}],"wp:term":[{"taxonomy":"category","embeddable":true,"href":"https:\/\/www.anofm.ro\/bistrita-nasaud\/wp-json\/wp\/v2\/categories?post=219"},{"taxonomy":"post_tag","embeddable":true,"href":"https:\/\/www.anofm.ro\/bistrita-nasaud\/wp-json\/wp\/v2\/tags?post=219"}],"curies":[{"name":"wp","href":"https:\/\/api.w.org\/{rel}","templated":true}]}}