{"id":214,"date":"2021-01-07T00:00:00","date_gmt":"2021-01-06T22:00:00","guid":{"rendered":"https:\/\/www.anofm.ro\/bistrita-nasaud\/locuri-de-munca-vacante-in-judetul-bistrita-nasaud-2\/"},"modified":"2021-01-07T00:00:00","modified_gmt":"2021-01-06T22:00:00","slug":"locuri-de-munca-vacante-in-judetul-bistrita-nasaud-2","status":"publish","type":"post","link":"https:\/\/www.anofm.ro\/bistrita-nasaud\/locuri-de-munca-vacante-in-judetul-bistrita-nasaud-2\/","title":{"rendered":"Locuri de munc\u0103 vacante \u00een jude\u0163ul Bistri\u0163a \u2013 N\u0103s\u0103ud"},"content":{"rendered":"<p><\/p>\n<ul>\n<li style=\"text-align: left\"><font style=\"font-size: 12px\"><b>Agen\u0163ia Jude\u0163ean\u0103 pentru Ocuparea For\u0163ei de<br \/>\nMunc\u0103 Bistri\u0163a \u2013 N\u0103s\u0103ud<\/b> ofer<span lang=\"RO\">\u0103<\/span><br \/>\nla aceast\u0103 dat\u0103 <span>\u00a0\u00a0<\/span>persoanelor aflate \u00een c\u0103utarea<br \/>\nunui loc de munc\u0103 din jude\u0163ul Bistri\u0163a &#8211; N\u0103s\u0103ud, 296<b><i> locuri de munc\u0103 vacante \u00een jude\u0163<\/i><\/b><span lang=\"PT-BR\">, dup\u0103 cum urmeaz\u0103:<\/span><span lang=\"PT-BR\"><\/span><\/font><\/li>\n<li style=\"text-align: left\"><font style=\"font-size: 12px\"><span lang=\"PT-BR\">&#8211; pentru persoanele cu <b><i>studii superioare<\/i><\/b> (de<br \/>\nlung\u0103 \u015fi scurt\u0103 durat\u0103) \u2013 21<b><i> locuri de munc\u0103<\/i><\/b>;<\/span><span style=\"font-size:11.0pt;line-height:115%;font-family:\" lang=\"PT-BR\"><\/span><\/font><\/li>\n<li style=\"text-align: left\"><font style=\"font-size: 12px\"><span style=\"font-size:11.0pt;line-height:115%;font-family:\" lang=\"PT-BR\">&#8211;<font style=\"font-size: 12px\">pentru persoanele cu <b><i>studii medii \u015fi profesionale<\/i><\/b> \u2013 275<b><i><br \/>\nlocuri de munc\u0103<\/i><\/b>;<\/font><\/span><\/font><\/li>\n<li style=\"text-align: left\"><font style=\"font-size: 12px\"><span style=\"font-size:11.0pt;line-height:115%;font-family:\" lang=\"PT-BR\"><font style=\"font-size: 12px\"><a href=\"\/upload\/14979\/oferta_munca_ianuarie_21.pdf\">oferta_munca_ianuarie_21.pdf<\/a> <br \/><\/font><\/span><\/font><\/li>\n<\/ul>\n<p><span style=\"font-size:11.0pt;line-height:115%;font-family:\" lang=\"PT-BR\"><\/span><\/p>\n","protected":false},"excerpt":{"rendered":"<p>Locuri de munc\u0103 vacante \u00een jude\u0163ul Bistri\u0163a \u2013 N\u0103s\u0103ud <\/p>\n","protected":false},"author":0,"featured_media":0,"comment_status":"closed","ping_status":"closed","sticky":false,"template":"","format":"standard","meta":{"footnotes":""},"categories":[9],"tags":[],"class_list":["post-214","post","type-post","status-publish","format-standard","hentry","category-comunicate-de-presa"],"_links":{"self":[{"href":"https:\/\/www.anofm.ro\/bistrita-nasaud\/wp-json\/wp\/v2\/posts\/214","targetHints":{"allow":["GET"]}}],"collection":[{"href":"https:\/\/www.anofm.ro\/bistrita-nasaud\/wp-json\/wp\/v2\/posts"}],"about":[{"href":"https:\/\/www.anofm.ro\/bistrita-nasaud\/wp-json\/wp\/v2\/types\/post"}],"replies":[{"embeddable":true,"href":"https:\/\/www.anofm.ro\/bistrita-nasaud\/wp-json\/wp\/v2\/comments?post=214"}],"version-history":[{"count":0,"href":"https:\/\/www.anofm.ro\/bistrita-nasaud\/wp-json\/wp\/v2\/posts\/214\/revisions"}],"wp:attachment":[{"href":"https:\/\/www.anofm.ro\/bistrita-nasaud\/wp-json\/wp\/v2\/media?parent=214"}],"wp:term":[{"taxonomy":"category","embeddable":true,"href":"https:\/\/www.anofm.ro\/bistrita-nasaud\/wp-json\/wp\/v2\/categories?post=214"},{"taxonomy":"post_tag","embeddable":true,"href":"https:\/\/www.anofm.ro\/bistrita-nasaud\/wp-json\/wp\/v2\/tags?post=214"}],"curies":[{"name":"wp","href":"https:\/\/api.w.org\/{rel}","templated":true}]}}