{"id":21,"date":"2018-11-12T00:00:00","date_gmt":"2018-11-11T22:00:00","guid":{"rendered":"https:\/\/www.anofm.ro\/bistrita-nasaud\/stimulente-pentru-angajarea-elevilor-si-studentilor-pe-perioada-vacantei\/"},"modified":"2018-11-12T00:00:00","modified_gmt":"2018-11-11T22:00:00","slug":"stimulente-pentru-angajarea-elevilor-si-studentilor-pe-perioada-vacantei","status":"publish","type":"post","link":"https:\/\/www.anofm.ro\/bistrita-nasaud\/stimulente-pentru-angajarea-elevilor-si-studentilor-pe-perioada-vacantei\/","title":{"rendered":"Stimulente pentru angajarea elevilor \u015fi studen\u0163ilor pe perioada vacan\u0163ei"},"content":{"rendered":"<p><a href=\"\/upload\/1108\/incadrare_elevi_si_studenti_iunie_2018.pdf\">incadrare_elevi_si_studenti_iunie_2018.pdf<\/a> <\/p>\n","protected":false},"excerpt":{"rendered":"<p>stimulente,angajare,elevi,studenti<\/p>\n","protected":false},"author":0,"featured_media":0,"comment_status":"closed","ping_status":"closed","sticky":false,"template":"","format":"standard","meta":{"footnotes":""},"categories":[9],"tags":[],"class_list":["post-21","post","type-post","status-publish","format-standard","hentry","category-comunicate-de-presa"],"_links":{"self":[{"href":"https:\/\/www.anofm.ro\/bistrita-nasaud\/wp-json\/wp\/v2\/posts\/21","targetHints":{"allow":["GET"]}}],"collection":[{"href":"https:\/\/www.anofm.ro\/bistrita-nasaud\/wp-json\/wp\/v2\/posts"}],"about":[{"href":"https:\/\/www.anofm.ro\/bistrita-nasaud\/wp-json\/wp\/v2\/types\/post"}],"replies":[{"embeddable":true,"href":"https:\/\/www.anofm.ro\/bistrita-nasaud\/wp-json\/wp\/v2\/comments?post=21"}],"version-history":[{"count":0,"href":"https:\/\/www.anofm.ro\/bistrita-nasaud\/wp-json\/wp\/v2\/posts\/21\/revisions"}],"wp:attachment":[{"href":"https:\/\/www.anofm.ro\/bistrita-nasaud\/wp-json\/wp\/v2\/media?parent=21"}],"wp:term":[{"taxonomy":"category","embeddable":true,"href":"https:\/\/www.anofm.ro\/bistrita-nasaud\/wp-json\/wp\/v2\/categories?post=21"},{"taxonomy":"post_tag","embeddable":true,"href":"https:\/\/www.anofm.ro\/bistrita-nasaud\/wp-json\/wp\/v2\/tags?post=21"}],"curies":[{"name":"wp","href":"https:\/\/api.w.org\/{rel}","templated":true}]}}