{"id":209,"date":"2020-12-22T00:00:00","date_gmt":"2020-12-21T22:00:00","guid":{"rendered":"https:\/\/www.anofm.ro\/bistrita-nasaud\/eures-oferta-munca-sezoniera-in-portugalia-si-danemarca-pentru-culegatori-de-mazare-2\/"},"modified":"2020-12-22T00:00:00","modified_gmt":"2020-12-21T22:00:00","slug":"eures-oferta-munca-sezoniera-in-portugalia-si-danemarca-pentru-culegatori-de-mazare-2","status":"publish","type":"post","link":"https:\/\/www.anofm.ro\/bistrita-nasaud\/eures-oferta-munca-sezoniera-in-portugalia-si-danemarca-pentru-culegatori-de-mazare-2\/","title":{"rendered":"EURES &#8211; Ofert\u0103 munc\u0103 sezonier\u0103 \u00een Portugalia \u015fi Danemarca pentru culeg\u0103tori de maz\u0103re"},"content":{"rendered":"<p><a href=\"\/upload\/14924\/oferta_munca_Danemarca_si_Portugalia_decembrie_2020.pdf\">oferta_munca_Danemarca_si_Portugalia_decembrie_2020.pdf<\/a> <\/p>\n","protected":false},"excerpt":{"rendered":"<p>eures<\/p>\n","protected":false},"author":0,"featured_media":0,"comment_status":"closed","ping_status":"closed","sticky":false,"template":"","format":"standard","meta":{"footnotes":""},"categories":[9],"tags":[],"class_list":["post-209","post","type-post","status-publish","format-standard","hentry","category-comunicate-de-presa"],"_links":{"self":[{"href":"https:\/\/www.anofm.ro\/bistrita-nasaud\/wp-json\/wp\/v2\/posts\/209","targetHints":{"allow":["GET"]}}],"collection":[{"href":"https:\/\/www.anofm.ro\/bistrita-nasaud\/wp-json\/wp\/v2\/posts"}],"about":[{"href":"https:\/\/www.anofm.ro\/bistrita-nasaud\/wp-json\/wp\/v2\/types\/post"}],"replies":[{"embeddable":true,"href":"https:\/\/www.anofm.ro\/bistrita-nasaud\/wp-json\/wp\/v2\/comments?post=209"}],"version-history":[{"count":0,"href":"https:\/\/www.anofm.ro\/bistrita-nasaud\/wp-json\/wp\/v2\/posts\/209\/revisions"}],"wp:attachment":[{"href":"https:\/\/www.anofm.ro\/bistrita-nasaud\/wp-json\/wp\/v2\/media?parent=209"}],"wp:term":[{"taxonomy":"category","embeddable":true,"href":"https:\/\/www.anofm.ro\/bistrita-nasaud\/wp-json\/wp\/v2\/categories?post=209"},{"taxonomy":"post_tag","embeddable":true,"href":"https:\/\/www.anofm.ro\/bistrita-nasaud\/wp-json\/wp\/v2\/tags?post=209"}],"curies":[{"name":"wp","href":"https:\/\/api.w.org\/{rel}","templated":true}]}}