{"id":208,"date":"2020-12-17T00:00:00","date_gmt":"2020-12-16T22:00:00","guid":{"rendered":"https:\/\/www.anofm.ro\/bistrita-nasaud\/modificari-legislative\/"},"modified":"2020-12-17T00:00:00","modified_gmt":"2020-12-16T22:00:00","slug":"modificari-legislative","status":"publish","type":"post","link":"https:\/\/www.anofm.ro\/bistrita-nasaud\/modificari-legislative\/","title":{"rendered":"Modific\u0103ri legislative"},"content":{"rendered":"<p class=\"MsoNormal\" style=\"margin:0in;margin-bottom:.0001pt\"><span style=\"font-size:12.0pt;line-height:115%\">Pentru sus\u021binerea agen\u0163ilor economici \u00een contextul<br \/>\npandemiei de Covid-19, Guvernul a emis o serie de reglement\u0103ri pentru prelungirea<br \/>\nacord\u0103rii unor ajutoare \u00een domeniul rela\u021biilor de munc\u0103 \u0219i pe parcursul anului<br \/>\nviitor. <\/span><span style=\"font-size:12.0pt;line-height:115%\">Modific\u0103rile legislative au ap\u0103rut urmare a prelungirii st\u0103rii<br \/>\nde alert\u0103 \u015fi a certitudinii c\u0103 aceasta va fi men\u021binut\u0103 pentru o bun\u0103 perioad\u0103<br \/>\nde timp \u0219i \u00een anul urm\u0103tor. Aceste modific\u0103ri se refer\u0103 la:<\/span><\/p>\n<\/p>\n<p class=\"MsoListParagraphCxSpFirst\" style=\"margin-bottom:0in;margin-bottom:.0001pt;text-align:justify;text-indent:-.25in\"><span style=\"font-size:12.0pt;line-height:115%;font-family:\"><span>1.<span style=\"font:7.0pt\">\u00a0\u00a0\u00a0 <\/span><\/span><\/span><span style=\"font-size:12.0pt;line-height:115%;font-family:\">-Prelungirea<br \/>\nunor m\u0103suri de sprijinire a angaja\u021bilor \u0219i profesioni\u0219tilor;<\/span><\/p>\n<p class=\"MsoListParagraphCxSpLast\" style=\"margin-bottom:0in;margin-bottom:.0001pt;text-align:justify;text-indent:-.25in\"><span style=\"font-size:12.0pt;line-height:115%;font-family:\"><span>2.<span style=\"font:7.0pt\">\u00a0\u00a0\u00a0<br \/>\n<\/span><\/span><\/span><span style=\"font-size:12.0pt;line-height:115%;font-family:\">-Modific\u0103ri<br \/>\nprivind reducerea timpului de lucru (kurzarbeit);<\/span><\/p>\n<p><span style=\"font-size:12.0pt;line-height:115%\"><\/p>\n<p>-Extinderea ajutorului de telemunc\u0103 \u0219i pentru salaria\u021bii care au lucrat<br \/>\n\u00een telemunc\u0103 pe durata st\u0103rii de alert\u0103;<\/p>\n<p><a href=\"\/upload\/14815\/comunicat_presa_modificari_legislative_dec_2020_AJOFM_BN.pdf\">comunicat_presa_modificari_legislative_dec_2020_AJOFM_BN.pdf<\/a> <\/p>\n<p><\/span><\/p>\n<p class=\"MsoNormal\" style=\"margin:0in;margin-bottom:.0001pt\"><span style=\"font-size:12.0pt;line-height:115%\"><\/span><\/p>\n<p class=\"MsoListParagraphCxSpFirst\" style=\"margin-bottom:0in;margin-bottom:.0001pt;text-align:justify;text-indent:-.25in\"><span style=\"font-size:12.0pt;line-height:115%;font-family:\"><span>1<\/span><\/span><\/p>\n<p><\/p>\n","protected":false},"excerpt":{"rendered":"<p>Modific\u0103ri legislative <\/p>\n","protected":false},"author":0,"featured_media":0,"comment_status":"closed","ping_status":"closed","sticky":false,"template":"","format":"standard","meta":{"footnotes":""},"categories":[9],"tags":[],"class_list":["post-208","post","type-post","status-publish","format-standard","hentry","category-comunicate-de-presa"],"_links":{"self":[{"href":"https:\/\/www.anofm.ro\/bistrita-nasaud\/wp-json\/wp\/v2\/posts\/208","targetHints":{"allow":["GET"]}}],"collection":[{"href":"https:\/\/www.anofm.ro\/bistrita-nasaud\/wp-json\/wp\/v2\/posts"}],"about":[{"href":"https:\/\/www.anofm.ro\/bistrita-nasaud\/wp-json\/wp\/v2\/types\/post"}],"replies":[{"embeddable":true,"href":"https:\/\/www.anofm.ro\/bistrita-nasaud\/wp-json\/wp\/v2\/comments?post=208"}],"version-history":[{"count":0,"href":"https:\/\/www.anofm.ro\/bistrita-nasaud\/wp-json\/wp\/v2\/posts\/208\/revisions"}],"wp:attachment":[{"href":"https:\/\/www.anofm.ro\/bistrita-nasaud\/wp-json\/wp\/v2\/media?parent=208"}],"wp:term":[{"taxonomy":"category","embeddable":true,"href":"https:\/\/www.anofm.ro\/bistrita-nasaud\/wp-json\/wp\/v2\/categories?post=208"},{"taxonomy":"post_tag","embeddable":true,"href":"https:\/\/www.anofm.ro\/bistrita-nasaud\/wp-json\/wp\/v2\/tags?post=208"}],"curies":[{"name":"wp","href":"https:\/\/api.w.org\/{rel}","templated":true}]}}