{"id":203,"date":"2020-11-09T00:00:00","date_gmt":"2020-11-08T22:00:00","guid":{"rendered":"https:\/\/www.anofm.ro\/bistrita-nasaud\/zile-libere-pentru-parinti-in-vederea-supravegherii-copiilor-platite-de-angajatori-conform-oug-147-2020-si-decontate-de-catre-ajofm-bistrita-nasaud\/"},"modified":"2020-11-09T00:00:00","modified_gmt":"2020-11-08T22:00:00","slug":"zile-libere-pentru-parinti-in-vederea-supravegherii-copiilor-platite-de-angajatori-conform-oug-147-2020-si-decontate-de-catre-ajofm-bistrita-nasaud","status":"publish","type":"post","link":"https:\/\/www.anofm.ro\/bistrita-nasaud\/zile-libere-pentru-parinti-in-vederea-supravegherii-copiilor-platite-de-angajatori-conform-oug-147-2020-si-decontate-de-catre-ajofm-bistrita-nasaud\/","title":{"rendered":"Zile libere pentru p\u0103rin\u021bi \u00een vederea supravegherii copiilor, pl\u0103tite de angajatori conform OUG 147\/2020 \u015fi decontate de c\u0103tre AJOFM Bistri\u0163a \u2013 N\u0103s\u0103ud"},"content":{"rendered":"<\/p>\n<p class=\"MsoNormal\" style=\"margin-left:0in\"><b>Comunicat<br \/>\nde pres\u0103<\/b><\/p>\n<p class=\"MsoNormal\" style=\"margin:0in;margin-bottom:.0001pt;line-height:150%\"><span style=\"font-size:12.0pt;line-height:150%\">Zile<br \/>\nlibere pentru p\u0103rin\u021bi \u00een vederea supravegherii copiilor, pl<\/span><span style=\"font-size:12.0pt;line-height:150%\" lang=\"RO\">\u0103<\/span><span style=\"font-size:12.0pt;line-height:150%\">tite de angajatori conform <\/span><span class=\"SubtleEmphasis1\"><span style=\"font-size:12.0pt;line-height:150%\">OUG<br \/>\n147\/2020 \u015fi decontate de c\u0103tre AJOFM <\/span><\/span>Bistri\u0163a \u2013 N\u0103s\u0103ud<span class=\"SubtleEmphasis1\"><span style=\"font-size:12.0pt;line-height:150%\"> <\/span><\/span><span style=\"font-size:12.0pt;line-height:150%\"><span>\u00a0<\/span><\/span><span style=\"font-size:12.0pt;line-height:150%\"><\/span><\/p>\n<p class=\"MsoNormal\" style=\"margin-left:0in;background:white\"><span style=\"font-size:12.0pt;line-height:115%\">\u00a0<\/span><\/p>\n<p class=\"MsoNormal\" style=\"margin-left:0in;background:white\"><span style=\"font-size:12.0pt;line-height:115%\">Se acord\u0103 zile libere unuia dintre p\u0103rin\u021bi pentru supravegherea<br \/>\ncopiilor, \u00een situa\u021bia limit\u0103rii sau suspend\u0103rii activit\u0103\u021bilor didactice care<br \/>\npresupun prezen\u021ba efectiv\u0103 a copiilor \u00een unit\u0103\u021bile de \u00eenv\u0103\u021b\u0103m\u00e2nt \u0219i \u00een<br \/>\nunit\u0103\u021bile de educa\u021bie timpurie antepre\u0219colar\u0103, unde ace\u0219tia sunt \u00eenscri\u0219i, ca<br \/>\nurmare a rezultatului anchetei epidemiologice determinate de r\u0103sp\u00e2ndirea<br \/>\ncoronavirusului SARS-CoV-2, efectuat\u0103 de Direc\u021bia de S\u0103n\u0103tate Public\u0103 <\/span>Bistri\u0163a<br \/>\n\u2013 N\u0103s\u0103ud<span style=\"font-size:12.0pt;line-height:115%\">, \u0219i av\u00e2nd \u00een<br \/>\nvedere hot\u0103r\u00e2rile Comitetului Jude\u021bean pentru Situa\u021bii de Urgen\u021b\u0103<span>\u00a0 <\/span>Bistri\u0163a-N\u0103s\u0103ud.<\/span><\/p>\n<p class=\"MsoNormal\" style=\"margin-bottom:0in;margin-left:0in;margin-bottom:.0001pt;background:white\"><span style=\"font-size:12.0pt;line-height:115%\">Condi\u021bii<\/span><span style=\"font-size:12.0pt;line-height:115%\">\u00a0pe care trebuie s\u0103 le<br \/>\n\u00eendeplineasc\u0103 p\u0103rin\u021bii pentru a putea beneficia de aceste zile libere<br \/>\n(cumulativ):<\/span><\/p>\n<p class=\"MsoNormal\" style=\"margin:0in;margin-bottom:.0001pt;background:white\"><span style=\"font-size:12.0pt;line-height:115%\">a)\u00a0 au copii cu v\u00e2rsta de p\u00e2n\u0103<br \/>\nla 12 ani sau au copii cu dizabilit\u0103\u021bi cu v\u00e2rsta de p\u00e2n\u0103 la 26 de ani, \u00eenscri\u0219i<br \/>\n\u00een cadrul unei unit\u0103\u021bi de \u00eenv\u0103\u021b\u0103m\u00e2nt sau de educa\u021bie timpurie antepre\u0219colar\u0103;<\/span><\/p>\n<p class=\"MsoNormal\" style=\"margin:0in;margin-bottom:.0001pt;background:white\"><span style=\"font-size:12.0pt;line-height:115%\">b)\u00a0 cel\u0103lalt p\u0103rinte nu<br \/>\nbeneficiaz\u0103, la r\u00e2ndul s\u0103u, de zile libere. <a href=\"\/upload\/14509\/in_atentia_angajatorilor_solicitanti_de_zile_libere_parinti_nov.2020.pdf\">in_atentia_angajatorilor_solicitanti_de_zile_libere_parinti_nov.2020.pdf<\/a> <br \/><\/span><\/p>\n","protected":false},"excerpt":{"rendered":"<p>zile libere parinti<\/p>\n","protected":false},"author":0,"featured_media":0,"comment_status":"closed","ping_status":"closed","sticky":false,"template":"","format":"standard","meta":{"footnotes":""},"categories":[9],"tags":[],"class_list":["post-203","post","type-post","status-publish","format-standard","hentry","category-comunicate-de-presa"],"_links":{"self":[{"href":"https:\/\/www.anofm.ro\/bistrita-nasaud\/wp-json\/wp\/v2\/posts\/203","targetHints":{"allow":["GET"]}}],"collection":[{"href":"https:\/\/www.anofm.ro\/bistrita-nasaud\/wp-json\/wp\/v2\/posts"}],"about":[{"href":"https:\/\/www.anofm.ro\/bistrita-nasaud\/wp-json\/wp\/v2\/types\/post"}],"replies":[{"embeddable":true,"href":"https:\/\/www.anofm.ro\/bistrita-nasaud\/wp-json\/wp\/v2\/comments?post=203"}],"version-history":[{"count":0,"href":"https:\/\/www.anofm.ro\/bistrita-nasaud\/wp-json\/wp\/v2\/posts\/203\/revisions"}],"wp:attachment":[{"href":"https:\/\/www.anofm.ro\/bistrita-nasaud\/wp-json\/wp\/v2\/media?parent=203"}],"wp:term":[{"taxonomy":"category","embeddable":true,"href":"https:\/\/www.anofm.ro\/bistrita-nasaud\/wp-json\/wp\/v2\/categories?post=203"},{"taxonomy":"post_tag","embeddable":true,"href":"https:\/\/www.anofm.ro\/bistrita-nasaud\/wp-json\/wp\/v2\/tags?post=203"}],"curies":[{"name":"wp","href":"https:\/\/api.w.org\/{rel}","templated":true}]}}