{"id":186,"date":"2020-07-28T00:00:00","date_gmt":"2020-07-27T21:00:00","guid":{"rendered":"https:\/\/www.anofm.ro\/bistrita-nasaud\/2479-persoane-si-au-gasit-un-loc-de-munca-cu-sprijinul-ajofm-bistrita-nasaud\/"},"modified":"2020-07-28T00:00:00","modified_gmt":"2020-07-27T21:00:00","slug":"2479-persoane-si-au-gasit-un-loc-de-munca-cu-sprijinul-ajofm-bistrita-nasaud","status":"publish","type":"post","link":"https:\/\/www.anofm.ro\/bistrita-nasaud\/2479-persoane-si-au-gasit-un-loc-de-munca-cu-sprijinul-ajofm-bistrita-nasaud\/","title":{"rendered":"2479 persoane \u015fi-au g\u0103sit un loc de munc\u0103 cu sprijinul AJOFM Bistri\u0163a \u2013 N\u0103s\u0103ud"},"content":{"rendered":"<\/p>\n<p class=\"MsoNormal\" style=\"margin-left:0in\"><b><span lang=\"RO\">\u00cen primele 6 luni ale<br \/>\nanului 2020,<\/span><\/b><span lang=\"RO\"> ca urmare a<br \/>\nimplement\u0103rii Programului Na\u0163ional de Ocupare a For\u0163ei de Munc\u0103, prin<br \/>\nintermediul AJOFM <\/span>Bistri\u0163a \u2013 N\u0103s\u0103ud<span> <span lang=\"RO\">au fost \u00eencadrate \u00een munc\u0103 2479 <span>\u00a0<\/span>persoane,<br \/>\ndintre care 1104 femei. <\/span><\/span><span lang=\"RO\"><\/span><\/p>\n<p class=\"MsoNormal\" style=\"margin-left:0in\"><span lang=\"RO\">Din totalul persoanelor ocupate p\u00e2n\u0103 la data de<br \/>\nreferin\u021b\u0103, 983 au peste 45 de ani, 410 au v\u00e2rsta cuprins\u0103 \u00eentre 35 \u0219i 45 de<br \/>\nani, 559 au \u00eentre 25 \u0219i 35 de ani, iar 527 sunt tineri sub 25 de ani .<\/span><span lang=\"RO\"><\/span><\/p>\n<p class=\"MsoNormal\" style=\"margin-left:0in\"><span lang=\"RO\">\u00cen func\u0163ie de<br \/>\nreziden\u0163\u0103, din totalul persoanelor \u00eencadrate \u00een munc\u0103, 860 provin din mediul<br \/>\nurban, iar 1619 persoane sunt din mediul rural.<\/span><\/p>\n<p><a href=\"\/upload\/13374\/ocupare_6_luni_2020_AJOFM_BN.pdf\">ocupare_6_luni_2020_AJOFM_BN.pdf<\/a> <\/p>\n","protected":false},"excerpt":{"rendered":"<p>incadrare in munca<\/p>\n","protected":false},"author":0,"featured_media":0,"comment_status":"closed","ping_status":"closed","sticky":false,"template":"","format":"standard","meta":{"footnotes":""},"categories":[18],"tags":[],"class_list":["post-186","post","type-post","status-publish","format-standard","hentry","category-programul-de-ocupare"],"_links":{"self":[{"href":"https:\/\/www.anofm.ro\/bistrita-nasaud\/wp-json\/wp\/v2\/posts\/186","targetHints":{"allow":["GET"]}}],"collection":[{"href":"https:\/\/www.anofm.ro\/bistrita-nasaud\/wp-json\/wp\/v2\/posts"}],"about":[{"href":"https:\/\/www.anofm.ro\/bistrita-nasaud\/wp-json\/wp\/v2\/types\/post"}],"replies":[{"embeddable":true,"href":"https:\/\/www.anofm.ro\/bistrita-nasaud\/wp-json\/wp\/v2\/comments?post=186"}],"version-history":[{"count":0,"href":"https:\/\/www.anofm.ro\/bistrita-nasaud\/wp-json\/wp\/v2\/posts\/186\/revisions"}],"wp:attachment":[{"href":"https:\/\/www.anofm.ro\/bistrita-nasaud\/wp-json\/wp\/v2\/media?parent=186"}],"wp:term":[{"taxonomy":"category","embeddable":true,"href":"https:\/\/www.anofm.ro\/bistrita-nasaud\/wp-json\/wp\/v2\/categories?post=186"},{"taxonomy":"post_tag","embeddable":true,"href":"https:\/\/www.anofm.ro\/bistrita-nasaud\/wp-json\/wp\/v2\/tags?post=186"}],"curies":[{"name":"wp","href":"https:\/\/api.w.org\/{rel}","templated":true}]}}