{"id":184,"date":"2020-07-24T00:00:00","date_gmt":"2020-07-23T21:00:00","guid":{"rendered":"https:\/\/www.anofm.ro\/bistrita-nasaud\/locuri-de-munca-vacante-in-judetul-bistrita-nasaud-la-data-de-24-07-2020\/"},"modified":"2020-07-24T00:00:00","modified_gmt":"2020-07-23T21:00:00","slug":"locuri-de-munca-vacante-in-judetul-bistrita-nasaud-la-data-de-24-07-2020","status":"publish","type":"post","link":"https:\/\/www.anofm.ro\/bistrita-nasaud\/locuri-de-munca-vacante-in-judetul-bistrita-nasaud-la-data-de-24-07-2020\/","title":{"rendered":"Locuri de munc\u0103 vacante \u00een jude\u0163ul Bistri\u0163a \u2013 N\u0103s\u0103ud la data de 24.07.2020"},"content":{"rendered":"<p><a href=\"\/upload\/13337\/oferta_munca_AJOFM_BN_la_data_de_24_iulie_2020.pdf\">oferta_munca_AJOFM_BN_la_data_de_24_iulie_2020.pdf<\/a> <\/p>\n","protected":false},"excerpt":{"rendered":"<p>Locuri de munc\u0103 vacante, Bistri\u0163a \u2013 N\u0103s\u0103ud <\/p>\n","protected":false},"author":0,"featured_media":0,"comment_status":"closed","ping_status":"closed","sticky":false,"template":"","format":"standard","meta":{"footnotes":""},"categories":[9],"tags":[],"class_list":["post-184","post","type-post","status-publish","format-standard","hentry","category-comunicate-de-presa"],"_links":{"self":[{"href":"https:\/\/www.anofm.ro\/bistrita-nasaud\/wp-json\/wp\/v2\/posts\/184","targetHints":{"allow":["GET"]}}],"collection":[{"href":"https:\/\/www.anofm.ro\/bistrita-nasaud\/wp-json\/wp\/v2\/posts"}],"about":[{"href":"https:\/\/www.anofm.ro\/bistrita-nasaud\/wp-json\/wp\/v2\/types\/post"}],"replies":[{"embeddable":true,"href":"https:\/\/www.anofm.ro\/bistrita-nasaud\/wp-json\/wp\/v2\/comments?post=184"}],"version-history":[{"count":0,"href":"https:\/\/www.anofm.ro\/bistrita-nasaud\/wp-json\/wp\/v2\/posts\/184\/revisions"}],"wp:attachment":[{"href":"https:\/\/www.anofm.ro\/bistrita-nasaud\/wp-json\/wp\/v2\/media?parent=184"}],"wp:term":[{"taxonomy":"category","embeddable":true,"href":"https:\/\/www.anofm.ro\/bistrita-nasaud\/wp-json\/wp\/v2\/categories?post=184"},{"taxonomy":"post_tag","embeddable":true,"href":"https:\/\/www.anofm.ro\/bistrita-nasaud\/wp-json\/wp\/v2\/tags?post=184"}],"curies":[{"name":"wp","href":"https:\/\/api.w.org\/{rel}","templated":true}]}}