{"id":18,"date":"2018-11-12T00:00:00","date_gmt":"2018-11-11T22:00:00","guid":{"rendered":"https:\/\/www.anofm.ro\/bistrita-nasaud\/situatia-statistica-a-somajului-inregistrat-la-data-de-30-iunie-2018-la-nivelul-judetului-bistrita-nasaud\/"},"modified":"2018-11-12T00:00:00","modified_gmt":"2018-11-11T22:00:00","slug":"situatia-statistica-a-somajului-inregistrat-la-data-de-30-iunie-2018-la-nivelul-judetului-bistrita-nasaud","status":"publish","type":"post","link":"https:\/\/www.anofm.ro\/bistrita-nasaud\/situatia-statistica-a-somajului-inregistrat-la-data-de-30-iunie-2018-la-nivelul-judetului-bistrita-nasaud\/","title":{"rendered":"Situa\u0163ia statistic\u0103 a \u015fomajului \u00eenregistrat la data de 30 iunie 2018 la nivelul jude\u0163ului Bistri\u0163a \u2013 N\u0103s\u0103ud"},"content":{"rendered":"<p><a href=\"\/upload\/1104\/rata_somajului_iunie_2018.pdf\">rata_somajului_iunie_2018.pdf<\/a> <\/p>\n","protected":false},"excerpt":{"rendered":"<p>statistica,somaj,30iunie 2018,<\/p>\n","protected":false},"author":0,"featured_media":0,"comment_status":"closed","ping_status":"closed","sticky":false,"template":"","format":"standard","meta":{"footnotes":""},"categories":[9],"tags":[],"class_list":["post-18","post","type-post","status-publish","format-standard","hentry","category-comunicate-de-presa"],"_links":{"self":[{"href":"https:\/\/www.anofm.ro\/bistrita-nasaud\/wp-json\/wp\/v2\/posts\/18","targetHints":{"allow":["GET"]}}],"collection":[{"href":"https:\/\/www.anofm.ro\/bistrita-nasaud\/wp-json\/wp\/v2\/posts"}],"about":[{"href":"https:\/\/www.anofm.ro\/bistrita-nasaud\/wp-json\/wp\/v2\/types\/post"}],"replies":[{"embeddable":true,"href":"https:\/\/www.anofm.ro\/bistrita-nasaud\/wp-json\/wp\/v2\/comments?post=18"}],"version-history":[{"count":0,"href":"https:\/\/www.anofm.ro\/bistrita-nasaud\/wp-json\/wp\/v2\/posts\/18\/revisions"}],"wp:attachment":[{"href":"https:\/\/www.anofm.ro\/bistrita-nasaud\/wp-json\/wp\/v2\/media?parent=18"}],"wp:term":[{"taxonomy":"category","embeddable":true,"href":"https:\/\/www.anofm.ro\/bistrita-nasaud\/wp-json\/wp\/v2\/categories?post=18"},{"taxonomy":"post_tag","embeddable":true,"href":"https:\/\/www.anofm.ro\/bistrita-nasaud\/wp-json\/wp\/v2\/tags?post=18"}],"curies":[{"name":"wp","href":"https:\/\/api.w.org\/{rel}","templated":true}]}}