{"id":177,"date":"2020-06-22T00:00:00","date_gmt":"2020-06-21T21:00:00","guid":{"rendered":"https:\/\/www.anofm.ro\/bistrita-nasaud\/1995-persoane-si-au-gasit-un-loc-de-munca-cu-sprijinul-ajofm-bistrita-nasaud\/"},"modified":"2020-06-22T00:00:00","modified_gmt":"2020-06-21T21:00:00","slug":"1995-persoane-si-au-gasit-un-loc-de-munca-cu-sprijinul-ajofm-bistrita-nasaud","status":"publish","type":"post","link":"https:\/\/www.anofm.ro\/bistrita-nasaud\/1995-persoane-si-au-gasit-un-loc-de-munca-cu-sprijinul-ajofm-bistrita-nasaud\/","title":{"rendered":"1995 persoane \u015fi-au g\u0103sit un loc de munc\u0103 cu sprijinul AJOFM Bistri\u0163a \u2013 N\u0103s\u0103ud"},"content":{"rendered":"<p class=\"MsoNormal\" style=\"margin-left:0in\"><b><span lang=\"RO\">\u00cen primele 5 luni ale<br \/>\nanului 2020,<\/span><\/b><span lang=\"RO\"> ca urmare a<br \/>\nimplement\u0103rii Programului Na\u0163ional de Ocupare a For\u0163ei de Munc\u0103, prin<br \/>\nintermediul AJOFM <\/span>Bistri\u0163a \u2013 N\u0103s\u0103ud<span> <span lang=\"RO\">au fost \u00eencadrate \u00een munc\u0103 1995 <span>\u00a0<\/span>persoane,<br \/>\ndintre care 879 femei. <\/span><\/span><span lang=\"RO\"><\/span><\/p>\n<p class=\"MsoNormal\" style=\"margin-left:0in\"><span lang=\"RO\">Din totalul persoanelor ocupate p\u00e2n\u0103 la data de<br \/>\nreferin\u021b\u0103, 781 au peste 45 de ani, 324 au v\u00e2rsta cuprins\u0103 \u00eentre 35 \u0219i 45 de<br \/>\nani, 492 au \u00eentre 25 \u0219i 35 de ani, iar 398 sunt tineri sub 25 de ani (199<br \/>\ntineri NEET).<\/span><span lang=\"RO\"><\/span><\/p>\n<p class=\"MsoNormal\" style=\"margin-left:0in\"><span lang=\"RO\">\u00cen func\u0163ie de<br \/>\nreziden\u0163\u0103, din totalul persoanelor \u00eencadrate \u00een munc\u0103, 676 provin din mediul<br \/>\nurban, iar 1319 persoane sunt din mediul rural.<\/p>\n<p><a href=\"\/upload\/12968\/ocupare_5_luni_2020_AJOFM_BN.pdf\">ocupare_5_luni_2020_AJOFM_BN.pdf<\/a> <\/p>\n<p><\/span><\/p>\n","protected":false},"excerpt":{"rendered":"<p>ocupare, incadrare in munca<\/p>\n","protected":false},"author":0,"featured_media":0,"comment_status":"closed","ping_status":"closed","sticky":false,"template":"","format":"standard","meta":{"footnotes":""},"categories":[18],"tags":[],"class_list":["post-177","post","type-post","status-publish","format-standard","hentry","category-programul-de-ocupare"],"_links":{"self":[{"href":"https:\/\/www.anofm.ro\/bistrita-nasaud\/wp-json\/wp\/v2\/posts\/177","targetHints":{"allow":["GET"]}}],"collection":[{"href":"https:\/\/www.anofm.ro\/bistrita-nasaud\/wp-json\/wp\/v2\/posts"}],"about":[{"href":"https:\/\/www.anofm.ro\/bistrita-nasaud\/wp-json\/wp\/v2\/types\/post"}],"replies":[{"embeddable":true,"href":"https:\/\/www.anofm.ro\/bistrita-nasaud\/wp-json\/wp\/v2\/comments?post=177"}],"version-history":[{"count":0,"href":"https:\/\/www.anofm.ro\/bistrita-nasaud\/wp-json\/wp\/v2\/posts\/177\/revisions"}],"wp:attachment":[{"href":"https:\/\/www.anofm.ro\/bistrita-nasaud\/wp-json\/wp\/v2\/media?parent=177"}],"wp:term":[{"taxonomy":"category","embeddable":true,"href":"https:\/\/www.anofm.ro\/bistrita-nasaud\/wp-json\/wp\/v2\/categories?post=177"},{"taxonomy":"post_tag","embeddable":true,"href":"https:\/\/www.anofm.ro\/bistrita-nasaud\/wp-json\/wp\/v2\/tags?post=177"}],"curies":[{"name":"wp","href":"https:\/\/api.w.org\/{rel}","templated":true}]}}