{"id":174,"date":"2020-06-09T00:00:00","date_gmt":"2020-06-08T21:00:00","guid":{"rendered":"https:\/\/www.anofm.ro\/bistrita-nasaud\/in-atentia-absolventilor-promotiei-2020\/"},"modified":"2020-06-09T00:00:00","modified_gmt":"2020-06-08T21:00:00","slug":"in-atentia-absolventilor-promotiei-2020","status":"publish","type":"post","link":"https:\/\/www.anofm.ro\/bistrita-nasaud\/in-atentia-absolventilor-promotiei-2020\/","title":{"rendered":"\u00cen aten\u0163ia absolven\u0163ilor promo\u0163iei 2020"},"content":{"rendered":"<p><\/p>\n<p><font style=\"font-size: 12px\" face=\"Trebuchet MS\"><b>Agen\u0163ia Jude\u021bean\u0103 pentru Ocuparea For\u0163ei de<br \/>\nMunc\u0103 Bistri\u0163a \u2013 N\u0103s\u0103ud<\/b> informeaz\u0103 absolven\u0163ii promo\u0163iei 2020 c\u0103, \u00een termen<br \/>\nde 60 de zile de la absolvire, sunt a\u015ftepta\u0163i s\u0103 se \u00eenregistreze \u00een eviden\u0163ele<br \/>\ninstitu\u0163iei pentru a beneficia de toate serviciile puse la dispozi\u0163ie de AJOFM<br \/>\nBistri\u0163a \u2013 N\u0103s\u0103ud \u00een scopul integr\u0103rii acestora pe pia\u0163a for\u0163ei de munc\u0103. <\/p>\n<p><\/font><\/p>\n<p class=\"Default\" style=\"text-align:justify\"><font style=\"font-size: 12px\" face=\"Trebuchet MS\">Preciz\u0103m<br \/>\nc\u0103 \u00eenregistrarea ca persoan\u0103 aflat\u0103 \u00een c\u0103utarea unui loc de munc\u0103 este o etap\u0103<br \/>\nprealabil\u0103 \u0219i obligatorie \u00een vederea ob\u021binerii facilit\u0103\u021bilor acordate potrivit<br \/>\nLegii nr. 76\/2002 privind sistemul asigur\u0103rilor pentru \u0219omaj \u0219i stimularea<br \/>\nocup\u0103rii for\u021bei de munc\u0103. <\/font><\/p>\n<p><font style=\"font-size: 12px\" face=\"Trebuchet MS\"><\/p>\n<p><\/font><\/p>\n<p class=\"Default\" style=\"text-align:justify\"><font style=\"font-size: 12px\" face=\"Trebuchet MS\">Astfel,<br \/>\nabsolven\u0163ii institu\u021biilor de \u00eenv\u0103\u021b\u0103m\u00e2nt care se \u00eenregistreaz\u0103 \u00een eviden\u0163ele<br \/>\nAJOFM Bistri\u0163a \u2013 N\u0103s\u0103ud ca persoane aflate \u00een c\u0103utarea unui loc de munc\u0103,<br \/>\nbeneficiaz\u0103 de, servicii de informare \u015fi consiliere profesional\u0103, medierea<br \/>\nmuncii, servicii gratuite de formare profesional\u0103, precum \u0219i de facilit\u0103\u021bi<br \/>\nfinanciare. <\/font><\/p>\n<p><font style=\"font-size: 12px\" face=\"Trebuchet MS\"><\/p>\n<p><\/font><\/p>\n<p class=\"MsoNormal\" style=\"margin-left:0in\"><font style=\"font-size: 12px\" face=\"Trebuchet MS\"><span style=\"font-size:12.0pt;line-height:115%\">Actele necesare pentru \u00eenregistrarea absolven\u021bilor \u00een<br \/>\neviden\u0163ele AJOFM Bistri\u0163a \u2013 N\u0103s\u0103ud ca persoane aflate \u00een c\u0103utarea unui loc de<br \/>\nmunc\u0103, sunt:<\/span><\/font><\/p>\n<p><font style=\"font-size: 12px\" face=\"Trebuchet MS\"><\/p>\n<p><\/font><\/p>\n<p class=\"Default\" style=\"margin-left:39.75pt;text-align:justify;text-indent:-.25in\"><font style=\"font-size: 12px\" face=\"Trebuchet MS\"><span>\u00b7<span style=\"font-style: normal;font-variant: normal;font-weight: normal;font-size: 7pt;line-height: normal\">\u00a0\u00a0\u00a0\u00a0<br \/>\n<\/span><\/span>Actul de identitate; <\/font><\/p>\n<p><font style=\"font-size: 12px\" face=\"Trebuchet MS\"><\/p>\n<p><\/font><\/p>\n<p class=\"Default\" style=\"margin-left:39.75pt;text-align:justify;text-indent:-.25in\"><font style=\"font-size: 12px\" face=\"Trebuchet MS\"><span>\u00b7<span style=\"font-style: normal;font-variant: normal;font-weight: normal;font-size: 7pt;line-height: normal\">\u00a0\u00a0\u00a0\u00a0<br \/>\n<\/span><\/span>Diploma de absolvire sau adeverin\u0163a din care s\u0103<br \/>\nrezulte data absolvirii; <\/font><\/p>\n<p><font style=\"font-size: 12px\" face=\"Trebuchet MS\"><\/p>\n<p><\/font><\/p>\n<p class=\"Default\" style=\"margin-left:39.75pt;text-align:justify;text-indent:-.25in\"><font style=\"font-size: 12px\" face=\"Trebuchet MS\"><span>\u00b7<span style=\"font-style: normal;font-variant: normal;font-weight: normal;font-size: 7pt;line-height: normal\">\u00a0\u00a0\u00a0\u00a0<br \/>\n<\/span><\/span>CV;\u00a0 <a href=\"\/upload\/12833\/CV_eu.doc\">CV_eu.doc<\/a> <br \/><\/font><\/p>\n<p><font style=\"font-size: 12px\" face=\"Trebuchet MS\"><\/p>\n<p><\/font><\/p>\n<p class=\"Default\" style=\"margin-left:39.75pt;text-align:justify;text-indent:-.25in\"><font style=\"font-size: 12px\" face=\"Trebuchet MS\"><span>\u00b7<span style=\"font-style: normal;font-variant: normal;font-weight: normal;font-size: 7pt;line-height: normal\">\u00a0 <\/span><\/span>Declara<span lang=\"RO\">\u0163<\/span>ie pe proprie r\u0103spundere \u2013 privind starea de s\u0103n\u0103tate \u2013 formular tipizat; <a href=\"\/upload\/12833\/declaratie_medic.docx\">declaratie_medic.docx<\/a> <br \/><\/font><\/p>\n<p><font style=\"font-size: 12px\" face=\"Trebuchet MS\"><\/p>\n<p><\/font><\/p>\n<p class=\"Default\" style=\"margin-left:39.75pt;text-align:justify;text-indent:-.25in\"><font style=\"font-size: 12px\" face=\"Trebuchet MS\"><span>\u00b7<span style=\"font-style: normal;font-variant: normal;font-weight: normal;font-size: 7pt;line-height: normal\">\u00a0\u00a0\u00a0 <\/span><\/span>Acord de utilizare a datelor cu caracter<br \/>\npersonal &#8211; formular tipizat; <a href=\"\/upload\/12833\/ACORD_GDPR_2020.docx\">ACORD_GDPR_2020.docx<\/a> <br \/><\/font><\/p>\n<p><font style=\"font-size: 12px\" face=\"Trebuchet MS\"><\/p>\n<p><\/font><\/p>\n<p class=\"Default\" style=\"margin-left:39.75pt;text-align:justify;text-indent:-.25in\"><font style=\"font-size: 12px\" face=\"Trebuchet MS\"><span>\u00b7<span style=\"font-style: normal;font-variant: normal;font-weight: normal;font-size: 7pt;line-height: normal\">\u00a0\u00a0\u00a0 <\/span><\/span>Cerere de mediere\/consiliere &#8211; formular tipizat; <a href=\"\/upload\/12833\/Cerere_mediecreconsiliere.doc\">Cerere_mediecreconsiliere.doc<\/a> <br \/><\/font><\/p>\n<p><font style=\"font-size: 12px\" face=\"Trebuchet MS\"><\/p>\n<p><\/font><\/p>\n<p class=\"Default\" style=\"margin-left:39.75pt;text-align:justify;text-indent:-.25in\"><font style=\"font-size: 12px\" face=\"Trebuchet MS\"><span>\u00b7<span style=\"font-style: normal;font-variant: normal;font-weight: normal;font-size: 7pt;line-height: normal\">\u00a0\u00a0\u00a0 <\/span><\/span>Declara\u0163ie pe proprie r\u0103spundere \u2013 absolventul<br \/>\nnu urmeaz\u0103 o form\u0103 de \u00eenv\u0103\u0163\u0103m\u00e2nt la data \u00eenregistr\u0103rii &#8211; formular tipizat; <a href=\"\/upload\/12833\/D_E_C_L_A_R_A_T_I_E_nu_urmez_o_forma_de_inv.docx\">D_E_C_L_A_R_A_T_I_E_nu_urmez_o_forma_de_inv.docx<\/a> <br \/><\/font><\/p>\n<p><font style=\"font-size: 12px\" face=\"Trebuchet MS\"><\/p>\n<p><\/font><\/p>\n<p class=\"Default\" style=\"margin-left:39.75pt;text-align:justify;text-indent:-.25in\"><font style=\"font-size: 12px\" face=\"Trebuchet MS\"><span>\u00b7<span style=\"font-style: normal;font-variant: normal;font-weight: normal;font-size: 7pt;line-height: normal\"> <\/span><\/span>Chestionar de evaluare a intereselor &#8211; formular tipizat; <a href=\"\/upload\/12833\/CHESTIONAR_DE_EVALUARE_A_INTERESELOR.docx\">CHESTIONAR_DE_EVALUARE_A_INTERESELOR.docx<\/a><\/font><\/p>\n<\/p>\n<p class=\"Default\" style=\"text-align:justify\"><font style=\"font-size: 12px\" face=\"Trebuchet MS\">Formularele<br \/>\ntipizate se g\u0103sesc pe site-ul institu\u0163iei <a href=\"http:\/\/www.anofm.ro\">www.anofm.ro<\/a>\/AJOFM<br \/>\nBistrita-Nasaud, la Rubrica <b>Comunicare\/Comunicate<br \/>\nde pres\u0103\/<\/b> <b>\u00cen aten\u0163ia absolven\u0163ilor promo\u0163iei 2020.<\/b><\/font><\/p>\n<p><font style=\"font-size: 12px\" face=\"Trebuchet MS\"><\/p>\n<p><\/font><\/p>\n<p class=\"Default\" style=\"text-align:justify\"><font style=\"font-size: 12px\" face=\"Trebuchet MS\">\u00a0<\/font><\/p>\n<p><font style=\"font-size: 12px\" face=\"Trebuchet MS\"><\/p>\n<p><\/font><\/p>\n<p class=\"MsoNormal\" style=\"margin-left:0in\"><font style=\"font-size: 12px\" face=\"Trebuchet MS\"><span style=\"font-size:12.0pt;line-height:115%\">Prin absolvent al unei institu\u0163ii de \u00eenv\u0103\u0163\u0103m\u00e2nt se \u00een\u0163elege<br \/>\npersoana care a ob\u0163inut o diplom\u0103 sau un certificat de studii, \u00een condi\u0163iile<br \/>\nlegii, \u00een una dintre institu\u0163iile de \u00eenv\u0103\u0163\u0103m\u00e2nt gimnazial, profesional,<br \/>\nspecial, liceal, postliceal sau superior, de stat ori particular, autorizat sau<br \/>\nacreditat \u00een condi\u0163iile legii. <\/span><\/font><\/p>\n<p><font style=\"font-size: 12px\" face=\"Trebuchet MS\"><\/p>\n<p><\/font><\/p>\n<p class=\"MsoNormal\" style=\"margin-left:0in\"><font style=\"font-size: 12px\" face=\"Trebuchet MS\"><span style=\"font-size:12.0pt;line-height:115%\">\u00cen cazul absolven\u0163ilor de liceu, indiferent dac\u0103 a fost sau<br \/>\nnu promovat examenul de Bacalaureat, termenul de 60 de zile \u00eencepe pe 01 iunie<br \/>\n2020, potrivit prevederilor Ordinului nr. 3191\/2019 din 20 februarie 2019 al<br \/>\nMinistrului Educa\u0163iei Na\u021bionale conform c\u0103ruia. <\/span><\/font><\/p>\n<p><font style=\"font-size: 12px\" face=\"Trebuchet MS\"><\/p>\n<p><\/font><\/p>\n<p class=\"MsoNormal\" style=\"margin-left:0in\"><font style=\"font-size: 12px\" face=\"Trebuchet MS\"><span style=\"font-size:12.0pt;line-height:115%\">Elevii care nu au situa\u0163ia \u0219colar\u0103 \u00eencheiat\u0103 la toate<br \/>\nmateriile, se pot \u00eenregistra \u00een eviden\u021bele agen\u021biei \u00een termen de 60 de zile de<br \/>\nla data promov\u0103rii examenului de corigen\u021b\u0103, data \u00eenscris\u0103 \u00een adeverin\u0163a<br \/>\neliberat\u0103 de institu\u0163ia de \u00eenv\u0103\u0163\u0103m\u00e2nt. <\/span><\/font><\/p>\n<p><font style=\"font-size: 12px\" face=\"Trebuchet MS\"><\/p>\n<p><\/font><\/p>\n<p class=\"MsoNormal\" style=\"margin-left:0in\"><font style=\"font-size: 12px\" face=\"Trebuchet MS\"><b>Agen\u021bia<br \/>\nJude\u021bean\u0103 pentru Ocuparea For\u021bei de Munc\u0103 Bistri\u0163a \u2013 N\u0103s\u0103ud<\/b><\/font><\/p>\n<p class=\"MsoNormal\" style=\"margin-left:0in\"><b>\u00a0<br \/><\/b><\/p>\n<p class=\"MsoNormal\" style=\"margin-left:0in;line-height:150%\">Otilia R\u00e2pan<\/p>\n<p class=\"MsoNormal\" style=\"margin-left:0in\">Director Executiv<\/p>\n<\/p>\n<p class=\"Default\" style=\"margin-left:39.75pt;text-align:justify;text-indent:-.25in\"><\/p>\n","protected":false},"excerpt":{"rendered":"<p>absolventi 2020<\/p>\n","protected":false},"author":0,"featured_media":0,"comment_status":"closed","ping_status":"closed","sticky":false,"template":"","format":"standard","meta":{"footnotes":""},"categories":[9],"tags":[],"class_list":["post-174","post","type-post","status-publish","format-standard","hentry","category-comunicate-de-presa"],"_links":{"self":[{"href":"https:\/\/www.anofm.ro\/bistrita-nasaud\/wp-json\/wp\/v2\/posts\/174","targetHints":{"allow":["GET"]}}],"collection":[{"href":"https:\/\/www.anofm.ro\/bistrita-nasaud\/wp-json\/wp\/v2\/posts"}],"about":[{"href":"https:\/\/www.anofm.ro\/bistrita-nasaud\/wp-json\/wp\/v2\/types\/post"}],"replies":[{"embeddable":true,"href":"https:\/\/www.anofm.ro\/bistrita-nasaud\/wp-json\/wp\/v2\/comments?post=174"}],"version-history":[{"count":0,"href":"https:\/\/www.anofm.ro\/bistrita-nasaud\/wp-json\/wp\/v2\/posts\/174\/revisions"}],"wp:attachment":[{"href":"https:\/\/www.anofm.ro\/bistrita-nasaud\/wp-json\/wp\/v2\/media?parent=174"}],"wp:term":[{"taxonomy":"category","embeddable":true,"href":"https:\/\/www.anofm.ro\/bistrita-nasaud\/wp-json\/wp\/v2\/categories?post=174"},{"taxonomy":"post_tag","embeddable":true,"href":"https:\/\/www.anofm.ro\/bistrita-nasaud\/wp-json\/wp\/v2\/tags?post=174"}],"curies":[{"name":"wp","href":"https:\/\/api.w.org\/{rel}","templated":true}]}}