{"id":17,"date":"2018-11-12T00:00:00","date_gmt":"2018-11-11T22:00:00","guid":{"rendered":"https:\/\/www.anofm.ro\/bistrita-nasaud\/rezultate-la-incadrarea-in-munca-a-elevilor-si-studentilor-pe-perioada-vacantei-de-vara\/"},"modified":"2018-11-12T00:00:00","modified_gmt":"2018-11-11T22:00:00","slug":"rezultate-la-incadrarea-in-munca-a-elevilor-si-studentilor-pe-perioada-vacantei-de-vara","status":"publish","type":"post","link":"https:\/\/www.anofm.ro\/bistrita-nasaud\/rezultate-la-incadrarea-in-munca-a-elevilor-si-studentilor-pe-perioada-vacantei-de-vara\/","title":{"rendered":"Rezultate, la \u00eencadrarea \u00een munc\u0103 a elevilor \u015fi studen\u0163ilor pe perioada vacan\u0163ei de var\u0103"},"content":{"rendered":"<p><a href=\"\/upload\/1103\/rezultate_incadrare_elevi_si_studenti_iulie_2018.pdf\">rezultate_incadrare_elevi_si_studenti_iulie_2018.pdf<\/a> <\/p>\n","protected":false},"excerpt":{"rendered":"<p>rezultate,incadrare munca,elevi,studenti,vacanta de vara<\/p>\n","protected":false},"author":0,"featured_media":0,"comment_status":"closed","ping_status":"closed","sticky":false,"template":"","format":"standard","meta":{"footnotes":""},"categories":[9],"tags":[],"class_list":["post-17","post","type-post","status-publish","format-standard","hentry","category-comunicate-de-presa"],"_links":{"self":[{"href":"https:\/\/www.anofm.ro\/bistrita-nasaud\/wp-json\/wp\/v2\/posts\/17","targetHints":{"allow":["GET"]}}],"collection":[{"href":"https:\/\/www.anofm.ro\/bistrita-nasaud\/wp-json\/wp\/v2\/posts"}],"about":[{"href":"https:\/\/www.anofm.ro\/bistrita-nasaud\/wp-json\/wp\/v2\/types\/post"}],"replies":[{"embeddable":true,"href":"https:\/\/www.anofm.ro\/bistrita-nasaud\/wp-json\/wp\/v2\/comments?post=17"}],"version-history":[{"count":0,"href":"https:\/\/www.anofm.ro\/bistrita-nasaud\/wp-json\/wp\/v2\/posts\/17\/revisions"}],"wp:attachment":[{"href":"https:\/\/www.anofm.ro\/bistrita-nasaud\/wp-json\/wp\/v2\/media?parent=17"}],"wp:term":[{"taxonomy":"category","embeddable":true,"href":"https:\/\/www.anofm.ro\/bistrita-nasaud\/wp-json\/wp\/v2\/categories?post=17"},{"taxonomy":"post_tag","embeddable":true,"href":"https:\/\/www.anofm.ro\/bistrita-nasaud\/wp-json\/wp\/v2\/tags?post=17"}],"curies":[{"name":"wp","href":"https:\/\/api.w.org\/{rel}","templated":true}]}}