{"id":156,"date":"2020-03-20T00:00:00","date_gmt":"2020-03-19T22:00:00","guid":{"rendered":"https:\/\/www.anofm.ro\/bistrita-nasaud\/posibilitatea-inregistrarii-dosarelor-de-acordare-a-indemnizatiei-de-somaj-on-line\/"},"modified":"2020-03-20T00:00:00","modified_gmt":"2020-03-19T22:00:00","slug":"posibilitatea-inregistrarii-dosarelor-de-acordare-a-indemnizatiei-de-somaj-on-line","status":"publish","type":"post","link":"https:\/\/www.anofm.ro\/bistrita-nasaud\/posibilitatea-inregistrarii-dosarelor-de-acordare-a-indemnizatiei-de-somaj-on-line\/","title":{"rendered":"Posibilitatea \u00eenregistr\u0103rii dosarelor de acordare a indemniza\u0163iei de \u015fomaj on-line"},"content":{"rendered":"<p class=\"MsoNormal\" style=\"margin-left:0in\"><b>Comunicat<br \/>\nde pres\u0103<\/b><\/p>\n<p class=\"MsoNormal\" style=\"margin-left:0in\"><b>Posibilitatea<br \/>\n\u00eenregistr\u0103rii dosarelor de acordare a indemniza\u0163iei de \u015fomaj on-line<\/b><\/p>\n<p class=\"MsoNormal\" style=\"margin:0in;margin-bottom:.0001pt;line-height:150%\">\u00a0<\/p>\n<p class=\"MsoNormal\" style=\"margin:0in;margin-bottom:.0001pt;line-height:150%\">Av\u00e2nd<br \/>\n\u00een vedere starea de urgen\u0163\u0103 declarat\u0103 \u00een prevenirea r\u0103sp\u00e2ndirii coronavirsului<br \/>\nCOVID19, pentru simplificarea procesului de \u00eenregistrare a <b>dosarelor de acordare a indemniza\u0163iei de \u015fomaj<\/b> de c\u0103tre <b><span lang=\"RO\">AJOFM <\/span><\/b><b>Bistri\u0163a<br \/>\n\u2013 N\u0103s\u0103ud<\/b> , v\u0103 aducem la cuno\u015ftin\u0163\u0103 urm\u0103toarele: <a href=\"\/upload\/11534\/posibilitate_inregistrare_dosare_somaj_on%20line_2020_AJOFM_BN.pdf\">posibilitate_inregistrare_dosare_somaj_on+line_2020_AJOFM_BN.pdf<\/a> <\/p>\n","protected":false},"excerpt":{"rendered":"<p>somaj, dosare inregistrare<\/p>\n","protected":false},"author":0,"featured_media":0,"comment_status":"closed","ping_status":"closed","sticky":false,"template":"","format":"standard","meta":{"footnotes":""},"categories":[9],"tags":[],"class_list":["post-156","post","type-post","status-publish","format-standard","hentry","category-comunicate-de-presa"],"_links":{"self":[{"href":"https:\/\/www.anofm.ro\/bistrita-nasaud\/wp-json\/wp\/v2\/posts\/156","targetHints":{"allow":["GET"]}}],"collection":[{"href":"https:\/\/www.anofm.ro\/bistrita-nasaud\/wp-json\/wp\/v2\/posts"}],"about":[{"href":"https:\/\/www.anofm.ro\/bistrita-nasaud\/wp-json\/wp\/v2\/types\/post"}],"replies":[{"embeddable":true,"href":"https:\/\/www.anofm.ro\/bistrita-nasaud\/wp-json\/wp\/v2\/comments?post=156"}],"version-history":[{"count":0,"href":"https:\/\/www.anofm.ro\/bistrita-nasaud\/wp-json\/wp\/v2\/posts\/156\/revisions"}],"wp:attachment":[{"href":"https:\/\/www.anofm.ro\/bistrita-nasaud\/wp-json\/wp\/v2\/media?parent=156"}],"wp:term":[{"taxonomy":"category","embeddable":true,"href":"https:\/\/www.anofm.ro\/bistrita-nasaud\/wp-json\/wp\/v2\/categories?post=156"},{"taxonomy":"post_tag","embeddable":true,"href":"https:\/\/www.anofm.ro\/bistrita-nasaud\/wp-json\/wp\/v2\/tags?post=156"}],"curies":[{"name":"wp","href":"https:\/\/api.w.org\/{rel}","templated":true}]}}