{"id":152,"date":"2020-03-16T00:00:00","date_gmt":"2020-03-15T22:00:00","guid":{"rendered":"https:\/\/www.anofm.ro\/bistrita-nasaud\/anunt-in-vederea-reducerii-riscului-de-transmitere-a-coronavirusului-covid19-exportul-prestatiei-de-somaj-din-una-din-tarile-ue-catre-romania\/"},"modified":"2020-03-16T00:00:00","modified_gmt":"2020-03-15T22:00:00","slug":"anunt-in-vederea-reducerii-riscului-de-transmitere-a-coronavirusului-covid19-exportul-prestatiei-de-somaj-din-una-din-tarile-ue-catre-romania","status":"publish","type":"post","link":"https:\/\/www.anofm.ro\/bistrita-nasaud\/anunt-in-vederea-reducerii-riscului-de-transmitere-a-coronavirusului-covid19-exportul-prestatiei-de-somaj-din-una-din-tarile-ue-catre-romania\/","title":{"rendered":"ANUN\u0162 \u00ceN VEDEREA REDUCERII RISCULUI DE TRANSMITERE A CORONAVIRUSULUI COVID19 (exportul presta\u021biei de \u0219omaj din una din \u021b\u0103rile UE catre Romania)"},"content":{"rendered":"<p><font style=\"font-size: 12px\">ANUN\u0162 \u00ceN VEDEREA REDUCERII RISCULUI DE TRANSMITERE A CORONAVIRUSULUI COVID19 <br \/><\/font><\/p>\n<p><font style=\"font-size: 12px\"><\/p>\n<p><\/font><\/p>\n<p style=\"margin-left:.5in;text-align:justify\"><font style=\"font-size: 12px\"><b><span style=\"font-family:\">AJOFM<br \/>\nBistri\u0163a \u2013 N\u0103s\u0103ud informeaz\u0103 urm\u0103toarele:<\/span><\/b><\/font><\/p>\n<p><font style=\"font-size: 12px\"><\/p>\n<p><\/font><\/p>\n<p class=\"MsoNormal\" style=\"margin-left:.5in\"><font style=\"font-size: 12px\"><span style=\"font-size:12.0pt;line-height:115%\">Persoanele care beneficiaz\u0103 de exportul presta\u021biei de \u0219omaj<br \/>\ndin una din \u021b\u0103rile UE, iar \u00een momentul \u00eentoarcerii \u00een \u021bar\u0103 intra \u00een situa\u021bia de<br \/>\nizolare la domiciliu\/carantin\u0103, pentru respectarea termenului de 7 zile \u00een care<br \/>\ntrebuie s\u0103 se \u00eenscrie \u00een baza de date a AJOFM Bistri\u0163a \u2013 N\u0103s\u0103ud ca persoan\u0103 \u00een<br \/>\nc\u0103utare de loc de munc\u0103, termen prev\u0103zut de regulamentele europene privind<br \/>\nsecuritatea social\u0103 a lucr\u0103torilor migran\u021bi, ace\u0219tia vor transmite documentele<br \/>\nnecesare \u00eenscrierii (carte de identitate, act de studii \u0219i formularul U2) prin<br \/>\ne-mail, prin po\u0219t\u0103 sau prin fax la adresele: <\/span><\/font><\/p>\n<p><font style=\"font-size: 12px\"><\/p>\n<p><\/font><\/p>\n<p class=\"MsoNormal\" style=\"margin-left:0in;text-indent:.5in\"><font style=\"font-size: 12px\"><span style=\"font-size:12.0pt;line-height:115%\">Pentru zona Bistri\u0163a: <\/span><\/font><\/p>\n<p><font style=\"font-size: 12px\"><\/p>\n<p><\/font><\/p>\n<p class=\"MsoNormal\" style=\"margin-left:.5in\"><font style=\"font-size: 12px\"><span style=\"font-size:12.0pt;line-height:115%\">Mail: <a href=\"mailto:adina.preda@bn.anofm.ro\">adina.preda@bn.anofm.ro<\/a><br \/>\n\u015fi <a href=\"mailto:liana.volcov@bn.anofm.ro\">liana.volcov@bn.anofm.ro<\/a> , po\u0219t\u0103<br \/>\nla adresa agen\u021biei din Bistri\u0163a, str. G\u0103rii, nr. 2-4, sau fax la num\u0103rul<br \/>\n0263-236296, urm\u00e2nd ca atunci c\u00e2nd nu se vor mai afla \u00een situa\u021bia de izolare la<br \/>\ndomiciliu\/carantin\u0103 s\u0103 se prezinte personal la sediul AJOFM Bistri\u0163a \u2013 N\u0103s\u0103ud<br \/>\ncu documentele \u00een original.<\/span><\/font><\/p>\n<p><font style=\"font-size: 12px\"><\/p>\n<p><\/font><\/p>\n<p class=\"MsoNormal\" style=\"margin-left:0in;text-indent:.5in\"><font style=\"font-size: 12px\"><span style=\"font-size:12.0pt;line-height:115%\">Pentru zona N\u0103s\u0103ud: <\/span><\/font><\/p>\n<p><font style=\"font-size: 12px\"><\/p>\n<p><\/font><\/p>\n<p class=\"MsoNormal\" style=\"margin-left:.5in\"><font style=\"font-size: 12px\"><span style=\"font-size:12.0pt;line-height:115%\">Mail: <a href=\"mailto:ioan.rus@bnl.anofm.ro\">ioan.rus@bnl.anofm.ro<\/a><br \/>\n, po\u0219t\u0103 la adresa Punct de lucru N\u0103s\u0103ud, str. Mihai Eminescu, nr.1, fax:<br \/>\n0263-364001;<\/span><\/font><\/p>\n<p><font style=\"font-size: 12px\"><\/p>\n<p><\/font><\/p>\n<p style=\"margin-left:.5in;text-align:justify\"><font style=\"font-size: 12px\"><span style=\"font-family:\">De asemenea, persoanele care<br \/>\nsolicita eliberare de formulare europene U1, U006, ace\u0219tia vor transmite<br \/>\ndocumentele necesare eliberarii prin mail, fax sau po\u015ft\u0103 la acelea\u015fi adrese.<\/span><\/font><\/p>\n<p><font style=\"font-size: 12px\"><\/p>\n<p><\/font><\/p>\n<p style=\"text-align:justify;text-indent:.5in\"><font style=\"font-size: 12px\"><span style=\"font-family:\">NUMERE DE TELEFON \u015fi persoane<br \/>\nde contact la care pute\u0163i apela sunt:<\/span><\/font><\/p>\n<p><font style=\"font-size: 12px\"><\/p>\n<p><\/font><\/p>\n<p style=\"margin-left:.5in;text-align:justify\"><font style=\"font-size: 12px\"><span style=\"font-family:\">AJOFM Bistri\u0163a \u2013 N\u0103s\u0103ud: Bistri\u0163a<br \/>\n0263-236296, 0263-236295, INT.208, Preda Adina 0752058450, Liana Volcov \u015fi<br \/>\nPunct de lucru N\u0103s\u0103ud: 0263-364001, Rus Ioan Marinel 0752058456.<\/span><\/font><\/p>\n","protected":false},"excerpt":{"rendered":"<p>masuri protectie, coronavirus<\/p>\n","protected":false},"author":0,"featured_media":0,"comment_status":"closed","ping_status":"closed","sticky":false,"template":"","format":"standard","meta":{"footnotes":""},"categories":[9],"tags":[],"class_list":["post-152","post","type-post","status-publish","format-standard","hentry","category-comunicate-de-presa"],"_links":{"self":[{"href":"https:\/\/www.anofm.ro\/bistrita-nasaud\/wp-json\/wp\/v2\/posts\/152","targetHints":{"allow":["GET"]}}],"collection":[{"href":"https:\/\/www.anofm.ro\/bistrita-nasaud\/wp-json\/wp\/v2\/posts"}],"about":[{"href":"https:\/\/www.anofm.ro\/bistrita-nasaud\/wp-json\/wp\/v2\/types\/post"}],"replies":[{"embeddable":true,"href":"https:\/\/www.anofm.ro\/bistrita-nasaud\/wp-json\/wp\/v2\/comments?post=152"}],"version-history":[{"count":0,"href":"https:\/\/www.anofm.ro\/bistrita-nasaud\/wp-json\/wp\/v2\/posts\/152\/revisions"}],"wp:attachment":[{"href":"https:\/\/www.anofm.ro\/bistrita-nasaud\/wp-json\/wp\/v2\/media?parent=152"}],"wp:term":[{"taxonomy":"category","embeddable":true,"href":"https:\/\/www.anofm.ro\/bistrita-nasaud\/wp-json\/wp\/v2\/categories?post=152"},{"taxonomy":"post_tag","embeddable":true,"href":"https:\/\/www.anofm.ro\/bistrita-nasaud\/wp-json\/wp\/v2\/tags?post=152"}],"curies":[{"name":"wp","href":"https:\/\/api.w.org\/{rel}","templated":true}]}}