{"id":149,"date":"2020-02-27T00:00:00","date_gmt":"2020-02-26T22:00:00","guid":{"rendered":"https:\/\/www.anofm.ro\/bistrita-nasaud\/239-persoane-si-au-gasit-un-loc-de-munca-cu-sprijinul-ajofm-bistrita-nasaud-luna-ianuarie-2020\/"},"modified":"2020-02-27T00:00:00","modified_gmt":"2020-02-26T22:00:00","slug":"239-persoane-si-au-gasit-un-loc-de-munca-cu-sprijinul-ajofm-bistrita-nasaud-luna-ianuarie-2020","status":"publish","type":"post","link":"https:\/\/www.anofm.ro\/bistrita-nasaud\/239-persoane-si-au-gasit-un-loc-de-munca-cu-sprijinul-ajofm-bistrita-nasaud-luna-ianuarie-2020\/","title":{"rendered":"239 persoane \u015fi-au g\u0103sit un loc de munc\u0103 cu sprijinul AJOFM Bistri\u0163a \u2013 N\u0103s\u0103ud &#8211; luna ianuarie 2020"},"content":{"rendered":"<p><a href=\"\/upload\/11101\/ocupare_luna_ianuarie_2020_AJOFM_BN.pdf\">ocupare_luna_ianuarie_2020_AJOFM_BN.pdf<\/a> <\/p>\n","protected":false},"excerpt":{"rendered":"<p>program de ocupare, 2020<\/p>\n","protected":false},"author":0,"featured_media":0,"comment_status":"closed","ping_status":"closed","sticky":false,"template":"","format":"standard","meta":{"footnotes":""},"categories":[18],"tags":[],"class_list":["post-149","post","type-post","status-publish","format-standard","hentry","category-programul-de-ocupare"],"_links":{"self":[{"href":"https:\/\/www.anofm.ro\/bistrita-nasaud\/wp-json\/wp\/v2\/posts\/149","targetHints":{"allow":["GET"]}}],"collection":[{"href":"https:\/\/www.anofm.ro\/bistrita-nasaud\/wp-json\/wp\/v2\/posts"}],"about":[{"href":"https:\/\/www.anofm.ro\/bistrita-nasaud\/wp-json\/wp\/v2\/types\/post"}],"replies":[{"embeddable":true,"href":"https:\/\/www.anofm.ro\/bistrita-nasaud\/wp-json\/wp\/v2\/comments?post=149"}],"version-history":[{"count":0,"href":"https:\/\/www.anofm.ro\/bistrita-nasaud\/wp-json\/wp\/v2\/posts\/149\/revisions"}],"wp:attachment":[{"href":"https:\/\/www.anofm.ro\/bistrita-nasaud\/wp-json\/wp\/v2\/media?parent=149"}],"wp:term":[{"taxonomy":"category","embeddable":true,"href":"https:\/\/www.anofm.ro\/bistrita-nasaud\/wp-json\/wp\/v2\/categories?post=149"},{"taxonomy":"post_tag","embeddable":true,"href":"https:\/\/www.anofm.ro\/bistrita-nasaud\/wp-json\/wp\/v2\/tags?post=149"}],"curies":[{"name":"wp","href":"https:\/\/api.w.org\/{rel}","templated":true}]}}