{"id":141,"date":"2020-02-11T00:00:00","date_gmt":"2020-02-10T22:00:00","guid":{"rendered":"https:\/\/www.anofm.ro\/bistrita-nasaud\/607-locuri-de-munca-vacante-in-uniunea-europeana-sunt-oferite-la-aceasta-data-lucratorilor-romani-prin-intermediul-retelei-eures-romania\/"},"modified":"2020-02-11T00:00:00","modified_gmt":"2020-02-10T22:00:00","slug":"607-locuri-de-munca-vacante-in-uniunea-europeana-sunt-oferite-la-aceasta-data-lucratorilor-romani-prin-intermediul-retelei-eures-romania","status":"publish","type":"post","link":"https:\/\/www.anofm.ro\/bistrita-nasaud\/607-locuri-de-munca-vacante-in-uniunea-europeana-sunt-oferite-la-aceasta-data-lucratorilor-romani-prin-intermediul-retelei-eures-romania\/","title":{"rendered":"607 locuri de munc\u0103 vacante \u00een Uniunea European\u0103 sunt oferite la aceast\u0103 dat\u0103 lucr\u0103torilor rom\u00e2ni prin intermediul Re\u0163elei EURES Rom\u00e2nia"},"content":{"rendered":"<p class=\"MsoNormal\" style=\"margin-left: 8px;text-align: justify\"><span style=\"font-size:12.0pt;line-height:115%\">Ofertele de munc\u0103<span class=\"apple-converted-space\">\u00a0<\/span>provin din urm\u0103toarele \u0163\u0103ri: Belgia, Germania,<br \/>\nNorvegia, Olanda, Spania \u015fi Suedia, dup\u0103 cum urmeaz\u0103: <br \/><\/span><\/p>\n<p class=\"MsoNormal\" style=\"margin-left: 8px;text-align: justify\"><span style=\"font-size:12.0pt;line-height:115%\"><a href=\"\/upload\/10755\/oferta_munca_EURES_febr.20_1.pdf\">oferta_munca_EURES_febr.20_1.pdf<\/a>  <br \/><\/span><\/p>\n","protected":false},"excerpt":{"rendered":"<p>locuri de munc\u0103 vacante \u00een Uniunea European\u0103, Re\u0163eaua EURES Rom\u00e2nia<\/p>\n","protected":false},"author":0,"featured_media":0,"comment_status":"closed","ping_status":"closed","sticky":false,"template":"","format":"standard","meta":{"footnotes":""},"categories":[9],"tags":[],"class_list":["post-141","post","type-post","status-publish","format-standard","hentry","category-comunicate-de-presa"],"_links":{"self":[{"href":"https:\/\/www.anofm.ro\/bistrita-nasaud\/wp-json\/wp\/v2\/posts\/141","targetHints":{"allow":["GET"]}}],"collection":[{"href":"https:\/\/www.anofm.ro\/bistrita-nasaud\/wp-json\/wp\/v2\/posts"}],"about":[{"href":"https:\/\/www.anofm.ro\/bistrita-nasaud\/wp-json\/wp\/v2\/types\/post"}],"replies":[{"embeddable":true,"href":"https:\/\/www.anofm.ro\/bistrita-nasaud\/wp-json\/wp\/v2\/comments?post=141"}],"version-history":[{"count":0,"href":"https:\/\/www.anofm.ro\/bistrita-nasaud\/wp-json\/wp\/v2\/posts\/141\/revisions"}],"wp:attachment":[{"href":"https:\/\/www.anofm.ro\/bistrita-nasaud\/wp-json\/wp\/v2\/media?parent=141"}],"wp:term":[{"taxonomy":"category","embeddable":true,"href":"https:\/\/www.anofm.ro\/bistrita-nasaud\/wp-json\/wp\/v2\/categories?post=141"},{"taxonomy":"post_tag","embeddable":true,"href":"https:\/\/www.anofm.ro\/bistrita-nasaud\/wp-json\/wp\/v2\/tags?post=141"}],"curies":[{"name":"wp","href":"https:\/\/api.w.org\/{rel}","templated":true}]}}