{"id":134,"date":"2020-01-14T00:00:00","date_gmt":"2020-01-13T22:00:00","guid":{"rendered":"https:\/\/www.anofm.ro\/bistrita-nasaud\/programe-de-formare-profesionala-organizate-de-a-j-o-f-m-bistrita-nasaud-in-anul-2020\/"},"modified":"2020-01-14T00:00:00","modified_gmt":"2020-01-13T22:00:00","slug":"programe-de-formare-profesionala-organizate-de-a-j-o-f-m-bistrita-nasaud-in-anul-2020","status":"publish","type":"post","link":"https:\/\/www.anofm.ro\/bistrita-nasaud\/programe-de-formare-profesionala-organizate-de-a-j-o-f-m-bistrita-nasaud-in-anul-2020\/","title":{"rendered":"Programe de formare profesional\u0103 organizate de A.J.O.F.M. Bistri\u0163a &#8211; N\u0103s\u0103ud \u00een anul 2020"},"content":{"rendered":"<p>\u00a0\u00a0\u00a0\u00a0\u00a0\u00a0\u00a0\u00a0\u00a0\u00a0\u00a0\u00a0\u00a0\u00a0\u00a0\u00a0\u00a0\u00a0\u00a0\u00a0\u00a0\u00a0\u00a0\u00a0\u00a0\u00a0\u00a0\u00a0\u00a0\u00a0\u00a0\u00a0\u00a0\u00a0\u00a0\u00a0\u00a0\u00a0\u00a0\u00a0\u00a0\u00a0\u00a0\u00a0\u00a0\u00a0\u00a0\u00a0\u00a0\u00a0\u00a0\u00a0\u00a0\u00a0 <\/p>\n<p class=\"MsoNormal\" style=\"margin: 0in 0in 0.0001pt 20px;line-height: 150%;text-align: center\"><span style=\"font-size:12.0pt;line-height:150%\" lang=\"IT\">Programe de formare profesional\u0103<br \/>\norganizate de A.J.O.F.M. Bistri<\/span><span style=\"font-size:12.0pt;line-height:150%\" lang=\"RO\">\u0163<\/span><span style=\"font-size:12.0pt;line-height:150%\" lang=\"IT\">a &#8211; N\u0103s\u0103ud \u00een anul 2020<\/span><\/p>\n<p style=\"text-align: justify\">\n<ul>\n<li><b><span style=\"font-size:11.0pt;line-height:150%\" lang=\"PT-BR\">Agen\u0163ia<br \/>\nJude\u0163ean\u0103 pentru Ocuparea For\u0163ei de Munc\u0103 Bistri\u0163a \u2013 N\u0103s\u0103ud<span>\u00a0 <\/span><\/span><\/b><span style=\"font-size:11.0pt;line-height:150%\" lang=\"PT-BR\">va<b> <\/b>organiza in cursul anului 2020, prin Centrul propriu de Formare<br \/>\nProfesional\u0103, programe de formare profesional\u0103 gratuite pentru p<\/span><span style=\"font-size:11.0pt;line-height:150%\" lang=\"FR\">ersoanele<br \/>\naflate \u00een c\u0103utarea unui loc de munc\u0103 (\u015f<\/span><span style=\"font-size:11.0pt;line-height:150%\" lang=\"PT-BR\">omeri<br \/>\nindemniza\u0163i \u015fi neindemniza\u0163i).<\/span><\/li>\n<\/ul>\n<ul>\n<li><span style=\"font-size:11.0pt;line-height:150%\" lang=\"PT-BR\">\u00cen perioada urm\u0103toare se vor derula<br \/>\nprin C.F.P. Bistri\u0163a urm\u0103toarele programe de formare profesional\u0103: \u201cAdministrator<br \/>\npensiune turistica\u201d (Beclean), \u201cAgent de securitate\u201d (Bistri\u0163a) \u015fi \u201cBuc\u0103tar\u201d (Bistri\u0163a).<\/span><\/li>\n<\/ul>\n<ul>\n<li><span style=\"font-size:11.0pt;line-height:150%\" lang=\"PT-BR\">Planul de formare profesional\u0103 pentru<br \/>\nanul 2020 al <\/span><span style=\"font-size:11.0pt;line-height:150%\" lang=\"PT-BR\">Agen\u0163iei Jude\u0163ene pentru<br \/>\nOcuparea For\u0163ei de Munc\u0103 Bistri\u0163a \u2013 N\u0103s\u0103ud prevede organizarea a 40 de programe<br \/>\nde formare profesional\u0103, care s\u0103 cuprind\u0103 604 de \u015fomeri, \u00een 25 de ocupa\u0163ii:<\/span><i><span style=\"font-size:11.0pt;line-height:150%\" lang=\"FR\">&#8211; Administrator pensiune turistic<\/span><\/i><i><span style=\"font-size:11.0pt;line-height:150%\" lang=\"RO\">\u0103<\/span><\/i><i><span style=\"font-size:11.0pt;line-height:150%\" lang=\"FR\">; &#8211; <\/span><\/i><i><span style=\"font-size:11.0pt;line-height:150%\" lang=\"PT-BR\">Agent de<br \/>\ncur\u0103\u0163enie cl\u0103diri;<\/span><\/i><i><span style=\"font-size:11.0pt;line-height:150%\" lang=\"PT-BR\"> <\/span><\/i><i><span style=\"font-size:11.0pt;line-height:150%\" lang=\"PT-BR\">&#8211; Agent de securitate; &#8211; Baby sitter; &#8211; Buc\u0103tar; &#8211;<br \/>\nCoafor; &#8211; Cofetar; &#8211; Comunicare \u00een limba englez\u0103; &#8211; Comunicare \u00een limba rom\u00e2n\u0103;<br \/>\n&#8211; Contabil; &#8211; Formator; &#8211; Frizer; &#8211; \u00cengrijitor b\u0103tr\u00e2ni la domiciliu; &#8211;<br \/>\nInspector\/referent resurse umane; &#8211; Instalator instala\u0163ii tehnico sanitare \u015fi<br \/>\nde gaze; &#8211; Lucr\u0103tor \u00een comert; &#8211; Lucr\u0103tor \u00een cultura plantelor; &#8211; Lucr\u0103tor \u00een<br \/>\nstructuri pentru construc\u0163ii; &#8211; Manager proiect; &#8211; Manichiurist; &#8211; Operator<br \/>\nintroducere \u015fi validare date; &#8211; Osp\u0103tar(chelner); &#8211; Patiser; &#8211; Specialist \u00een<br \/>\ndomeniul SSM; &#8211; Stilist protezist pentru unghii.<\/span><\/i><\/li>\n<li><i><span style=\"font-size:11.0pt;line-height:150%\" lang=\"PT-BR\"><a href=\"\/upload\/10293\/formare_profesionala_ian.20.pdf\">formare_profesionala_ian.20.pdf<\/a> <br \/><\/span><\/i><\/li>\n<\/ul>\n<p class=\"MsoNormal\" style=\"margin: 0in 0in 0.0001pt 20px;line-height: 150%;text-align: center\"><span style=\"font-size:12.0pt;line-height:150%\" lang=\"IT\"><br \/><\/span><\/p>\n<p class=\"MsoNormal\" style=\"margin-top:0in;margin-right:0in;margin-bottom:0in;margin-left:-45.0pt;margin-bottom:.0001pt;line-height:150%\"><span style=\"font-size:12.0pt;line-height:150%\" lang=\"IT\">\u00a0<\/span><\/p>\n","protected":false},"excerpt":{"rendered":"<p>formare profesionala<\/p>\n","protected":false},"author":0,"featured_media":0,"comment_status":"closed","ping_status":"closed","sticky":false,"template":"","format":"standard","meta":{"footnotes":""},"categories":[9],"tags":[],"class_list":["post-134","post","type-post","status-publish","format-standard","hentry","category-comunicate-de-presa"],"_links":{"self":[{"href":"https:\/\/www.anofm.ro\/bistrita-nasaud\/wp-json\/wp\/v2\/posts\/134","targetHints":{"allow":["GET"]}}],"collection":[{"href":"https:\/\/www.anofm.ro\/bistrita-nasaud\/wp-json\/wp\/v2\/posts"}],"about":[{"href":"https:\/\/www.anofm.ro\/bistrita-nasaud\/wp-json\/wp\/v2\/types\/post"}],"replies":[{"embeddable":true,"href":"https:\/\/www.anofm.ro\/bistrita-nasaud\/wp-json\/wp\/v2\/comments?post=134"}],"version-history":[{"count":0,"href":"https:\/\/www.anofm.ro\/bistrita-nasaud\/wp-json\/wp\/v2\/posts\/134\/revisions"}],"wp:attachment":[{"href":"https:\/\/www.anofm.ro\/bistrita-nasaud\/wp-json\/wp\/v2\/media?parent=134"}],"wp:term":[{"taxonomy":"category","embeddable":true,"href":"https:\/\/www.anofm.ro\/bistrita-nasaud\/wp-json\/wp\/v2\/categories?post=134"},{"taxonomy":"post_tag","embeddable":true,"href":"https:\/\/www.anofm.ro\/bistrita-nasaud\/wp-json\/wp\/v2\/tags?post=134"}],"curies":[{"name":"wp","href":"https:\/\/api.w.org\/{rel}","templated":true}]}}