{"id":132,"date":"2020-01-13T00:00:00","date_gmt":"2020-01-12T22:00:00","guid":{"rendered":"https:\/\/www.anofm.ro\/bistrita-nasaud\/a-j-o-f-m-bistrita-nasaud-%c8%8bncepe-perioada-de-%c8%8bnregistrare-a-aplicatiilor-studentilor-care-doresc-sa-lucreze-%c8%8bn-germania-pe-perioada-vacantei-de-vara\/"},"modified":"2020-01-13T00:00:00","modified_gmt":"2020-01-12T22:00:00","slug":"a-j-o-f-m-bistrita-nasaud-%c8%8bncepe-perioada-de-%c8%8bnregistrare-a-aplicatiilor-studentilor-care-doresc-sa-lucreze-%c8%8bn-germania-pe-perioada-vacantei-de-vara","status":"publish","type":"post","link":"https:\/\/www.anofm.ro\/bistrita-nasaud\/a-j-o-f-m-bistrita-nasaud-%c8%8bncepe-perioada-de-%c8%8bnregistrare-a-aplicatiilor-studentilor-care-doresc-sa-lucreze-%c8%8bn-germania-pe-perioada-vacantei-de-vara\/","title":{"rendered":"A.J.O.F.M. Bistri\u0163a \u2013 N\u0103s\u0103ud \u020bncepe perioada de \u020bnregistrare a aplica\u021biilor studen\u021bilor  care doresc s\u0103 lucreze \u020bn Germania pe perioada vacan\u021bei de var\u0103"},"content":{"rendered":"<\/p>\n<p class=\"MsoNormal\" style=\"margin:0in;margin-bottom:.0001pt;text-align:left;line-height:normal\" align=\"left\"><span lang=\"RO\">A.J.O.F.M. <\/span>Bistri\u0163a<br \/>\n\u2013 N\u0103s\u0103ud<span style=\"font-family:\"> <span lang=\"RO\">\u020b<\/span><\/span><span lang=\"RO\">ncepe perioada de <\/span><span style=\"font-family:\" lang=\"RO\">\u020b<\/span><span lang=\"RO\">nregistrare a aplica\u021biilor studen\u021bilor <\/span><\/p>\n<p class=\"MsoNormal\" style=\"margin:0in;margin-bottom:.0001pt;text-align:left;line-height:normal\" align=\"left\"><span lang=\"RO\">care doresc s<\/span><span lang=\"RO\">\u0103<\/span><span lang=\"RO\"> lucreze <\/span><span style=\"font-family:\" lang=\"RO\">\u020b<\/span><span lang=\"RO\">n Germania pe perioada vacan\u021bei de var\u0103<\/span><\/p>\n<p><span style=\"font-family:\"><\/p>\n<p><a href=\"\/upload\/10219\/Anunt_inregistrare_aplicatii_studenti_-_program_de_vara_2020_in_Germania_AJOFM_BN.pdf\">Anunt_inregistrare_aplicatii_studenti_-_program_de_vara_2020_in_Germania_AJOFM_BN.pdf<\/a>\u00a0<\/p>\n<p>Formulare necesare si instructiuni de completare a acestora:<\/p>\n<p>Bewerbung <span style=\"font-family:\"><span style=\"font-family:\">(Fisa de solicitare)<\/span><\/span>:<\/p>\n<p><a href=\"\/upload\/10219\/Bewerbungsbogen.pdf\">Bewerbungsbogen.pdf<\/a>\u00a0<\/p>\n<p><span style=\"font-family:\">Instructiuni de completare Bewerbung (Fisa de solicitare):<\/span><\/p>\n<p><a href=\"\/upload\/10219\/Preciz%C4%83ri_%C5%9Fi_instruc%C5%A3iuni_de_completare_a_fisei_de_solicitare.pdf\">Preciz\u0103ri_\u015fi_instruc\u0163iuni_de_completare_a_fisei_de_solicitare.pdf<\/a>\u00a0<\/p>\n<p>Immatrikulationsbescheinigung (Adeverinta de student):<\/p>\n<p><a href=\"\/upload\/10219\/B-Immatrikulation-en_ba015238.pdf\">B-Immatrikulation-en_ba015238.pdf<\/a>\u00a0<\/p>\n<p><span style=\"font-family:\"><span style=\"font-family:\">Instructiuni de completare <\/span><\/span><span style=\"font-family:\"><span style=\"font-family:\">Immatrikulationsbescheinigung (Adeverinta de student):<\/span><\/span><\/p>\n<p><a href=\"\/upload\/10219\/Precizari_si_instructiuni_de_completare_a_adeverintei_de_student_1.pdf\">Precizari_si_instructiuni_de_completare_a_adeverintei_de_student_1.pdf<\/a>\u00a0<\/p>\n<p>Informatii pentru studenti (germana):<\/p>\n<p><a href=\"\/upload\/10219\/MerkblattFerien.pdf\">MerkblattFerien.pdf<\/a>\u00a0<\/p>\n<p><span style=\"font-family:\"><span style=\"font-family:\"><span style=\"font-family:\"><span style=\"font-family:\">Informatii pentru studenti (romana):<\/span><\/span><\/span><\/span><\/p>\n<p><a href=\"\/upload\/10219\/Foaie_informativa_pentru_studenti.pdf\">Foaie_informativa_pentru_studenti.pdf<\/a> <\/p>\n<\/p>\n<p><\/span><\/p>\n<\/p>\n<\/p>\n<p><\/p>\n<\/p>\n<\/p>\n<p class=\"MsoNormal\" style=\"line-height: normal;text-align: center\"><span style=\"font-family:\"><a href=\"\/upload\/10201\/ANUN%C5%A2_-_germania.pdf\"><span style=\"color: windowtext\"><\/span><\/a><\/span><\/p>\n<p style=\"text-align: left\"><\/p>\n","protected":false},"excerpt":{"rendered":"<p>selectie studenti Germania<\/p>\n","protected":false},"author":0,"featured_media":0,"comment_status":"closed","ping_status":"closed","sticky":false,"template":"","format":"standard","meta":{"footnotes":""},"categories":[16],"tags":[],"class_list":["post-132","post","type-post","status-publish","format-standard","hentry","category-materiale-informative"],"_links":{"self":[{"href":"https:\/\/www.anofm.ro\/bistrita-nasaud\/wp-json\/wp\/v2\/posts\/132","targetHints":{"allow":["GET"]}}],"collection":[{"href":"https:\/\/www.anofm.ro\/bistrita-nasaud\/wp-json\/wp\/v2\/posts"}],"about":[{"href":"https:\/\/www.anofm.ro\/bistrita-nasaud\/wp-json\/wp\/v2\/types\/post"}],"replies":[{"embeddable":true,"href":"https:\/\/www.anofm.ro\/bistrita-nasaud\/wp-json\/wp\/v2\/comments?post=132"}],"version-history":[{"count":0,"href":"https:\/\/www.anofm.ro\/bistrita-nasaud\/wp-json\/wp\/v2\/posts\/132\/revisions"}],"wp:attachment":[{"href":"https:\/\/www.anofm.ro\/bistrita-nasaud\/wp-json\/wp\/v2\/media?parent=132"}],"wp:term":[{"taxonomy":"category","embeddable":true,"href":"https:\/\/www.anofm.ro\/bistrita-nasaud\/wp-json\/wp\/v2\/categories?post=132"},{"taxonomy":"post_tag","embeddable":true,"href":"https:\/\/www.anofm.ro\/bistrita-nasaud\/wp-json\/wp\/v2\/tags?post=132"}],"curies":[{"name":"wp","href":"https:\/\/api.w.org\/{rel}","templated":true}]}}