{"id":129,"date":"2019-12-09T00:00:00","date_gmt":"2019-12-08T22:00:00","guid":{"rendered":"https:\/\/www.anofm.ro\/bistrita-nasaud\/10-decembrie-ziua-anofm-agentia-nationala-pentru-ocuparea-fortei-de-munca-aniverseaza-21-de-ani-de-activitate\/"},"modified":"2019-12-09T00:00:00","modified_gmt":"2019-12-08T22:00:00","slug":"10-decembrie-ziua-anofm-agentia-nationala-pentru-ocuparea-fortei-de-munca-aniverseaza-21-de-ani-de-activitate","status":"publish","type":"post","link":"https:\/\/www.anofm.ro\/bistrita-nasaud\/10-decembrie-ziua-anofm-agentia-nationala-pentru-ocuparea-fortei-de-munca-aniverseaza-21-de-ani-de-activitate\/","title":{"rendered":"10 Decembrie  &#8211; \u201cZiua ANOFM\u201d, Agen\u0163ia Na\u0163ional\u0103 pentru Ocuparea For\u0163ei de Munc\u0103 aniverseaz\u0103 21 de ani de activitate"},"content":{"rendered":"<p class=\"MsoNormal\" style=\"margin-left: 4px\"><span style=\"font-size:11.0pt;line-height:115%;font-family:\">10 Decembrie este o<br \/>\nzi deosebit de important\u0103 pentru Agen\u0163ia Na\u0163ional\u0103 pentru Ocuparea For\u0163ei de<br \/>\nMunc\u0103, zi \u00een care anivers\u0103m 21 de ani de activitate. \u00cen aceast\u0103 perioad\u0103 institu\u0163ia<br \/>\nnoastr\u0103 s-a transformat, a evoluat \u015fi a acumulat o experien\u0163\u0103 bogat\u0103, deosebit<br \/>\nde important \u00een acest proces fiind sprijinul acordat de Uniunea European\u0103 \u015fi<br \/>\nschimbul de bune practici cu institu\u0163iile similare din statele membre UE. <a href=\"\/upload\/9792\/10_decembrie_2019_-_Ziua_ANOFM.pdf\">10_decembrie_2019_-_Ziua_ANOFM.pdf<\/a> <\/span><br \/><span><\/span><span style=\"color:black\"><\/span><\/p>\n<p class=\"MsoNormal\" style=\"margin-left: -27pt;text-align: justify\"><span>10 <\/span><span style=\"color:black\"><\/span><\/p>\n<p style=\"text-align: justify\">\n","protected":false},"excerpt":{"rendered":"<p><\/p>\n","protected":false},"author":0,"featured_media":0,"comment_status":"closed","ping_status":"closed","sticky":false,"template":"","format":"standard","meta":{"footnotes":""},"categories":[9],"tags":[],"class_list":["post-129","post","type-post","status-publish","format-standard","hentry","category-comunicate-de-presa"],"_links":{"self":[{"href":"https:\/\/www.anofm.ro\/bistrita-nasaud\/wp-json\/wp\/v2\/posts\/129","targetHints":{"allow":["GET"]}}],"collection":[{"href":"https:\/\/www.anofm.ro\/bistrita-nasaud\/wp-json\/wp\/v2\/posts"}],"about":[{"href":"https:\/\/www.anofm.ro\/bistrita-nasaud\/wp-json\/wp\/v2\/types\/post"}],"replies":[{"embeddable":true,"href":"https:\/\/www.anofm.ro\/bistrita-nasaud\/wp-json\/wp\/v2\/comments?post=129"}],"version-history":[{"count":0,"href":"https:\/\/www.anofm.ro\/bistrita-nasaud\/wp-json\/wp\/v2\/posts\/129\/revisions"}],"wp:attachment":[{"href":"https:\/\/www.anofm.ro\/bistrita-nasaud\/wp-json\/wp\/v2\/media?parent=129"}],"wp:term":[{"taxonomy":"category","embeddable":true,"href":"https:\/\/www.anofm.ro\/bistrita-nasaud\/wp-json\/wp\/v2\/categories?post=129"},{"taxonomy":"post_tag","embeddable":true,"href":"https:\/\/www.anofm.ro\/bistrita-nasaud\/wp-json\/wp\/v2\/tags?post=129"}],"curies":[{"name":"wp","href":"https:\/\/api.w.org\/{rel}","templated":true}]}}