{"id":126,"date":"2019-12-02T00:00:00","date_gmt":"2019-12-01T22:00:00","guid":{"rendered":"https:\/\/www.anofm.ro\/bistrita-nasaud\/eures-oferta-munca-sezoniera-in-portugalia-si-danemarca-pentru-culegatori-de-mazare\/"},"modified":"2019-12-02T00:00:00","modified_gmt":"2019-12-01T22:00:00","slug":"eures-oferta-munca-sezoniera-in-portugalia-si-danemarca-pentru-culegatori-de-mazare","status":"publish","type":"post","link":"https:\/\/www.anofm.ro\/bistrita-nasaud\/eures-oferta-munca-sezoniera-in-portugalia-si-danemarca-pentru-culegatori-de-mazare\/","title":{"rendered":"EURES &#8211; Ofert\u0103 munc\u0103 sezonier\u0103 \u00een Portugalia \u015fi Danemarca pentru culeg\u0103tori de maz\u0103re"},"content":{"rendered":"<p><b><span style=\"font-size:11.0pt;line-height:115%;font-family:\">Agen\u0163ia<br \/>\nJude\u0163ean\u0103 pentru Ocuparea For\u0163ei de Munc\u0103 <\/span><span style=\"font-size:11.0pt;line-height:115%;font-family:\">Bistri\u0163a \u2013 N\u0103s\u0103ud<\/span><\/b><span style=\"font-size:11.0pt;line-height:115%;font-family:\">,<br \/>\nprin intermediul Serviciului EURES Rom\u00e2nia, anun\u0163\u0103 organizarea unei burse a<br \/>\nlocurilor de munc\u0103 \u00een domeniul sezonier agricultur\u0103, pentru 210 locuri de munc\u0103<br \/>\noferite de un angajator danez \u00een Portugalia \u015fi Danemarca, la cules de maz\u0103re.<\/p>\n<p><\/span><b><span style=\"font-size:11.0pt;line-height:115%;font-family:\">Mod<br \/>\nde aplicare:<\/span><\/b><span style=\"font-size:11.0pt;line-height:115%;font-family:\"><br \/>\nCandida\u0163ii trebuie s\u0103 trimit\u0103 un CV model EUROPASS, \u00een limba rom\u00e2n\u0103, cu poza<br \/>\ninclus\u0103, pe adresa de e-mail: work@greenpeas.dk.<br \/>\nTermen limit\u0103 pentru trimiterea aplica\u0163iilor: 9 decembrie 2019.<br \/>\nInstruc\u0163iunile de aplicare se g\u0103sesc pe website-ul: www.My-greenpeas.com.<br \/>\nPreselec\u0163ia aplican\u0163ilor se face de c\u0103tre angajator. Invitarea la selec\u0163ie a<br \/>\npersoanelor pre-selectate se va face de c\u0103tre consilierii EURES. Selec\u0163ia va<br \/>\navea loc la mijlocul lunii decembrie 2019.<br \/>\nDetaliile referitoare la data, loca\u0163ia \u015fi programul selec\u0163iei vor fi trimise<br \/>\nNUMAI persoanelor invitate.<br \/>\nNu sunt admise alte persoane la interviu.<br \/>\n<a href=\"\/upload\/9702\/oferta_munca_Danemarca_si_Portugalia_decembrie_2019.pdf\">oferta_munca_Danemarca_si_Portugalia_decembrie_2019.pdf<\/a> <br \/>\n<\/span><\/p>\n","protected":false},"excerpt":{"rendered":"<p>eures,portugalia,danemarca,sezoniera,mazare<\/p>\n","protected":false},"author":0,"featured_media":0,"comment_status":"closed","ping_status":"closed","sticky":false,"template":"","format":"standard","meta":{"footnotes":""},"categories":[9],"tags":[],"class_list":["post-126","post","type-post","status-publish","format-standard","hentry","category-comunicate-de-presa"],"_links":{"self":[{"href":"https:\/\/www.anofm.ro\/bistrita-nasaud\/wp-json\/wp\/v2\/posts\/126","targetHints":{"allow":["GET"]}}],"collection":[{"href":"https:\/\/www.anofm.ro\/bistrita-nasaud\/wp-json\/wp\/v2\/posts"}],"about":[{"href":"https:\/\/www.anofm.ro\/bistrita-nasaud\/wp-json\/wp\/v2\/types\/post"}],"replies":[{"embeddable":true,"href":"https:\/\/www.anofm.ro\/bistrita-nasaud\/wp-json\/wp\/v2\/comments?post=126"}],"version-history":[{"count":0,"href":"https:\/\/www.anofm.ro\/bistrita-nasaud\/wp-json\/wp\/v2\/posts\/126\/revisions"}],"wp:attachment":[{"href":"https:\/\/www.anofm.ro\/bistrita-nasaud\/wp-json\/wp\/v2\/media?parent=126"}],"wp:term":[{"taxonomy":"category","embeddable":true,"href":"https:\/\/www.anofm.ro\/bistrita-nasaud\/wp-json\/wp\/v2\/categories?post=126"},{"taxonomy":"post_tag","embeddable":true,"href":"https:\/\/www.anofm.ro\/bistrita-nasaud\/wp-json\/wp\/v2\/tags?post=126"}],"curies":[{"name":"wp","href":"https:\/\/api.w.org\/{rel}","templated":true}]}}