{"id":114,"date":"2019-08-08T00:00:00","date_gmt":"2019-08-07T21:00:00","guid":{"rendered":"https:\/\/www.anofm.ro\/bistrita-nasaud\/8-august-2019-finalizarea-programului-de-formare-profesionala-in-ocupatia-patiser-la-ajofm-bistrita-nasaud\/"},"modified":"2019-08-08T00:00:00","modified_gmt":"2019-08-07T21:00:00","slug":"8-august-2019-finalizarea-programului-de-formare-profesionala-in-ocupatia-patiser-la-ajofm-bistrita-nasaud","status":"publish","type":"post","link":"https:\/\/www.anofm.ro\/bistrita-nasaud\/8-august-2019-finalizarea-programului-de-formare-profesionala-in-ocupatia-patiser-la-ajofm-bistrita-nasaud\/","title":{"rendered":"8 august 2019, finalizarea programului de formare profesional\u0103 \u00een ocupa\u0163ia \u201cPatiser\u201d la AJOFM Bistri\u0163a \u2013 N\u0103s\u0103ud"},"content":{"rendered":"<\/p>\n<p class=\"MsoNormal\" style=\"margin-left:-9.0pt;line-height:150%\"><font face=\"Trebuchet MS\"><b>Agen\u021bia Jude\u021bean\u0103 pentru Ocuparea For\u021bei de<br \/>\nMunc\u0103 Bistri\u0163a \u2013 N\u0103s\u0103ud <\/b>v\u0103 aduce la cuno\u015ftin\u0163\u0103 finalizarea programului de<br \/>\nformare profesionala \u00een ocupa\u0163ia <b>\u201cPatiser\u201d<\/b>,<br \/>\ndesf\u0103\u015furat \u00een cadrul Centrului propriu de Formare Profesional\u0103, \u00een perioada 27.05.2019<br \/>\n\u2013 05.08.2019 (360 ore de preg\u0103tire: 120 ore pentru preg\u0103tirea teoretic\u0103 \u015fi 240<br \/>\nore pentru preg\u0103tirea practic\u0103)<\/font>.<span style=\"font-size:11.0pt;line-height:115%;font-family:\">La<br \/>\nacest curs s-au \u00eenscris 15 persoane, \u015fomeri indemniza\u0163i \u015fi neindemniza\u0163i. <\/span><a href=\"\/upload\/8044\/examen_patiser_8_august_2019_AJOFM_BN.pdf\">examen_patiser_8_august_2019_AJOFM_BN.pdf\u00a0 <\/p>\n<p><img decoding=\"async\" src=\"upload\/8044\/DSC00629a.jpg\"><\/p>\n<\/p>\n<p><img decoding=\"async\" src=\"upload\/8044\/DSC00631a.jpg\"><br \/><\/a><\/p>\n<p><a href=\"\/upload\/8044\/examen_patiser_8_august_2019_AJOFM_BN.pdf\"><br \/><\/a><\/p>\n<\/p><\/p>\n","protected":false},"excerpt":{"rendered":"<p>patiser,finalizare programului<\/p>\n","protected":false},"author":0,"featured_media":0,"comment_status":"closed","ping_status":"closed","sticky":false,"template":"","format":"standard","meta":{"footnotes":""},"categories":[11],"tags":[],"class_list":["post-114","post","type-post","status-publish","format-standard","hentry","category-cursuri-de-formare-profesionala"],"_links":{"self":[{"href":"https:\/\/www.anofm.ro\/bistrita-nasaud\/wp-json\/wp\/v2\/posts\/114","targetHints":{"allow":["GET"]}}],"collection":[{"href":"https:\/\/www.anofm.ro\/bistrita-nasaud\/wp-json\/wp\/v2\/posts"}],"about":[{"href":"https:\/\/www.anofm.ro\/bistrita-nasaud\/wp-json\/wp\/v2\/types\/post"}],"replies":[{"embeddable":true,"href":"https:\/\/www.anofm.ro\/bistrita-nasaud\/wp-json\/wp\/v2\/comments?post=114"}],"version-history":[{"count":0,"href":"https:\/\/www.anofm.ro\/bistrita-nasaud\/wp-json\/wp\/v2\/posts\/114\/revisions"}],"wp:attachment":[{"href":"https:\/\/www.anofm.ro\/bistrita-nasaud\/wp-json\/wp\/v2\/media?parent=114"}],"wp:term":[{"taxonomy":"category","embeddable":true,"href":"https:\/\/www.anofm.ro\/bistrita-nasaud\/wp-json\/wp\/v2\/categories?post=114"},{"taxonomy":"post_tag","embeddable":true,"href":"https:\/\/www.anofm.ro\/bistrita-nasaud\/wp-json\/wp\/v2\/tags?post=114"}],"curies":[{"name":"wp","href":"https:\/\/api.w.org\/{rel}","templated":true}]}}