{"id":113,"date":"2019-08-02T00:00:00","date_gmt":"2019-08-01T21:00:00","guid":{"rendered":"https:\/\/www.anofm.ro\/bistrita-nasaud\/proacces-2-stimularea-mobilitatii-si-subventionarea-locurilor-de-munca-pentru-someri-si-inactivi\/"},"modified":"2019-08-02T00:00:00","modified_gmt":"2019-08-01T21:00:00","slug":"proacces-2-stimularea-mobilitatii-si-subventionarea-locurilor-de-munca-pentru-someri-si-inactivi","status":"publish","type":"post","link":"https:\/\/www.anofm.ro\/bistrita-nasaud\/proacces-2-stimularea-mobilitatii-si-subventionarea-locurilor-de-munca-pentru-someri-si-inactivi\/","title":{"rendered":"PROACCES 2\u2013 Stimularea mobilitatii si subventionarea locurilor de munca pentru someri si inactivi"},"content":{"rendered":"<p><a href=\"\/upload\/7918\/INFORMARE_GDPR_PROIECT_PROACCES_2.pdf\">INFORMARE_GDPR_PROIECT_PROACCES_2.pdf<\/a> <\/p>\n<p><a href=\"\/upload\/7918\/INFORMARE_PROIECT_PROACCES_2.pdf\"><span style=\"font-style: italic\"><\/span><\/a><a href=\"\/upload\/7238\/INFORMARE_PROIECT_PROACCES_2.pdf\">Informare proiect \u201ePROACCES 2 \u2013 Stimularea mobilit\u0103\u021bii \u0219i subven\u021bionarea locurilor de munc\u0103 pentru \u0219omeri \u0219i inactivi&#8221;<\/a><\/p>\n<p><a href=\"\/upload\/7238\/Comunicat_presa1_proacces2.pdf\">Comunicat &#8211; PROACCES 2 &#8211; 25.06.2019<\/a><\/p>\n<p><a href=\"\/upload\/7238\/AFIS_PROACCES_2_.pdf\">Afi\u0219 prezentare proiect\u00a0PROACCES 2<\/a><\/p>\n<\/p>\n<p> <a href=\"\/upload\/7918\/Brosura_PROACCES_2.pdf\"><\/p>\n<p>Brosura Prezentare_PROACCES_2.pdf<\/p>\n<p><\/a> <a href=\"\/upload\/7918\/Raport_activitate_perioada_iunie_2019_-_iunie_2020_PROACCES_2.pdf\"><\/p>\n<p>Raport_activitate_perioada_iunie_2019_-_iunie_2020_PROACCES_2.pdf<\/p>\n<p><\/a><\/p>\n<p><a href=\"\/upload\/7918\/Raport_activitate_perioada_iunie_2019_-_iunie_2020_PROACCES_2.pdf\"><\/a><a href=\"\/upload\/7918\/Raport_iunie_2019_dec_2020.pdf\"><\/a><\/p>\n<p><a href=\"\/upload\/7918\/Raport_iunie_2019_dec_2020.pdf\">Raport activitate perioada iunie2019 -decembrie 2020 PROACCES 2<\/a><\/p>\n<p><\/p>\n<\/p>\n<p><\/p>\n<div class=\"file-list-wrap\">\n<ul class=\"file-list\">\n<li><a href=\"\/upload2\/BISTRI\u0162A-N\u0102S\u0102UD\/7918\/Brosura_PROACCES_2_iunie_2019_-_decembrie_2021.docx\" download>Brosura_PROACCES_2_iunie_2019_-_decembrie_2021.docx<\/a><\/li>\n<li><a href=\"\/upload2\/BISTRI\u0162A-N\u0102S\u0102UD\/7918\/Raport_PROIECT_PROACCES_2_iunie_2019-iulie_2022.pdf\" download>Raport_PROIECT_PROACCES_2_iunie_2019-iulie_2022.pdf<\/a><\/li>\n<\/ul>\n<\/div>\n","protected":false},"excerpt":{"rendered":"<p><\/p>\n","protected":false},"author":0,"featured_media":0,"comment_status":"closed","ping_status":"closed","sticky":false,"template":"","format":"standard","meta":{"footnotes":""},"categories":[20],"tags":[],"class_list":["post-113","post","type-post","status-publish","format-standard","hentry","category-proiecte"],"_links":{"self":[{"href":"https:\/\/www.anofm.ro\/bistrita-nasaud\/wp-json\/wp\/v2\/posts\/113","targetHints":{"allow":["GET"]}}],"collection":[{"href":"https:\/\/www.anofm.ro\/bistrita-nasaud\/wp-json\/wp\/v2\/posts"}],"about":[{"href":"https:\/\/www.anofm.ro\/bistrita-nasaud\/wp-json\/wp\/v2\/types\/post"}],"replies":[{"embeddable":true,"href":"https:\/\/www.anofm.ro\/bistrita-nasaud\/wp-json\/wp\/v2\/comments?post=113"}],"version-history":[{"count":0,"href":"https:\/\/www.anofm.ro\/bistrita-nasaud\/wp-json\/wp\/v2\/posts\/113\/revisions"}],"wp:attachment":[{"href":"https:\/\/www.anofm.ro\/bistrita-nasaud\/wp-json\/wp\/v2\/media?parent=113"}],"wp:term":[{"taxonomy":"category","embeddable":true,"href":"https:\/\/www.anofm.ro\/bistrita-nasaud\/wp-json\/wp\/v2\/categories?post=113"},{"taxonomy":"post_tag","embeddable":true,"href":"https:\/\/www.anofm.ro\/bistrita-nasaud\/wp-json\/wp\/v2\/tags?post=113"}],"curies":[{"name":"wp","href":"https:\/\/api.w.org\/{rel}","templated":true}]}}