{"id":5280,"date":"2025-09-08T13:27:08","date_gmt":"2025-09-08T10:27:08","guid":{"rendered":"https:\/\/www.anofm.ro\/bihor\/?p=5280"},"modified":"2025-09-08T13:29:04","modified_gmt":"2025-09-08T10:29:04","slug":"nextstep-program-de-sprijin-si-formare-pentru-integrarea-tinerilor-pe-piata-muncii","status":"publish","type":"post","link":"https:\/\/www.anofm.ro\/bihor\/nextstep-program-de-sprijin-si-formare-pentru-integrarea-tinerilor-pe-piata-muncii\/","title":{"rendered":"NextStep \u2013 Program de sprijin \u0219i formare pentru integrarea tinerilor pe pia\u021ba muncii"},"content":{"rendered":"\n<p>Proiectul \u2013&nbsp;<strong>NextStep \u2013 Program de sprijin <\/strong><strong>\u0219<\/strong><strong>i formare pentru integrarea tinerilor pe pia<\/strong><strong>\u021b<\/strong><strong>a muncii \u2013&nbsp;<\/strong><strong>cod 3<\/strong><strong>31324<\/strong>&nbsp;\u2013 este implementat de AJOFM Bihor \u00een parteneriat cu ASOCIA\u021aIA PENTRU PROMOVAREA AFACERILOR \u00ceN ROM\u00c2NIA \u0219i ASOCIA\u021aIA STARTUP HUB.<\/p>\n\n\n\n<p><strong><em>Obiectivul general<\/em><\/strong><\/p>\n\n\n\n<p>Obiectivul general al proiectului este preg\u0103tirea \u0219i furnizarea unui set integrat de m\u0103suri active personalizate pentru 278 de tineri, dintre care minim 42 de etnie rom\u0103 \u0219i minim 112 NEETs din regiunea Nord-Vest, pentru a sprijini tranzi\u021bia acestora c\u0103tre pia\u021ba muncii \u0219i pentru a contribui la reducerea \u0219omajului \u00een regiunea Nord-Vest, prin programe de consiliere,<\/p>\n\n\n\n<p>mediere, formare profesional\u0103 \u0219i dezvoltarea competen\u021belor digitale. Proiectul are ca scop principal integrarea socio-profesional\u0103 a tinerilor vulnerabili, cu accent pe dezvoltarea competen\u021belor tehnice, digitale \u0219i transversale, sprijinind o mai bun\u0103 adaptare la cerin\u021bele dinamice ale pie\u021bei muncii.<\/p>\n\n\n\n<p><strong><em>Obiectivele specifice ale proiectului<\/em><\/strong><\/p>\n\n\n\n<p><strong>OS1 \u2013&nbsp;<\/strong>Cre\u0219terea nivelului de con\u0219tientizare privind importan\u021ba certific\u0103rii competen\u021belor profesionale, ca mijloc de adaptare la cerin\u021bele pie\u021bei muncii, al\u0103turi de promovarea principiilor egalit\u0103\u021bii de \u0219anse, nediscrimin\u0103rii, egalit\u0103\u021bii de gen \u0219i dezvolt\u0103rii durabile. Obiectivul \u00eel constituie atragerea \u00een grupul \u021bint\u0103 a 278 de tineri din regiunea Nord-Vest, prin stimularea particip\u0103rii acestora pe pia\u021ba muncii. Din totalul de 278 de beneficiari, 112 sunt tineri NEET, iar 42 apar\u021bin etniei rome.<\/p>\n\n\n\n<p><strong>OS2 \u2013&nbsp;<\/strong>Obiectivul proiectului \u00eel reprezint\u0103 dezvoltarea competen\u021belor profesionale \u0219i\/sau digitale pentru un num\u0103r de 278 de tineri din regiunea Nord-Vest, dintre care cel pu\u021bin 42 de etnie rom\u0103 \u0219i minimum 112 tineri NEET. Interven\u021bia se realizeaz\u0103 prin organizarea unui program de formare profesional\u0103 de calificare \u00een domeniul t\u00e2mpl\u0103riei, completat de cursuri de competen\u021be digitale. Programul integreaz\u0103 \u0219i elemente de competen\u021be verzi, sprijinind tranzi\u021bia c\u0103tre o economie sustenabil\u0103 \u0219i r\u0103spunz\u00e2nd totodat\u0103 cerin\u021belor actuale ale pie\u021bei muncii, facilit\u00e2nd accesul beneficiarilor la sectoare tehnice \u0219i digitalizate.<\/p>\n\n\n\n<p><strong>OS3 \u2013&nbsp;<\/strong>Activitatile contribuie la angajarea a cel putin 87 de tineri din grupul tinta, sprijinind reducerea somajului si crearea de oportunitati sustenabile in regiunea Nord-Vest.<br>Prin aceste masuri, OS3 sprijina atingerea obiectivului specific ESO4.1, prin cresterea accesului tinerilor la oportunitati de munca, reducerea somajului si promovarea incluziunii sociale. Astfel, se contribuie la dezvoltarea unei forte de munca calificate si integrate in regiune.<\/p>\n\n\n\n<p><strong>Grupul <\/strong><strong>\u021b<\/strong><strong>inta al proiectului<\/strong><\/p>\n\n\n\n<p>Grupul \u021binta al proiectului este format din 278 de tineri sub 30 de ani (care nu au implinit varsta de 30 de ani la data intr\u0103rii \u00een opera\u021biune) cu domiciliul sau resedin\u021ba legal\u0103 \u00een Romania, \u00een regiunea Nord-Vest dintre care 112 tineri NEET (40 %) si 42 tineri de etnie roma (15,10%).<\/p>\n\n\n\n<p>La data intr\u0103rii \u00een opera\u021biune, persoanele din GT vor \u00eendeplini cumulativ urm\u0103toarele criterii:<\/p>\n\n\n\n<ul class=\"wp-block-list\">\n<li>se afl\u0103 \u00een c\u0103utarea unui loc de munca;<\/li>\n\n\n\n<li>i\u0219i au domiciliul\/resedin\u021ba in regiunea Nord-Vest;<\/li>\n\n\n\n<li>au \u00eemplinit 16 ani;<\/li>\n\n\n\n<li>au v\u00e2rsta sub 30 de ani;<\/li>\n\n\n\n<li>au finalizat cel pu\u021bin \u00eenv\u0103\u021b\u0103m\u00e2ntul minim obligatoriu (acest nivel fiind nivelul minim de studii pentru participan\u021bii la cursurile de calificare nivel 2 si 3);<\/li>\n\n\n\n<li>nu sunt angaja\u021bi ai Solicitantului sau ai Partenerului;<\/li>\n\n\n\n<li>nu se afl\u0103 \u00een situa\u021bie de dubl\u0103 finantare.<\/li>\n<\/ul>\n\n\n\n<p><strong>Activit<\/strong><strong>\u0103\u021b<\/strong><strong>i propuse pentru grupul <\/strong><strong>\u021b<\/strong><strong>inta:<\/strong><\/p>\n\n\n\n<p>Obiectivul principal \u00eel constituie facilitarea accesului pe pia\u021ba muncii pentru 278 de tineri sub 30 de ani, dintre care 112 tineri NEET \u0219i 42 de etnie rom\u0103, prin furnizarea unor pachete integrate de m\u0103suri active, adaptate \u0219i personalizate nevoilor acestora.Servicii de informare, consiliere profesional\u0103 \u0219i mediere pentru to\u021bi cei 278 de tineri;<\/p>\n\n\n\n<ul class=\"wp-block-list\">\n<li>Formare profesional\u0103 pentru 278 tineri, prin cursuri de calificare nivel 2 \u2013 Tamplar manual\/artizanal (COR 752203);<\/li>\n\n\n\n<li>Curs neautorizat \u2013 Dezvoltarea competentelor digitale 40 ore, 278 participanti.<\/li>\n<\/ul>\n\n\n\n<p>Valoarea total\u0103 a Contractului de Finan\u021bare este de&nbsp;<strong>4.973.450,50&nbsp;Lei&nbsp;<\/strong>din care:&nbsp;<strong>4.827.562,08&nbsp;Lei&nbsp;<\/strong>contribu\u021bia Uniunii Europene, si&nbsp;<strong>145.888,43&nbsp;Lei Lei&nbsp;<\/strong>cofinantare beneficiar.<\/p>\n\n\n\n<p>Proiectul beneficiaz\u0103 de co-finan\u021bare din Fondul Social European Plus, Programul Educa\u021bie \u0219i Ocupare 2021\u20132027,<\/p>\n\n\n\n<p><strong>Apel:<\/strong>&nbsp;M\u0103suri active de ocupare pentru tineri, inclusiv pentru tineri NEET \u2013 Regiuni mai putin dezvoltate&nbsp;&nbsp;<\/p>\n\n\n\n<p><strong>Prioritate<\/strong>: P2.Valorificarea poten\u021bialului tinerilor pe pia\u021ba muncii<\/p>\n\n\n\n<p><strong>Obiectiv specific:<\/strong>&nbsp;ESO4.1_\u00cembun\u0103t\u0103\u021birea accesului la pia\u021ba muncii \u0219i m\u0103suri de activare pentru toate persoanele aflate \u00een c\u0103utarea unui loc de munc\u0103, \u00een special pentru tineri, \u00eendeosebi prin implementarea Garan\u021bei pentru tineret, pentru \u0219omerii de lung\u0103 durat\u0103 \u0219i grupurile defavorizate de pe pia\u021ba muncii \u0219i pentru persoanele inactive, precum \u0219i prin promovarea desf\u0103\u0219ur\u0103rii de activit\u0103\u021bi independente \u0219i a economiei sociale<\/p>\n\n\n\n<p><strong>Opera<\/strong><strong>\u021b<\/strong><strong>iune:<\/strong>&nbsp;Preg\u0103tirea \u015fi furnizarea ofertei de servicii de formare\/ocupare pentru tineri, inclusiv pentru tineri NEET, prin pachete integrate de m\u0103suri active personalizate \u00een func\u021bie de profilul tinerilor.<\/p>\n","protected":false},"excerpt":{"rendered":"<p>Proiectul \u2013&nbsp;NextStep \u2013 Program de sprijin \u0219i formare pentru integrarea tinerilor pe pia\u021ba muncii \u2013&nbsp;cod 331324&nbsp;\u2013 este implementat de AJOFM Bihor \u00een parteneriat cu ASOCIA\u021aIA PENTRU PROMOVAREA AFACERILOR \u00ceN ROM\u00c2NIA<\/p>\n","protected":false},"author":8,"featured_media":0,"comment_status":"closed","ping_status":"closed","sticky":false,"template":"","format":"standard","meta":{"footnotes":""},"categories":[20],"tags":[],"class_list":["post-5280","post","type-post","status-publish","format-standard","hentry","category-proiecte"],"_links":{"self":[{"href":"https:\/\/www.anofm.ro\/bihor\/wp-json\/wp\/v2\/posts\/5280","targetHints":{"allow":["GET"]}}],"collection":[{"href":"https:\/\/www.anofm.ro\/bihor\/wp-json\/wp\/v2\/posts"}],"about":[{"href":"https:\/\/www.anofm.ro\/bihor\/wp-json\/wp\/v2\/types\/post"}],"author":[{"embeddable":true,"href":"https:\/\/www.anofm.ro\/bihor\/wp-json\/wp\/v2\/users\/8"}],"replies":[{"embeddable":true,"href":"https:\/\/www.anofm.ro\/bihor\/wp-json\/wp\/v2\/comments?post=5280"}],"version-history":[{"count":1,"href":"https:\/\/www.anofm.ro\/bihor\/wp-json\/wp\/v2\/posts\/5280\/revisions"}],"predecessor-version":[{"id":5281,"href":"https:\/\/www.anofm.ro\/bihor\/wp-json\/wp\/v2\/posts\/5280\/revisions\/5281"}],"wp:attachment":[{"href":"https:\/\/www.anofm.ro\/bihor\/wp-json\/wp\/v2\/media?parent=5280"}],"wp:term":[{"taxonomy":"category","embeddable":true,"href":"https:\/\/www.anofm.ro\/bihor\/wp-json\/wp\/v2\/categories?post=5280"},{"taxonomy":"post_tag","embeddable":true,"href":"https:\/\/www.anofm.ro\/bihor\/wp-json\/wp\/v2\/tags?post=5280"}],"curies":[{"name":"wp","href":"https:\/\/api.w.org\/{rel}","templated":true}]}}