{"id":93,"date":"2020-01-16T00:00:00","date_gmt":"2020-01-15T22:00:00","guid":{"rendered":"https:\/\/www.anofm.ro\/bacau\/%c8%8bnceperea-perioadei-de-%c8%8bnregistrare-a-aplicatiilor-studentilor-care-doresc-sa-lucreze-%c8%8bn-germania-pe-perioada-vacantei-de-vara\/"},"modified":"2020-01-16T00:00:00","modified_gmt":"2020-01-15T22:00:00","slug":"%c8%8bnceperea-perioadei-de-%c8%8bnregistrare-a-aplicatiilor-studentilor-care-doresc-sa-lucreze-%c8%8bn-germania-pe-perioada-vacantei-de-vara","status":"publish","type":"post","link":"https:\/\/www.anofm.ro\/bacau\/%c8%8bnceperea-perioadei-de-%c8%8bnregistrare-a-aplicatiilor-studentilor-care-doresc-sa-lucreze-%c8%8bn-germania-pe-perioada-vacantei-de-vara\/","title":{"rendered":"\u020anceperea perioadei de \u020bnregistrare a aplica\u021biilor studen\u021bilor  care doresc s\u0103 lucreze \u020bn Germania pe perioada vacan\u021bei de var\u0103"},"content":{"rendered":"<p class=\"MsoNormal\" style=\"margin-top:0cm;margin-right:0cm;margin-bottom:0cm;margin-left:36.0pt;margin-bottom:.0001pt;text-indent:36.0pt\"><b>Comunicat de pres\u0103<\/b><\/p>\n<p class=\"MsoNormal\" style=\"margin:0cm;margin-bottom:.0001pt\"><b><u><span style=\"text-decoration:none\">\u00a0<\/span><\/u><\/b><\/p>\n<p class=\"MsoNormal\" style=\"margin-top:0cm;margin-right:0cm;margin-bottom:0cm;margin-left:36.0pt;margin-bottom:.0001pt;text-indent:36.0pt;line-height:normal\"><b><span lang=\"RO\" style=\"font-family:\">\u020a<\/span><\/b><b><span lang=\"RO\">nceperea perioadei de <\/span><\/b><b><span lang=\"RO\" style=\"font-family:\">\u020b<\/span><\/b><b><span lang=\"RO\">nregistrare a aplica\u021biilor studen\u021bilor <\/span><\/b><\/p>\n<p class=\"MsoNormal\" style=\"margin-top:0cm;margin-right:0cm;margin-bottom:0cm;margin-left:36.0pt;margin-bottom:.0001pt;text-indent:36.0pt;line-height:normal\"><b><span lang=\"RO\">care doresc s<\/span><\/b><b><span lang=\"RO\">\u0103<\/span><\/b><b><span lang=\"RO\"> lucreze <\/span><\/b><b><span lang=\"RO\" style=\"font-family:\">\u020b<\/span><\/b><b><span lang=\"RO\">n Germania pe perioada vacan\u021bei de var\u0103<\/span><\/b><\/p>\n<p class=\"MsoNormal\" align=\"center\" style=\"margin:0cm;margin-bottom:.0001pt;text-align:center;line-height:normal\">\u00a0<\/p>\n<p class=\"MsoNormal\" style=\"margin:0cm;margin-bottom:.0001pt;line-height:normal\">\u00a0<\/p>\n<p class=\"MsoNormal\" style=\"margin-left:72.0pt;line-height:normal\"><span lang=\"RO\">Agen\u021bia Jude\u021bean\u0103 pentru<br \/>\nOcuparea For\u021bei de Munc<\/span><span lang=\"RO\">\u0103<span> Bacau anun\u0163\u0103<\/span> <\/span><span lang=\"RO\" style=\"font-family:\">\u020b<\/span><span lang=\"RO\">nceperea perioadei de <\/span><span lang=\"RO\" style=\"font-family:\">\u020b<\/span><span lang=\"RO\">nregistrare a aplica\u021biilor <\/span><span lang=\"RO\" style=\"font-family:\">\u020b<\/span><span lang=\"RO\">n programul destinat studen\u021bilor care doresc s\u0103<br \/>\ndesf\u0103\u0219oare o activitate lucrativ\u0103 pe teritoriul Germaniei pe perioada vacan<span>\u021b<\/span>ei de var\u0103 (minim 2 luni).<\/span><\/p>\n<p class=\"MsoNormal\" style=\"margin-left:72.0pt;line-height:normal\"><span lang=\"RO\">Men\u021bion\u0103m c\u0103 pot aplica studen\u021bii cu v\u00e2rsta cuprins\u0103<br \/>\nintre 18 \u2013 35 de ani, care urmeaz\u0103 cursuri de zi, la o facultate de stat sau<br \/>\nparticular\u0103, acreditat\u0103 conform legii \u0219i care au cuno\u0219tin\u021be bune\/foarte bune de<br \/>\nlimba german\u0103.<\/span><\/p>\n<p class=\"MsoNormal\" style=\"margin-left:72.0pt;line-height:normal\"><span>Pentru<br \/>\nanul 2020, sunt disponibile 30 de posturi <\/span>\u00een <span>domeniul hotelier \u2013 gastronomic, <\/span><span style=\"font-family:\">\u020b<\/span><span>n gastronomia de sistem (fast-food), <\/span><span style=\"font-family:\">\u020b<\/span><span>n produc<\/span><span>\u021b<\/span><span>ia industrial<\/span><span>\u0103<\/span><span> <\/span><span>\u0219<\/span><span>i <\/span><span style=\"font-family:\">\u020b<\/span><span>n<br \/>\ndomeniul serviciilor.<\/span><\/p>\n<p class=\"MsoNormal\" style=\"margin-left:72.0pt;line-height:normal\"><span lang=\"FR\">Studen\u021bii care au domiciliul sau sunt <\/span><span lang=\"FR\" style=\"font-family:\">\u020b<\/span><span lang=\"FR\">nregistra<\/span><span lang=\"FR\">\u021b<\/span><span lang=\"FR\">i la o<br \/>\ninstitu<\/span><span lang=\"FR\">\u021b<\/span><span lang=\"FR\">ie de <\/span><span lang=\"FR\" style=\"font-family:\">\u020b<\/span><span lang=\"FR\">nv<\/span><span lang=\"FR\">\u0103\u021b\u0103<\/span><span lang=\"FR\">m<\/span><span lang=\"FR\">\u00e2<\/span><span lang=\"FR\">nt superior din jude\u021bul Bacau, se pot adresa<br \/>\nconsilierului EURES din cadrul Agen\u021biei Jude\u021bene pentru Ocuparea For\u021bei de<br \/>\nMunc\u0103 Bacau, str.I.S.Sturza nr.63,localitatea Bacau,\u00een vederea \u00eenregistr\u0103rii<br \/>\naplica\u021biilor. <\/span><\/p>\n<p class=\"MsoNormal\" style=\"margin-left:72.0pt;line-height:normal\"><span lang=\"FR\" style=\"font-family:\">\u020a<\/span><span lang=\"FR\">nregistrarea se va desf<\/span><span lang=\"FR\">\u0103\u0219<\/span><span lang=\"FR\">ura <\/span><span lang=\"FR\" style=\"font-family:\">\u020b<\/span><span lang=\"FR\">n perioada 13.01.2020 <\/span><span lang=\"FR\">\u2013<\/span><span lang=\"FR\"> 14.02.2020, <\/span><span lang=\"FR\" style=\"font-family:\">\u020b<\/span><span lang=\"FR\">n intervalul luni \u2013 joi, orele 10.00 \u2013 15.30 \u0219i<br \/>\nvineri, orele 10.00 \u2013 13.00.<\/span><\/p>\n<p class=\"MsoNormal\" style=\"margin-left:72.0pt;line-height:normal\"><span lang=\"FR\">Informa\u021bii suplimentare cu privire la condi\u021biile de<br \/>\naplicare, documentele necesare <\/span><span lang=\"FR\" style=\"font-family:\">\u020b<\/span><span lang=\"FR\">nregistr<\/span><span lang=\"FR\">\u0103<\/span><span lang=\"FR\">rii aplica\u021biilor, precum <\/span><span lang=\"FR\">\u0219<\/span><span lang=\"FR\">i instruc<\/span><span lang=\"FR\">\u021b<\/span><span lang=\"FR\">iunile de<br \/>\ncompletare a acestora, pot fi solicitate la num\u0103rul de telefon 0234\/576736, sau<br \/>\nse g\u0103sesc pe site-ul <\/span><a href=\"http:\/\/www.anofm.ro\/\"><b><span lang=\"FR\">www.anofm.ro<\/span><\/b><\/a><span lang=\"FR\">&gt;AJOFM Bacau&gt;Comunicare&gt;Materiale<br \/>\ninformative.<\/span><\/p>\n<p class=\"MsoNormal\" style=\"margin-left:0cm;line-height:normal\"><span lang=\"RO\">\u00a0<\/span><\/p>\n<p class=\"MsoNormal\" style=\"margin-top:0cm;margin-right:0cm;margin-bottom:0cm;margin-left:36.0pt;margin-bottom:.0001pt;text-indent:36.0pt;line-height:normal\"><b>\u00a0<\/b><\/p>\n<p class=\"MsoNormal\" style=\"margin-left:72.0pt\"><b><span lang=\"RO\">Agen\u021bia Jude\u021bean\u0103 pentru Ocuparea For\u021bei de Munc\u0103 Bacau<\/span><\/b><\/p>\n<p class=\"MsoNormal\" style=\"margin-left:90.0pt\">\u00a0<\/p>\n<p class=\"MsoNormal\" align=\"left\" style=\"margin-left:0cm;text-align:left\"><span>\u00a0\u00a0\u00a0\u00a0\u00a0\u00a0\u00a0\u00a0\u00a0 <\/span>Director Executiv,<span>\u00a0\u00a0\u00a0\u00a0\u00a0\u00a0\u00a0\u00a0\u00a0\u00a0\u00a0\u00a0\u00a0\u00a0\u00a0\u00a0\u00a0\u00a0\u00a0\u00a0\u00a0 <\/span><span>\u00a0\u00a0\u00a0\u00a0\u00a0\u00a0\u00a0\u00a0\u00a0\u00a0\u00a0\u00a0\u00a0\u00a0\u00a0\u00a0\u00a0\u00a0\u00a0\u00a0\u00a0\u00a0\u00a0\u00a0\u00a0\u00a0\u00a0\u00a0\u00a0\u00a0\u00a0\u00a0\u00a0\u00a0\u00a0\u00a0\u00a0\u00a0\u00a0\u00a0\u00a0\u00a0\u00a0\u00a0<\/span>Intocmit,<\/p>\n<p class=\"MsoFooter\" style=\"margin:0cm;margin-bottom:.0001pt;line-height:normal\"><span lang=\"RO\"><span>\u00a0\u00a0\u00a0\u00a0\u00a0\u00a0\u00a0\u00a0\u00a0\u00a0<br \/>\n<\/span>Andreea Florina AVRAM<span>\u00a0\u00a0\u00a0\u00a0\u00a0\u00a0\u00a0\u00a0\u00a0\u00a0\u00a0\u00a0\u00a0\u00a0\u00a0\u00a0\u00a0\u00a0\u00a0\u00a0\u00a0\u00a0\u00a0\u00a0\u00a0\u00a0\u00a0 <\/span><span>\u00a0\u00a0\u00a0\u00a0\u00a0\u00a0\u00a0\u00a0\u00a0\u00a0\u00a0\u00a0\u00a0\u00a0\u00a0\u00a0\u00a0\u00a0\u00a0\u00a0\u00a0\u00a0\u00a0\u00a0\u00a0\u00a0\u00a0\u00a0\u00a0\u00a0\u00a0<\/span>Carmen<br \/>\nCOSTAN-consilier superior<\/p>\n<p><a href=\"\/upload\/10364\/Comunicat_de_presa_munca_Germania-studenti.pdf\">Comunicat_de_presa_munca_Germania-studenti.pdf<\/a> <\/p>\n<p><a href=\"\/upload\/10364\/Anunt_inregistrare_aplicatii_studenti_-_program_de_vara_2020_in_Germania_AJOFM.docx\">Anunt_inregistrare_aplicatii_studenti_-_program_de_vara_2020_in_Germania_AJOFM.docx<\/a> <\/p>\n<p><a href=\"\/upload\/10364\/Bewerbungsbogen.pdf\">Bewerbungsbogen.pdf<\/a> <\/p>\n<p><a href=\"\/upload\/10364\/B-Immatrikulation-en_ba015238.pdf\">B-Immatrikulation-en_ba015238.pdf<\/a> <\/p>\n<p><a href=\"\/upload\/10364\/Foaie_informativa_pentru_studenti.pdf\">Foaie_informativa_pentru_studenti.pdf<\/a> <\/p>\n<p><a href=\"\/upload\/10364\/MerkblattFerien.pdf\">MerkblattFerien.pdf<\/a> <\/p>\n<p><a href=\"\/upload\/10364\/Precizari_si_instructiuni_de_completare_a_adeverintei_de_student.pdf\">Precizari_si_instructiuni_de_completare_a_adeverintei_de_student.pdf<\/a> <\/p>\n<p><a href=\"\/upload\/10364\/Preciz%C4%83ri_%C5%9Fi_instruc%C5%A3iuni_de_completare_a_fisei_de_solicitare.pdf\">Preciz\u0103ri_\u015fi_instruc\u0163iuni_de_completare_a_fisei_de_solicitare.pdf<\/a> <\/p>\n<\/p>\n<p><\/span><\/p>\n","protected":false},"excerpt":{"rendered":"<p>\u020anceperea perioadei de \u020bnregistrare a aplica\u021biilor studen\u021bilor<br \/>\ncare doresc s\u0103 lucreze \u020bn Germania pe perioada vacan\u021bei de var\u0103<\/p>\n","protected":false},"author":0,"featured_media":0,"comment_status":"closed","ping_status":"closed","sticky":false,"template":"","format":"standard","meta":{"footnotes":""},"categories":[9],"tags":[],"class_list":["post-93","post","type-post","status-publish","format-standard","hentry","category-comunicate-de-presa"],"_links":{"self":[{"href":"https:\/\/www.anofm.ro\/bacau\/wp-json\/wp\/v2\/posts\/93","targetHints":{"allow":["GET"]}}],"collection":[{"href":"https:\/\/www.anofm.ro\/bacau\/wp-json\/wp\/v2\/posts"}],"about":[{"href":"https:\/\/www.anofm.ro\/bacau\/wp-json\/wp\/v2\/types\/post"}],"replies":[{"embeddable":true,"href":"https:\/\/www.anofm.ro\/bacau\/wp-json\/wp\/v2\/comments?post=93"}],"version-history":[{"count":0,"href":"https:\/\/www.anofm.ro\/bacau\/wp-json\/wp\/v2\/posts\/93\/revisions"}],"wp:attachment":[{"href":"https:\/\/www.anofm.ro\/bacau\/wp-json\/wp\/v2\/media?parent=93"}],"wp:term":[{"taxonomy":"category","embeddable":true,"href":"https:\/\/www.anofm.ro\/bacau\/wp-json\/wp\/v2\/categories?post=93"},{"taxonomy":"post_tag","embeddable":true,"href":"https:\/\/www.anofm.ro\/bacau\/wp-json\/wp\/v2\/tags?post=93"}],"curies":[{"name":"wp","href":"https:\/\/api.w.org\/{rel}","templated":true}]}}