{"id":92,"date":"2020-01-15T00:00:00","date_gmt":"2020-01-14T22:00:00","guid":{"rendered":"https:\/\/www.anofm.ro\/bacau\/300-locuri-de-munca-in-domeniul-agricol-recoltare-fructe-in-spania-firma-surexport-prin-intermediul-retelei-eures-romania\/"},"modified":"2020-01-15T00:00:00","modified_gmt":"2020-01-14T22:00:00","slug":"300-locuri-de-munca-in-domeniul-agricol-recoltare-fructe-in-spania-firma-surexport-prin-intermediul-retelei-eures-romania","status":"publish","type":"post","link":"https:\/\/www.anofm.ro\/bacau\/300-locuri-de-munca-in-domeniul-agricol-recoltare-fructe-in-spania-firma-surexport-prin-intermediul-retelei-eures-romania\/","title":{"rendered":"300 locuri de munc\u0103 \u00een domeniul agricol (recoltare fructe) \u00een Spania- firma SUREXPORT, prin intermediul Re\u0163elei EURES ROM\u00c2NIA"},"content":{"rendered":"<p class=\"MsoNormal\" align=\"center\" style=\"text-align:center\"><b><span lang=\"RO\" style=\"font-size:16.0pt\">Comunicat de pres\u0103<\/span><\/b><\/p>\n<p class=\"MsoNormal\" align=\"center\" style=\"text-align:center\"><span lang=\"RO\">\u00a0<\/span><\/p>\n<p class=\"MsoNormal\" align=\"center\" style=\"text-align:center\"><b><span lang=\"IT\" style=\"font-size:13.0pt\">300 locuri de munc\u0103 \u00een domeniul agricol (recoltare fructe)<\/span><\/b><\/p>\n<p class=\"MsoNormal\" align=\"center\" style=\"text-align:center\"><b><span lang=\"IT\" style=\"font-size:13.0pt\">\u00een Spania- firma SUREXPORT, prin intermediul Re\u0163elei EURES ROM\u00c2NIA<\/span><\/b><\/p>\n<p class=\"MsoNormal\" style=\"text-align:justify\"><span lang=\"IT\" style=\"font-size:14.0pt\">\u00a0<\/span><\/p>\n<p class=\"MsoNormal\" style=\"text-align:justify\"><b><span lang=\"RO\" style=\"font-size:12.0pt\">Firma <\/span><\/b><b><span lang=\"RO\">SUREXPORT COMPANIA AGRARIA S.L.<\/span><\/b><span lang=\"RO\" style=\"font-size:12.0pt\"> din regiunea Huelva, localitatea Almonte, Spania ofer\u0103<br \/>\n900 locuri de munc\u0103 \u00een agricultur\u0103 la recoltare fructelor: <\/span><span lang=\"RO\">c\u0103p\u0219uni,<br \/>\nzmeur\u0103, mure \u0219i afine.<\/span><\/p>\n<p class=\"MsoNormal\" style=\"text-align:justify\"><b><span lang=\"RO\" style=\"font-size:6.0pt\">\u00a0<\/span><\/b><\/p>\n<p class=\"MsoNormal\" style=\"text-align:justify\"><b><span lang=\"RO\" style=\"font-size:12.0pt\">Descriere<br \/>\nloc de munc\u0103:<\/span><\/b><span lang=\"RO\" style=\"font-size:12.0pt\"> <\/span><span lang=\"RO\">se lucreaz\u0103 6.30<br \/>\nore\/zi (cu pauz\u0103 de mas\u0103 o jum\u0103tate de or\u0103), \u00een conformitate cu acordul<br \/>\ncolectiv din provincia Huelva.<\/span><\/p>\n<p class=\"MsoNormal\" style=\"text-align:justify\"><b><span lang=\"RO\" style=\"font-size:6.0pt\">\u00a0<\/span><\/b><\/p>\n<p class=\"MsoNormal\" style=\"text-align:justify\"><b><span lang=\"RO\" style=\"font-size:12.0pt\">Cerin\u021be:<\/span><\/b><span lang=\"RO\" style=\"font-size:12.0pt\"> <\/span><span lang=\"RO\">femei (150 persoane) \u0219i 75 cupluri; v\u00e2rsta 18 &#8211;<br \/>\n50 ani; experien\u021b\u0103 \u00een agricultur\u0103 \u0219i capabile s\u0103 recolteze c\u0103p\u0219uni, afine,<br \/>\nzmeur\u0103 \u0219i mure, la temperaturi ridicate \u00een prim\u0103var\u0103, din sere.<\/span><b><u><span lang=\"RO\" style=\"font-size:12.0pt\"><\/span><\/u><\/b><\/p>\n<p class=\"MsoNormal\" style=\"text-align:justify\"><b><span lang=\"RO\" style=\"font-size:6.0pt\">\u00a0<\/span><\/b><\/p>\n<p class=\"MsoNormal\" style=\"text-align:justify\"><b><span lang=\"RO\" style=\"font-size:12.0pt\">Limba str\u0103in\u0103<\/span><\/b><span lang=\"RO\" style=\"font-size:12.0pt\">: <\/span><span lang=\"RO\">nu<br \/>\nse solicit\u0103<\/span><b><u><span lang=\"RO\" style=\"font-size:12.0pt\"><\/span><\/u><\/b><\/p>\n<p class=\"MsoNormal\" style=\"text-align:justify\"><b><span lang=\"RO\" style=\"font-size:6.0pt\">\u00a0<\/span><\/b><\/p>\n<p class=\"MsoNormal\" style=\"text-align:justify\"><b><span lang=\"RO\" style=\"font-size:12.0pt\">Salariu:<\/span><\/b><span lang=\"RO\" style=\"font-size:12.0pt\"> <\/span><span lang=\"RO\">plata se face pe card. Salariu brut 42,90<br \/>\neuro\/zi (net 39,33 euro\/zi). La sf\u00e2r\u0219itul campaniei, firma pl\u0103te\u0219te un bonus de<br \/>\n0,70 euro centi\/zi (persoane noi) \u0219i la persoanele care au mai lucrat la firm\u0103,<br \/>\nun bonus de 0,80 euro cen\u021bi\/zi. Orele suplimentare se pl\u0103tesc cu 6,67 euro<br \/>\nbrut\/or\u0103.<\/span><\/p>\n<p class=\"MsoNormal\" style=\"text-align:justify\"><b><span lang=\"RO\" style=\"font-size:6.0pt\">\u00a0<\/span><\/b><\/p>\n<p class=\"MsoNormal\" style=\"text-align:justify\"><b><span lang=\"RO\" style=\"font-size:12.0pt\">Beneficii \u0219i<br \/>\nalte condi\u021bii<\/span><\/b><span lang=\"RO\" style=\"font-size:12.0pt\">:<\/span><span lang=\"RO\" style=\"font-size:12.0pt\"> <\/span><span lang=\"RO\">cazarea este oferit\u0103 gratuit de companie; se pl\u0103tesc<br \/>\nutilit\u0103\u021bile (electricitate, apa, gunoi \u0219i butelie) 1,73 euro\/zi. C\u0103l\u0103toria \u00een<br \/>\nSpania este pl\u0103tit\u0103 de companie, dar \u00een caz de nerespectare a dou\u0103 luni de<br \/>\ncontract se va re\u021bine din ultimul salariu al muncitorului. \u00centoarcerea \u00een Rom\u00e2nia<br \/>\neste platit\u0103 de muncitor.<\/span><\/p>\n<p class=\"MsoNormal\" style=\"text-align:justify\"><b><span lang=\"RO\" style=\"font-size:6.0pt\">\u00a0<\/span><\/b><\/p>\n<p class=\"MsoNormal\" style=\"text-align:justify\"><b><span lang=\"RO\" style=\"font-size:12.0pt\">Durat\u0103<br \/>\ncontract:<\/span><\/b><span lang=\"RO\" style=\"font-size:12.0pt\"> <\/span><span lang=\"RO\">Angajare cu contract<br \/>\ntemporar de 3 luni, 6 luni sau 9 luni, cu perioad\u0103 de prob\u0103 15 zile. Contractul<br \/>\n\u00eencepe cu 1 martie 2020.<\/span><\/p>\n<p class=\"MsoNormal\" style=\"text-align:justify\"><b><span lang=\"RO\" style=\"font-size:6.0pt\">\u00a0<\/span><\/b><\/p>\n<p class=\"MsoNormal\" style=\"text-align:justify\"><b><span lang=\"RO\" style=\"font-size:12.0pt\">Mod de<br \/>\naplicare: <\/span><\/b><span lang=\"RO\">persoanele cu domiciliul \u00een<br \/>\njude\u021bul Bacau, care corespund cerin\u021belor posturilor oferite, trebuie s\u0103 se<br \/>\nadreseze consilierului EURES, din cadrul Agen\u021biei Jude\u021bene pentru Ocuparea<br \/>\nFor\u021bei de Munc\u0103 Bacau, compartiment EURES (informa\u021bii \u0219i la telefon 0234\/576736),<br \/>\npentru a fi \u00eenregistrate \u00een baza de date pentru munca \u00een str\u0103in\u0103tate.<br \/>\n\u00censcrierea \u00een baza de date pentru munca \u00een str\u0103inatate se realizeaza pe baza<br \/>\nurm\u0103toarelor documente: consim\u021b\u0103m\u00e2nt tip (se completeaz\u0103 la sediul agen\u021biei),<br \/>\ncopie act identitate, adeverin\u021b\u0103 medical\u0103 cu men\u021biunea &#8222;clinic<br \/>\ns\u0103n\u0103tos&#8221;, <\/span><span lang=\"RO\">CV, <\/span><span lang=\"RO\">NIE (numarul de securitate social\u0103 din Spania &#8211;<br \/>\nacolo unde este cazul).<\/span><\/p>\n<p class=\"MsoNormal\" style=\"text-align:justify\"><span lang=\"RO\" style=\"font-size:9.0pt\">\u00a0<\/span><\/p>\n<p class=\"MsoNormal\" style=\"text-align:justify\"><span lang=\"RO\">Persoanele<br \/>\nselectate vor fi contactate de c\u0103tre angajator.<b><\/b><\/span><\/p>\n<p class=\"MsoNormal\" style=\"text-align:justify\"><b><span lang=\"RO\" style=\"font-size:6.0pt\">\u00a0<\/span><\/b><\/p>\n<p class=\"MsoNormal\" style=\"text-align:justify\"><b><span lang=\"RO\" style=\"font-size:10.0pt\">\u00a0<\/span><\/b><\/p>\n<p class=\"MsoNormal\" style=\"text-align:justify\"><b><span lang=\"RO\" style=\"font-size:12.0pt\">Termenul<br \/>\nlimita pentru depunerea dosarelor este 01 martie 2020.<\/span><\/b><span lang=\"RO\" style=\"font-size:12.0pt\"><\/span><\/p>\n<p class=\"MsoNormal\" style=\"text-align:justify\"><b><span lang=\"RO\" style=\"font-size:20.0pt\">\u00a0<\/span><\/b><\/p>\n<p class=\"MsoNormal\" style=\"text-align:justify\"><span lang=\"RO\" style=\"font-size:12.0pt\">Director Executiv \u00a0\u00a0\u00a0\u00a0\u00a0\u00a0\u00a0\u00a0\u00a0\u00a0\u00a0\u00a0\u00a0\u00a0\u00a0\u00a0\u00a0\u00a0\u00a0\u00a0\u00a0\u00a0\u00a0\u00a0\u00a0\u00a0\u00a0\u00a0\u00a0\u00a0\u00a0\u00a0\u00a0\u00a0\u00a0\u00a0\u00a0\u00a0\u00a0\u00a0\u00a0\u00a0\u00a0\u00a0\u00a0\u00a0\u00a0\u00a0\u00a0\u00a0\u00a0\u00a0\u00a0\u00a0\u00a0\u00a0\u00a0\u00a0\u00a0\u00a0\u00a0\u00a0\u00a0\u00a0\u00a0\u00a0\u00a0\u00a0\u00a0 \u00centocmit<\/span><\/p>\n<p class=\"MsoNormal\"><span lang=\"RO\" style=\"font-size:12.0pt\">Andreea Florina AVRAM\u00a0\u00a0\u00a0\u00a0\u00a0\u00a0\u00a0\u00a0\u00a0\u00a0\u00a0\u00a0\u00a0\u00a0\u00a0\u00a0\u00a0\u00a0\u00a0\u00a0\u00a0\u00a0\u00a0\u00a0\u00a0\u00a0\u00a0\u00a0\u00a0\u00a0\u00a0\u00a0\u00a0\u00a0\u00a0\u00a0\u00a0\u00a0\u00a0\u00a0\u00a0\u00a0\u00a0 \u00a0\u00a0\u00a0\u00a0\u00a0Carmen<br \/>\nCOSTAN consilier superior<\/span><\/p>\n<p class=\"MsoNormal\"><span lang=\"RO\" style=\"font-size:16.0pt\">\u00a0<\/span><\/p>\n<p class=\"MsoNormal\"><span lang=\"RO\" style=\"font-size:16.0pt\">\u00a0<\/span><\/p>\n<p class=\"MsoNormal\" style=\"line-height:150%\"><b><span lang=\"RO\" style=\"line-height:150%\">Comunicare<\/span><\/b><\/p>\n<p class=\"MsoNormal\" align=\"center\" style=\"text-align:center\">\n<p class=\"MsoNormal\" style=\"text-align:justify;line-height:150%\"><b><span lang=\"RO\" style=\"line-height:150%\">Agen\u021bia Jude\u021bean\u0103 pentru Ocuparea For\u021bei de Munc\u0103 Bacau<\/span><\/b><b><span lang=\"RO\" style=\"font-size:10.0pt;line-height:150%\"><\/span><\/b><\/p>\n<p><\/p>\n<p><a href=\"\/upload\/10348\/Comunicat_presa_Spania-SUREXPORT_2020.pdf\">Comunicat_presa_SUREXPORT_-Spania_2020.pdf<\/a> <\/p><\/p>\n","protected":false},"excerpt":{"rendered":"<p>300 locuri de munc\u0103 \u00een domeniul agricol (recoltare fructe)<br \/>\n\u00een Spania- firma SUREXPORT, prin intermediul Re\u0163elei EURES ROM\u00c2NIA<\/p>\n","protected":false},"author":0,"featured_media":0,"comment_status":"closed","ping_status":"closed","sticky":false,"template":"","format":"standard","meta":{"footnotes":""},"categories":[9],"tags":[],"class_list":["post-92","post","type-post","status-publish","format-standard","hentry","category-comunicate-de-presa"],"_links":{"self":[{"href":"https:\/\/www.anofm.ro\/bacau\/wp-json\/wp\/v2\/posts\/92","targetHints":{"allow":["GET"]}}],"collection":[{"href":"https:\/\/www.anofm.ro\/bacau\/wp-json\/wp\/v2\/posts"}],"about":[{"href":"https:\/\/www.anofm.ro\/bacau\/wp-json\/wp\/v2\/types\/post"}],"replies":[{"embeddable":true,"href":"https:\/\/www.anofm.ro\/bacau\/wp-json\/wp\/v2\/comments?post=92"}],"version-history":[{"count":0,"href":"https:\/\/www.anofm.ro\/bacau\/wp-json\/wp\/v2\/posts\/92\/revisions"}],"wp:attachment":[{"href":"https:\/\/www.anofm.ro\/bacau\/wp-json\/wp\/v2\/media?parent=92"}],"wp:term":[{"taxonomy":"category","embeddable":true,"href":"https:\/\/www.anofm.ro\/bacau\/wp-json\/wp\/v2\/categories?post=92"},{"taxonomy":"post_tag","embeddable":true,"href":"https:\/\/www.anofm.ro\/bacau\/wp-json\/wp\/v2\/tags?post=92"}],"curies":[{"name":"wp","href":"https:\/\/api.w.org\/{rel}","templated":true}]}}