{"id":88,"date":"2019-11-29T00:00:00","date_gmt":"2019-11-28T22:00:00","guid":{"rendered":"https:\/\/www.anofm.ro\/bacau\/angajatorii-sunt-obligati-sa-anunte-locurile-de-munca-vacante-si-ocuparea-acestora\/"},"modified":"2019-11-29T00:00:00","modified_gmt":"2019-11-28T22:00:00","slug":"angajatorii-sunt-obligati-sa-anunte-locurile-de-munca-vacante-si-ocuparea-acestora","status":"publish","type":"post","link":"https:\/\/www.anofm.ro\/bacau\/angajatorii-sunt-obligati-sa-anunte-locurile-de-munca-vacante-si-ocuparea-acestora\/","title":{"rendered":"Angajatorii sunt obliga\u021bi s\u0103 anun\u021be locurile de munc\u0103 vacante \u0219i ocuparea acestora"},"content":{"rendered":"<p class=\"MsoNormal\" align=\"right\" style=\"margin-left:72.0pt;text-align:right\"><b><span lang=\"RO\" style=\"color:black\">19 Noiembrie 2019<\/span><\/b><\/p>\n<p class=\"MsoNormal\" style=\"margin-left:72.0pt\"><b><span lang=\"RO\" style=\"color:black\">\u00a0<\/span><\/b><\/p>\n<p class=\"MsoNormal\" style=\"margin-left:72.0pt\"><b><span lang=\"RO\" style=\"color:black\">\u00a0<\/span><\/b><\/p>\n<p class=\"MsoNormal\" style=\"margin-left:72.0pt\"><b><span lang=\"RO\" style=\"color:black\">Comunicat de pres\u0103 <\/span><\/b><\/p>\n<p class=\"MsoNormal\" style=\"margin-left:72.0pt\"><b><span lang=\"RO\" style=\"color:black\">\u00a0<\/span><\/b><\/p>\n<p class=\"MsoNormal\" style=\"margin-left:72.0pt\"><b><span lang=\"RO\" style=\"color:black\">Angajatorii sunt obliga\u021bi s\u0103 anun\u021be locurile de munc\u0103 vacante \u0219i ocuparea<br \/>\nacestora<\/span><\/b><\/p>\n<p style=\"margin-top:0cm;margin-right:0cm;margin-bottom:6.0pt;margin-left:72.0pt;text-align:justify;line-height:115%\"><span style=\"font-size:11.0pt;line-height:115%;font-family:\">Agen\u021bia Na\u021bional\u0103<br \/>\npentru Ocuparea For\u021bei de Munc\u0103 reaminte\u0219te tuturor angajatorilor (persoane<br \/>\nfizice\/juridice de drept public sau privat) c\u0103, potrivit art. 10 din Legea<span>\u00a0\u00a0\u00a0\u00a0\u00a0\u00a0\u00a0 <\/span><span>\u00a0<\/span>nr. 76\/2002 privind sistemul asigur\u0103rilor<br \/>\npentru \u015fomaj \u015fi stimularea ocup\u0103rii for\u0163ei de munc\u0103, au obliga\u021bia de a comunica<br \/>\nagen\u021biilor jude\u021bene pentru ocuparea for\u021bei de munc\u0103 (AJOFM) toate locurile de<br \/>\nmunc\u0103 vacante, <b>\u00een termen de 5 zile <\/b>lucr\u0103toare de la vacantarea acestora.<br \/>\n<\/span><\/p>\n<p style=\"margin-top:0cm;margin-right:0cm;margin-bottom:6.0pt;margin-left:72.0pt;text-align:justify;line-height:115%\"><span style=\"font-size:11.0pt;line-height:115%;font-family:\">Comunicarea<br \/>\nlocurilor de munc\u0103 vacante se realizeaz\u0103 prin completarea \u015fi transmiterea <\/span><a href=\"\/upload\/3265\/anexa_1a.doc\"><i><span style=\"font-size:11.0pt;line-height:115%;font-family:\">Anexei 1A<\/span><\/i><\/a><i><span style=\"font-size:11.0pt;line-height:115%;font-family:\"> <\/span><\/i><span style=\"font-size:11.0pt;line-height:115%;font-family:\">din Normele metodologice pentru<br \/>\naplicarea Legii nr. 76\/2002.<\/span><\/p>\n<p class=\"MsoNormal\" style=\"margin-left:72.0pt;text-indent:-.15pt\"><span>De asemenea, angajatorii au obliga\u0163ia s\u0103<br \/>\ncomunice \u015fi ocuparea locurilor de munc\u0103 vacante care au fost declarate la<br \/>\nAJOFM, <b>\u00een termen de o zi <\/b>de la data ocup\u0103rii acestora, \u00een condi\u0163iile<br \/>\nlegii. \u00cen acest sens, angajatorii completeaz\u0103 \u015fi transmit <\/span><a href=\"\/upload\/3265\/anexa_1b.doc\"><i><span>Anexa 1B<\/span><\/i><\/a><i><span> <\/span><\/i><span>din Normele metodologice pentru aplicarea Legii nr. 76\/2002.<\/span><\/p>\n<p class=\"MsoNormal\" style=\"margin-left:72.0pt\"><span>Locuri de munc\u0103 vacante sunt, potrivit actului normativ mai sus<br \/>\nmen\u021bionat, locurile de munc\u0103 devenite disponibile ca urmare a \u00eencet\u0103rii<br \/>\nraporturilor de munc\u0103 sau de serviciu, precum \u015fi locurile de munc\u0103 nou create.<\/span><\/p>\n<p style=\"margin-top:0cm;margin-right:0cm;margin-bottom:6.0pt;margin-left:72.0pt;line-height:115%\"><span style=\"font-size:11.0pt;line-height:115%;font-family:\">Angajatorii care au \u00eencadrat \u00een munc\u0103, conform legii,<br \/>\npersoane din r\u00e2ndul beneficiarilor de indemniza\u0163ie de \u015fomaj au obliga\u0163ia de a<br \/>\nanun\u0163a <b>\u00een termen de 3 zile <\/b>agen\u0163iile pentru ocuparea for\u0163ei de munc\u0103 la<br \/>\ncare ace\u015ftia au fost \u00eenregistra\u0163i, conform art.41 alin.(2) din Legea<br \/>\nnr.76\/2002.<\/span><\/p>\n<p style=\"margin-top:0cm;margin-right:0cm;margin-bottom:6.0pt;margin-left:72.0pt;text-align:justify;line-height:115%\"><span style=\"font-size:11.0pt;line-height:115%;font-family:\">Nerespectarea<br \/>\nprevederilor art. 10 din Legea nr 76\/2002 constituie contraven\u0163ie \u015fi se<br \/>\nsanc\u0163ioneaz\u0103 cu amend\u0103 de la 3.000 lei la 5.000 lei. De asemenea, nerespectarea<br \/>\nprevederilor art. 41 alin. (2) constituie contraven\u021bie \u0219i se sanc\u021bioneaz\u0103 cu<br \/>\namend<\/span><span lang=\"RO\" style=\"font-size:11.0pt;line-height:115%;font-family:\">\u0103<\/span><span style=\"font-size:11.0pt;line-height:115%;font-family:\"> de la 5.000 lei la 10.000 lei.<\/span><\/p>\n<p class=\"MsoNormal\" style=\"margin-top:0cm;margin-right:0cm;margin-bottom:0cm;margin-left:72.0pt;margin-bottom:.0001pt;background:white\"><b><span lang=\"RO\">Serviciul Comunicare \u015fi<br \/>\nSecretariatul Consiliului de Administra\u0163ie <\/span><\/b><\/p>\n","protected":false},"excerpt":{"rendered":"<p>Angajatorii sunt obliga\u021bi s\u0103 anun\u021be locurile de munc\u0103 vacante \u0219i ocuparea acestora<\/p>\n","protected":false},"author":0,"featured_media":0,"comment_status":"closed","ping_status":"closed","sticky":false,"template":"","format":"standard","meta":{"footnotes":""},"categories":[9],"tags":[],"class_list":["post-88","post","type-post","status-publish","format-standard","hentry","category-comunicate-de-presa"],"_links":{"self":[{"href":"https:\/\/www.anofm.ro\/bacau\/wp-json\/wp\/v2\/posts\/88","targetHints":{"allow":["GET"]}}],"collection":[{"href":"https:\/\/www.anofm.ro\/bacau\/wp-json\/wp\/v2\/posts"}],"about":[{"href":"https:\/\/www.anofm.ro\/bacau\/wp-json\/wp\/v2\/types\/post"}],"replies":[{"embeddable":true,"href":"https:\/\/www.anofm.ro\/bacau\/wp-json\/wp\/v2\/comments?post=88"}],"version-history":[{"count":0,"href":"https:\/\/www.anofm.ro\/bacau\/wp-json\/wp\/v2\/posts\/88\/revisions"}],"wp:attachment":[{"href":"https:\/\/www.anofm.ro\/bacau\/wp-json\/wp\/v2\/media?parent=88"}],"wp:term":[{"taxonomy":"category","embeddable":true,"href":"https:\/\/www.anofm.ro\/bacau\/wp-json\/wp\/v2\/categories?post=88"},{"taxonomy":"post_tag","embeddable":true,"href":"https:\/\/www.anofm.ro\/bacau\/wp-json\/wp\/v2\/tags?post=88"}],"curies":[{"name":"wp","href":"https:\/\/api.w.org\/{rel}","templated":true}]}}