{"id":72,"date":"2019-07-03T00:00:00","date_gmt":"2019-07-02T21:00:00","guid":{"rendered":"https:\/\/www.anofm.ro\/bacau\/angajarea-elevilor-si-studentilor-pe-perioada-vacantei\/"},"modified":"2019-07-03T00:00:00","modified_gmt":"2019-07-02T21:00:00","slug":"angajarea-elevilor-si-studentilor-pe-perioada-vacantei","status":"publish","type":"post","link":"https:\/\/www.anofm.ro\/bacau\/angajarea-elevilor-si-studentilor-pe-perioada-vacantei\/","title":{"rendered":"Angajarea elevilor si studentilor pe perioada vacantei"},"content":{"rendered":"<p class=\"MsoNormal\" style=\"margin-left:0cm\"><span lang=\"RO\">Comunicat de pres\u0103<\/span><\/p>\n<p class=\"MsoNormal\" style=\"margin-left:0cm\"><span lang=\"RO\">Stimulente pentru angajarea elevilor \u015fi<br \/>\nstuden\u0163ilor pe perioada vacan\u0163ei<\/span><\/p>\n<p class=\"MsoNormal\" style=\"margin-left:0cm\"><span lang=\"RO\">\u00a0<\/span><\/p>\n<p class=\"MsoNormal\" style=\"margin-left:0cm\"><span lang=\"RO\">Agen\u0163ia Na\u0163ional\u0103 pentru Ocuparea For\u0163ei de Munc\u0103<br \/>\nreaminte\u015fte angajatorilor c\u0103 pot beneficia de un stimulent financiar lunar, \u00een<br \/>\nvaloare de 250 lei, acordat din bugetul asigur\u0103rilor pentru \u015fomaj, pentru<br \/>\nfiecare elev \u015fi student \u00eencadrat \u00een munc\u0103 pe perioada vacan\u021bei. Angajarea<br \/>\nelevilor \u015fi studen\u0163ilor se poate realiza pe perioada vacan\u0163elor, iar<br \/>\nstimulentul financiar se poate acorda pentru o perioad\u0103 de maximum 60 de zile<br \/>\nlucr\u0103toare \u00eentr-un an calendaristic, pentru fiecare elev \u015fi student pentru care<br \/>\ns-a \u00eencheiat contract individual de munc\u0103. Diferen\u0163a dintre stimulentul lunar<br \/>\nacordat \u015fi salariul realizat se suport\u0103 de c\u0103tre angajator din fonduri proprii.<br \/>\n<\/span><\/p>\n<p class=\"MsoNormal\" style=\"margin-left:0cm\"><span lang=\"RO\">Beneficiaz\u0103 de stimulentul financiar lunar<br \/>\nprev\u0103zut mai sus angajatorii care \u00eencadreaz\u0103 \u00een munc\u0103 elevi \u015fi studen\u0163i \u00een baza<br \/>\nurm\u0103toarelor documente:<\/span><\/p>\n<p class=\"MsoNormal\" style=\"margin-left:0cm\"><span lang=\"RO\">a) contract individual de munc\u0103 pe durat\u0103<br \/>\ndeterminat\u0103, egal\u0103 sau mai mic\u0103 dec\u00e2t durata vacan\u0163ei, \u00eencheiat \u00een condi\u0163iile<br \/>\nlegii, cu norm\u0103 \u00eentreag\u0103 sau, dup\u0103 caz, cu timp par\u0163ial;<\/span><\/p>\n<p class=\"MsoNormal\" style=\"margin-left:0cm\"><span lang=\"RO\">b) contract de munc\u0103 temporar\u0103, numai dac\u0103 durata<br \/>\nmisiunii de munc\u0103 temporar\u0103 este egal\u0103 sau mai mic\u0103 dec\u00e2t durata vacan\u0163ei.<\/span><\/p>\n<p class=\"MsoNormal\" style=\"margin-left:0cm\"><span lang=\"RO\">\u00cen cazul tinerilor \u00een v\u00e2rst\u0103 de p\u00e2n\u0103 la 18 ani,<br \/>\ncontractul individual de munc\u0103 \u00eencheiat cu durata timpului de munc\u0103 de 6 ore pe<br \/>\nzi \u015fi de 30 de ore pe s\u0103pt\u0103m\u00e2n\u0103 se consider\u0103 \u00eencheiat cu norm\u0103 \u00eentreag\u0103. Pentru<br \/>\na beneficia de acordarea stimulentului financiar, angajatorii trebuie s\u0103<br \/>\n\u00eencheie o conven\u0163ie cu agen\u0163ia pentru ocuparea for\u0163ei de munc\u0103 jude\u0163ean\u0103,<br \/>\nrespectiv a municipiului Bucure\u015fti, \u00een termen de 30 de zile de la data<br \/>\nangaj\u0103rii elevilor \u015fi studen\u0163ilor. <\/span><\/p>\n<p class=\"MsoNormal\" style=\"margin-left:0cm\"><span lang=\"RO\">Pentru informa\u0163ii suplimentare, angajatorii<br \/>\ninteresa\u0163i se pot adresa agen\u0163iilor jude\u0163ene pentru ocuparea for\u0163ei de munc\u0103,<br \/>\nale c\u0103ror date de contact sunt disponibile la adresa: www.anofm.ro<\/span><\/p>\n","protected":false},"excerpt":{"rendered":"<p>Angajarea elevilor si studentilor pe perioada vacantei<\/p>\n","protected":false},"author":0,"featured_media":0,"comment_status":"closed","ping_status":"closed","sticky":false,"template":"","format":"standard","meta":{"footnotes":""},"categories":[9],"tags":[],"class_list":["post-72","post","type-post","status-publish","format-standard","hentry","category-comunicate-de-presa"],"_links":{"self":[{"href":"https:\/\/www.anofm.ro\/bacau\/wp-json\/wp\/v2\/posts\/72","targetHints":{"allow":["GET"]}}],"collection":[{"href":"https:\/\/www.anofm.ro\/bacau\/wp-json\/wp\/v2\/posts"}],"about":[{"href":"https:\/\/www.anofm.ro\/bacau\/wp-json\/wp\/v2\/types\/post"}],"replies":[{"embeddable":true,"href":"https:\/\/www.anofm.ro\/bacau\/wp-json\/wp\/v2\/comments?post=72"}],"version-history":[{"count":0,"href":"https:\/\/www.anofm.ro\/bacau\/wp-json\/wp\/v2\/posts\/72\/revisions"}],"wp:attachment":[{"href":"https:\/\/www.anofm.ro\/bacau\/wp-json\/wp\/v2\/media?parent=72"}],"wp:term":[{"taxonomy":"category","embeddable":true,"href":"https:\/\/www.anofm.ro\/bacau\/wp-json\/wp\/v2\/categories?post=72"},{"taxonomy":"post_tag","embeddable":true,"href":"https:\/\/www.anofm.ro\/bacau\/wp-json\/wp\/v2\/tags?post=72"}],"curies":[{"name":"wp","href":"https:\/\/api.w.org\/{rel}","templated":true}]}}