{"id":71,"date":"2019-07-03T00:00:00","date_gmt":"2019-07-02T21:00:00","guid":{"rendered":"https:\/\/www.anofm.ro\/bacau\/inregistrarea-absolventilor-promotia-2019\/"},"modified":"2019-07-03T00:00:00","modified_gmt":"2019-07-02T21:00:00","slug":"inregistrarea-absolventilor-promotia-2019","status":"publish","type":"post","link":"https:\/\/www.anofm.ro\/bacau\/inregistrarea-absolventilor-promotia-2019\/","title":{"rendered":"Inregistrarea absolventilor promotia 2019"},"content":{"rendered":"<p class=\"MsoNormal\" style=\"margin-left:0cm\"><span lang=\"RO\"><span>\u00a0\u00a0\u00a0\u00a0\u00a0\u00a0\u00a0\u00a0\u00a0\u00a0\u00a0\u00a0\u00a0\u00a0\u00a0\u00a0<br \/>\n<\/span><span>\u00a0\u00a0\u00a0\u00a0\u00a0\u00a0\u00a0\u00a0\u00a0\u00a0\u00a0\u00a0\u00a0\u00a0\u00a0\u00a0<\/span><span>\u00a0<\/span><span>\u00a0\u00a0\u00a0\u00a0<\/span><span>\u00a0\u00a0\u00a0<\/span>Comunicat de pres\u0103<\/span><\/p>\n<p class=\"MsoNormal\" style=\"margin-left:0cm\"><span lang=\"RO\"><span>\u00a0\u00a0\u00a0\u00a0\u00a0 <\/span><span>\u00a0\u00a0\u00a0 <\/span><span>\u00a0\u00a0\u00a0\u00a0\u00a0\u00a0\u00a0\u00a0\u00a0\u00a0\u00a0\u00a0\u00a0\u00a0\u00a0\u00a0\u00a0\u00a0\u00a0<\/span>In aten\u0163ia absolven\u0163ilor<br \/>\npromo\u0163iei 2019<\/span><\/p>\n<p class=\"MsoNormal\" style=\"margin-left:0cm\"><span lang=\"RO\">\u00a0<\/span><\/p>\n<p class=\"MsoNormal\" style=\"margin-left:0cm\"><span lang=\"RO\">Reamintim absolven\u021bilor faptul c\u0103, termen de 60<br \/>\nde zile de la absolvire, sunt a\u015ftepta\u0163i s\u0103 se \u00eenregistreze \u00een eviden\u0163ele<br \/>\nagen\u021biilor pentru ocuparea for\u0163ei de munc\u0103 pentru a beneficia servicii<br \/>\npersonalizate \u00een vederea integr\u0103rii pe pia\u0163a for\u0163ei de munc\u0103.<\/span><\/p>\n<p class=\"MsoNormal\" style=\"margin-left:0cm\"><span lang=\"RO\">Preciz\u0103m c\u0103 \u00eenregistrarea ca persoan\u0103 aflat\u0103 \u00een<br \/>\nc\u0103utarea unui loc de munc\u0103 este o etap\u0103 prealabil\u0103 \u0219i obligatorie \u00een vederea<br \/>\nob\u021binerii facilit\u0103\u021bilor acordate potrivit Legii nr. 76\/2002 privind sistemul<br \/>\nasigur\u0103rilor pentru \u0219omaj \u0219i stimularea ocup\u0103rii for\u021bei de munc\u0103.<\/span><\/p>\n<p class=\"MsoNormal\" style=\"margin-left:0cm\"><span lang=\"RO\">Astfel, absolven\u0163ii institu\u021biilor de \u00eenv\u0103\u021b\u0103m\u00e2nt<br \/>\ncare se \u00eenregistreaz\u0103 \u00een eviden\u0163ele agen\u0163iilor pentru ocuparea for\u021bei de munc\u0103<br \/>\n\u00een raza c\u0103rora \u00ee\u0219i au domiciliul, beneficiaz\u0103 de servicii de informare \u015fi<br \/>\nconsiliere profesional\u0103, medierea muncii, servicii gratuite de formare<br \/>\nprofesional\u0103, precum \u0219i de facilit\u0103\u021bi financiare.<\/span><\/p>\n<p class=\"MsoNormal\" style=\"margin-left:0cm\"><span lang=\"RO\">Actele necesare pentru \u00eenregistrarea<br \/>\nabsolven\u021bilor \u00een eviden\u0163ele agen\u0163iilor teritoriale ca persoane aflate \u00een<br \/>\nc\u0103utarea unui loc de munc\u0103, sunt:<\/span><\/p>\n<p class=\"MsoNormal\" style=\"margin-left:0cm\"><span lang=\"RO\">\u2022 actul de identitate, \u00een original \u015fi copie;<\/span><\/p>\n<p class=\"MsoNormal\" style=\"margin-left:0cm\"><span lang=\"RO\">\u2022 actele de studii \u015fi de calificare sau<br \/>\nadeverin\u0163a din care s\u0103 rezulte data absolvirii, \u00een original \u015fi copie;<\/span><\/p>\n<p class=\"MsoNormal\" style=\"margin-left:0cm\"><span lang=\"RO\">\u2022 adeverin\u0163a medical\u0103 din care s\u0103 rezulte c\u0103<br \/>\npersoana este clinic s\u0103n\u0103toas\u0103 sau apt\u0103 de munc\u0103 ori c\u0103 are eventuale<br \/>\nrestric\u0163ii medicale.<\/span><\/p>\n<p class=\"MsoNormal\" style=\"margin-left:0cm\"><span lang=\"RO\">Prin absolvent al unei institu\u0163ii de \u00eenv\u0103\u0163\u0103m\u00e2nt<br \/>\nse \u00een\u0163elege persoana care a ob\u0163inut o diplom\u0103 sau un certificat de studii, \u00een<br \/>\ncondi\u0163iile legii, \u00een una dintre institu\u0163iile de \u00eenv\u0103\u0163\u0103m\u00e2nt gimnazial,<br \/>\nprofesional, special, liceal, postliceal sau superior, de stat ori particular,<br \/>\nautorizat sau acreditat \u00een condi\u0163iile legii.<\/span><\/p>\n<p class=\"MsoNormal\" style=\"margin-left:0cm\"><span lang=\"RO\">Absolven\u0163ii de liceu, indiferent dac\u0103 au promovat<br \/>\nsau nu examenul de Bacalaureat, sunt a\u0219tepta\u021bi s\u0103 se \u00eenregistreze \u00een eviden\u021bele<br \/>\nagen\u021biei jude\u021bene pentru ocuparea for\u021bei de munc\u0103 Bacau. Potrivit prevederilor<br \/>\nOrdinului nr. 3.220\/19 februarie 2018 al Ministrului Educa\u0163iei Na\u021bionale<br \/>\n\u201ecursurile claselor terminale din \u00eenv\u0103\u0163\u0103m\u00e2ntul liceal se \u00eencheie \u00een data de 31<br \/>\nmai 2019\u201d. Elevii care nu au situa\u0163ia \u0219colar\u0103 \u00eencheiat\u0103 la toate materiile, se<br \/>\npot \u00eenregistra \u00een eviden\u021bele agen\u021biei \u00een termen de 60 de zile de la data<br \/>\npromov\u0103rii examenului de corigen\u021b\u0103, data \u00eenscris\u0103 \u00een adeverin\u0163a eliberat\u0103 de<br \/>\ninstitu\u0163ia de \u00eenv\u0103\u0163\u0103m\u00e2nt.<\/span><\/p>\n","protected":false},"excerpt":{"rendered":"<p>Inregistrarea absolventilor promotia 2019<\/p>\n","protected":false},"author":0,"featured_media":0,"comment_status":"closed","ping_status":"closed","sticky":false,"template":"","format":"standard","meta":{"footnotes":""},"categories":[9],"tags":[],"class_list":["post-71","post","type-post","status-publish","format-standard","hentry","category-comunicate-de-presa"],"_links":{"self":[{"href":"https:\/\/www.anofm.ro\/bacau\/wp-json\/wp\/v2\/posts\/71","targetHints":{"allow":["GET"]}}],"collection":[{"href":"https:\/\/www.anofm.ro\/bacau\/wp-json\/wp\/v2\/posts"}],"about":[{"href":"https:\/\/www.anofm.ro\/bacau\/wp-json\/wp\/v2\/types\/post"}],"replies":[{"embeddable":true,"href":"https:\/\/www.anofm.ro\/bacau\/wp-json\/wp\/v2\/comments?post=71"}],"version-history":[{"count":0,"href":"https:\/\/www.anofm.ro\/bacau\/wp-json\/wp\/v2\/posts\/71\/revisions"}],"wp:attachment":[{"href":"https:\/\/www.anofm.ro\/bacau\/wp-json\/wp\/v2\/media?parent=71"}],"wp:term":[{"taxonomy":"category","embeddable":true,"href":"https:\/\/www.anofm.ro\/bacau\/wp-json\/wp\/v2\/categories?post=71"},{"taxonomy":"post_tag","embeddable":true,"href":"https:\/\/www.anofm.ro\/bacau\/wp-json\/wp\/v2\/tags?post=71"}],"curies":[{"name":"wp","href":"https:\/\/api.w.org\/{rel}","templated":true}]}}