{"id":68,"date":"2019-05-21T00:00:00","date_gmt":"2019-05-20T21:00:00","guid":{"rendered":"https:\/\/www.anofm.ro\/bacau\/luna-mai-este-luna-promovarii-economiei-sociale\/"},"modified":"2019-05-21T00:00:00","modified_gmt":"2019-05-20T21:00:00","slug":"luna-mai-este-luna-promovarii-economiei-sociale","status":"publish","type":"post","link":"https:\/\/www.anofm.ro\/bacau\/luna-mai-este-luna-promovarii-economiei-sociale\/","title":{"rendered":"Luna mai este luna promov\u0103rii economiei sociale"},"content":{"rendered":"<p class=\"MsoNormal\" style=\"margin-top:6.0pt;margin-right:0cm;margin-bottom:6.0pt;margin-left:72.0pt\"><b>Comunicat<br \/>\nde pres\u0103 <span>\u00a0\u00a0\u00a0\u00a0\u00a0\u00a0\u00a0\u00a0\u00a0\u00a0\u00a0\u00a0\u00a0\u00a0\u00a0\u00a0\u00a0\u00a0\u00a0\u00a0\u00a0\u00a0\u00a0\u00a0\u00a0\u00a0\u00a0\u00a0\u00a0\u00a0\u00a0\u00a0\u00a0\u00a0\u00a0\u00a0\u00a0\u00a0\u00a0\u00a0\u00a0\u00a0\u00a0\u00a0\u00a0\u00a0\u00a0\u00a0\u00a0\u00a0\u00a0\u00a0\u00a0\u00a0\u00a0\u00a0\u00a0\u00a0\u00a0\u00a0\u00a0\u00a0\u00a0\u00a0\u00a0\u00a0\u00a0\u00a0\u00a0\u00a0\u00a0\u00a0\u00a0\u00a0\u00a0 <\/span><\/b><\/p>\n<p class=\"MsoNormal\" style=\"margin-top:6.0pt;margin-right:0cm;margin-bottom:6.0pt;margin-left:72.0pt\"><b>Luna<br \/>\nmai este luna promov\u0103rii economiei sociale<\/b><\/p>\n<p class=\"MsoNormal\" style=\"margin-top:6.0pt;margin-right:0cm;margin-bottom:6.0pt;margin-left:72.0pt\">\u00a0<\/p>\n<p class=\"MsoNormal\" style=\"margin-top:6.0pt;margin-right:0cm;margin-bottom:6.0pt;margin-left:72.0pt\"><b>Luna<br \/>\nmai este luna promov\u0103rii economiei sociale<\/b> \u015fi este dedicat\u0103 organiz\u0103rii<br \/>\ndiferitelor evenimente sau ac\u0163iuni de mediatizare a domeniului economiei<br \/>\nsociale, av\u00e2nd drept scop dezvoltarea local\u0103 \u015fi cet\u0103\u0163enia activ\u0103, cooperarea \u015fi<br \/>\nsolidaritatea social\u0103.<\/p>\n<p class=\"MsoNormal\" style=\"margin-top:6.0pt;margin-right:0cm;margin-bottom:6.0pt;margin-left:72.0pt\">Acest sector, reglemetat de Legea nr.<br \/>\n219\/2015 privind economia social\u0103, are ca obiective cre\u015fterea calitativ\u0103 \u015fi<br \/>\ncantitativ\u0103 a ocup\u0103rii, prin crearea de locuri de munc\u0103 pe termen lung \u00een<br \/>\ncadrul \u00eentreprinderilor sociale de inser\u0163ie \u015fi a \u00eentreprinderilor sociale,<br \/>\ndezvoltarea de \u00eentreprinderi sociale de inser\u0163ie care asigur\u0103 m\u0103suri de<br \/>\nacompaniere a persoanelor din grupurile vulnerabile pe termen scurt sau mediu<br \/>\npentru integrare treptat\u0103 pe pia\u0163a muncii \u00een economia real\u0103, sus\u0163inerea \u015fi<br \/>\ndezvoltarea antreprenoriatului social. <\/p>\n<p class=\"MsoNormal\" style=\"margin-top:6.0pt;margin-right:0cm;margin-bottom:6.0pt;margin-left:72.0pt\"><span style=\"color:black\">Pentru<br \/>\n\u00eendeplinirea obiectivelor economiei sociale, entit\u0103\u021bile economiei sociale<br \/>\ndesf\u0103\u0219oar\u0103, \u00een principal, urm\u0103toarele activit\u0103\u021bi de interes general:<\/span><\/p>\n<p class=\"MsoNormalCxSpMiddle\" style=\"margin-top:6.0pt;margin-right:0cm;margin-bottom:6.0pt;margin-left:72.0pt\"><span style=\"color:black\">&#8211; producerea de bunuri, prestarea de servicii <\/span><span lang=\"RO\" style=\"color:black\">\u0219<\/span><span style=\"color:black\">i\/sau execu\u021bia de lucr\u0103ri care contribuie la bun\u0103starea<br \/>\ncomunit\u0103\u021bii sau a membrilor acesteia<\/span><span lang=\"RO\" style=\"color:black\">;<\/span><\/p>\n<p class=\"MsoNormalCxSpMiddle\" style=\"margin-top:6.0pt;margin-right:0cm;margin-bottom:6.0pt;margin-left:72.0pt\"><span style=\"color:black\">&#8211; promovarea cu prioritate a unor activit<\/span><span lang=\"RO\" style=\"color:black\">\u0103\u021bi care pot genera sau<br \/>\nasigura locuri de munc\u0103 pentru \u00eencadrarea persoanelor apar\u021bin\u00e2nd grupului<br \/>\nvulnerabil;<\/span><\/p>\n<p class=\"MsoNormalCxSpMiddle\" style=\"margin-top:6.0pt;margin-right:0cm;margin-bottom:6.0pt;margin-left:72.0pt\"><span lang=\"RO\" style=\"color:black\">&#8211; dezvoltarea unor programe de<br \/>\nformare profesional\u0103 dedicate persoanelor din grupul vulnerabil<\/span><span style=\"color:black\">;<\/span><\/p>\n<p class=\"MsoNormal\" style=\"margin-top:6.0pt;margin-right:0cm;margin-bottom:6.0pt;margin-left:72.0pt\"><span style=\"color:black\">&#8211; dezvoltarea<br \/>\nserviciilor sociale pentru cre<\/span><span lang=\"RO\" style=\"color:black\">\u0219<\/span><span style=\"color:black\">terea capacit\u0103\u021bii de<br \/>\ninser\u021bie pe pia\u021ba muncii a persoanelor din grupul vulnerabil.<\/span><\/p>\n<p class=\"MsoNormal\" style=\"margin-top:6.0pt;margin-right:0cm;margin-bottom:6.0pt;margin-left:72.0pt\"><span style=\"color:black\">Atestarea<br \/>\n\u00eentreprinderilor sociale \u0219i certificarea \u00eentreprinderilor sociale de inser\u021bie<br \/>\nsunt gratuite \u0219i se realizeaz\u0103 de c\u0103tre Agen\u021bia Na\u021bional\u0103 pentru Ocuparea<br \/>\nFor\u021bei de Munc\u0103 prin agen\u021biile jude\u021bene, <\/span>respectiv Agen\u021bia Muncipal\u0103<br \/>\npentru Ocuparea For\u021bei de Munc\u0103 Bucure\u0219ti. <\/p>\n<p class=\"MsoNormal\" style=\"margin-top:6.0pt;margin-right:0cm;margin-bottom:6.0pt;margin-left:72.0pt\"><span style=\"color:black\">Situa\u021bia<br \/>\n\u00eentreprinderilor<\/span> sociale care au primit atestat\/marc\u0103 se reg\u0103se\u0219te \u00een<br \/>\nRegistrul Unic de Eviden\u021b\u0103 a \u00centreprinderilor Sociale publicat la adresa <a href=\"\/upload\/4279\/Extras_Registru_MARTIE_2019.pdf\">https:\/\/www.anofm.ro\/upload\/4279\/Extras_Registru_MARTIE_2019.pdf<\/a><span class=\"MsoHyperlink\">, care se actualizeaz\u0103 lunar. <\/span><span lang=\"RO\"><\/span><\/p>\n<p class=\"MsoNormal\" style=\"margin-top:6.0pt;margin-right:0cm;margin-bottom:6.0pt;margin-left:72.0pt\">\u00cen cadrul campaniei de promovare a<br \/>\neconomiei sociale, Agen\u0163ia Na\u0163ional\u0103 pentru Ocuparea For\u0163ei de Munc\u0103, va<br \/>\ndesf\u0103\u0219ura, la nivel national, prin intermediul institu\u0163iilor subordonate, ac\u0163iuni<br \/>\nde tipul mese rotunde\/seminarii, \u00eent\u00e2lniri, prin care s\u0103 se asigure cadrul de<br \/>\ndialog \u00eentre speciali\u0219tii din domeniu, factori interesa\u021bi (reprezentan\u021bi ai<br \/>\nONG, ai angajatorilor \u0219i ai autorit\u0103\u021bilor locale) care pot sprijini dezvoltarea<br \/>\nacestui sector \u0219i va emite<span>\u00a0 <\/span>comunicate de<br \/>\npres\u0103 sau organiza conferin\u021be de pres\u0103.<\/p>\n<p class=\"MsoNormal\" style=\"margin-top:6.0pt;margin-right:0cm;margin-bottom:6.0pt;margin-left:72.0pt\">\u00a0<\/p>\n<p class=\"MsoNormal\" style=\"margin-top:6.0pt;margin-right:0cm;margin-bottom:6.0pt;margin-left:72.0pt\">Pentru o mai bun\u0103 \u00eentelegere a economiei<br \/>\nsociale \u0219i a precedurilor de atestare \u0219i certificare a \u00eentreprinderilor sociale<br \/>\n\/ \u00eentreprinderilor sociale de inser\u021bie pot fi accesate link-urile:<\/p>\n<p class=\"MsoNormal\" style=\"margin-top:6.0pt;margin-right:0cm;margin-bottom:6.0pt;margin-left:72.0pt\"><a href=\"http:\/\/www.mmuncii.ro\/j33\/index.php\/ro\/2014-domenii\/munca\/economia-sociala\">http:\/\/www.mmuncii.ro\/j33\/index.php\/ro\/2014-domenii\/munca\/economia-sociala<\/a>\n<\/p>\n<p class=\"MsoNormalCxSpMiddle\" style=\"margin-left:72.0pt\"><a href=\"https:\/\/www.anofm.ro\/index.html?agentie=ANOFM&amp;categ=4&amp;subcateg=6&amp;page=0\">https:\/\/www.anofm.ro\/index.html?agentie=ANOFM&amp;categ=4&amp;subcateg=6&amp;page=0<\/a><\/p>\n<p class=\"MsoNormalCxSpMiddle\" style=\"margin-left:72.0pt\"><span lang=\"RO\">\u00a0<\/span><\/p>\n<p class=\"MsoNormal\" style=\"margin-left:72.0pt\"><span lang=\"RO\">Evenimentele organizate \u00een luna mai vor aduce \u00een aten\u021bie prevederile legale<br \/>\nreferitoare la domeniul economiei sociale \u0219i vor facilita<span>\u00a0 <\/span>dialogul la nivel local pentru dezvoltarea<br \/>\nacestui sector.<\/span><\/p>\n<p class=\"MsoNormal\" style=\"margin-left:72.0pt\"><span lang=\"RO\">\u00a0<\/span><\/p>\n<p class=\"MsoNormal\" style=\"margin-left:72.0pt\">Serviciul Comunicare <span lang=\"RO\">\u015fi Secretariatul Consiliului de<br \/>\nAdministra\u0163ie<\/span><\/p>\n","protected":false},"excerpt":{"rendered":"<p>Luna mai este luna promov\u0103rii economiei sociale<\/p>\n","protected":false},"author":0,"featured_media":0,"comment_status":"closed","ping_status":"closed","sticky":false,"template":"","format":"standard","meta":{"footnotes":""},"categories":[9],"tags":[],"class_list":["post-68","post","type-post","status-publish","format-standard","hentry","category-comunicate-de-presa"],"_links":{"self":[{"href":"https:\/\/www.anofm.ro\/bacau\/wp-json\/wp\/v2\/posts\/68","targetHints":{"allow":["GET"]}}],"collection":[{"href":"https:\/\/www.anofm.ro\/bacau\/wp-json\/wp\/v2\/posts"}],"about":[{"href":"https:\/\/www.anofm.ro\/bacau\/wp-json\/wp\/v2\/types\/post"}],"replies":[{"embeddable":true,"href":"https:\/\/www.anofm.ro\/bacau\/wp-json\/wp\/v2\/comments?post=68"}],"version-history":[{"count":0,"href":"https:\/\/www.anofm.ro\/bacau\/wp-json\/wp\/v2\/posts\/68\/revisions"}],"wp:attachment":[{"href":"https:\/\/www.anofm.ro\/bacau\/wp-json\/wp\/v2\/media?parent=68"}],"wp:term":[{"taxonomy":"category","embeddable":true,"href":"https:\/\/www.anofm.ro\/bacau\/wp-json\/wp\/v2\/categories?post=68"},{"taxonomy":"post_tag","embeddable":true,"href":"https:\/\/www.anofm.ro\/bacau\/wp-json\/wp\/v2\/tags?post=68"}],"curies":[{"name":"wp","href":"https:\/\/api.w.org\/{rel}","templated":true}]}}