{"id":65,"date":"2019-04-23T00:00:00","date_gmt":"2019-04-22T21:00:00","guid":{"rendered":"https:\/\/www.anofm.ro\/bacau\/100-locuri-de-munca-in-domeniul-agricol-recoltare-ambalare-fructe-in-spania-prin-intermediul-retelei-eures\/"},"modified":"2019-04-23T00:00:00","modified_gmt":"2019-04-22T21:00:00","slug":"100-locuri-de-munca-in-domeniul-agricol-recoltare-ambalare-fructe-in-spania-prin-intermediul-retelei-eures","status":"publish","type":"post","link":"https:\/\/www.anofm.ro\/bacau\/100-locuri-de-munca-in-domeniul-agricol-recoltare-ambalare-fructe-in-spania-prin-intermediul-retelei-eures\/","title":{"rendered":"100 locuri de munc\u0103 \u00een domeniul agricol (recoltare, ambalare fructe)  \u00een Spania prin intermediul Re\u0163elei EURES"},"content":{"rendered":"<p class=\"MsoNormal\" align=\"center\" style=\"text-align:center\"><b><span lang=\"IT\" style=\"font-size:13.0pt\">100 locuri de munc\u0103 \u00een domeniul agricol (recoltare, ambalare fructe) <\/span><\/b><\/p>\n<p class=\"MsoNormal\" align=\"center\" style=\"text-align:center\"><b><span lang=\"IT\" style=\"font-size:13.0pt\">\u00een Spania prin intermediul Re\u0163elei EURES<\/span><\/b><\/p>\n<p class=\"MsoNormal\" style=\"text-align:justify\"><span lang=\"IT\" style=\"font-size:14.0pt\">\u00a0<\/span><\/p>\n<p class=\"MsoNormal\" style=\"text-align:justify\"><b><span lang=\"RO\" style=\"font-size:12.0pt\">Grupul de<br \/>\nfirme Queralt<\/span><\/b><span lang=\"RO\" style=\"font-size:12.0pt\"> din regiunea Lleida, Spania care<br \/>\nofer\u0103 cele 100 locuri de munc\u0103 \u00een agricultur\u0103 este compus din mai multe ferme<br \/>\ndedicate producerii \u0219i comercializ\u0103rii fructelor (mere, cire\u0219e, nectarine,<br \/>\ncaise, etc.) <\/span><\/p>\n<p class=\"MsoNormal\" style=\"text-align:justify\"><b><span lang=\"RO\" style=\"font-size:12.0pt\">Descriere<br \/>\nloc de munc\u0103:<\/span><\/b><span lang=\"RO\" style=\"font-size:12.0pt\"> muncitorii vor lucra \u00een c\u00e2mp: cules<br \/>\nfructe (mere, pere, nectarine, caise, etc.), precum \u0219i \u00een fabric\u0103 la aranjarea<br \/>\nfructelor \u00een l\u0103zi \u0219i caserole;<\/span><\/p>\n<p class=\"MsoNormal\" style=\"text-align:justify\"><b><span lang=\"RO\" style=\"font-size:12.0pt\">Cerin\u021be:<\/span><\/b><span lang=\"RO\" style=\"font-size:12.0pt\"> se solicita femei \u0219i b\u0103rba\u021bi; 50 de persoane<br \/>\nla lucru \u00een c\u00e2mp (cules fructe) \u0219i 50 persoane la ambalatul fructelor; o parte<br \/>\ndin solicitan\u021bii b\u0103rba\u021bi vor fi \u0219oferi camion, autobuz, tractori\u0219ti<\/span><\/p>\n<p class=\"MsoNormal\" style=\"text-align:justify\"><b><span lang=\"RO\" style=\"font-size:12.0pt\">Limba<br \/>\nstrain\u0103<\/span><\/b><span lang=\"RO\" style=\"font-size:12.0pt\">: nu se solicit\u0103<b><u><\/u><\/b><\/span><\/p>\n<p class=\"MsoNormal\" style=\"text-align:justify\"><b><span lang=\"RO\" style=\"font-size:12.0pt\">Salariu:<\/span><\/b><span lang=\"RO\" style=\"font-size:12.0pt\"> <\/span><span lang=\"RO\" style=\"font-size:12.0pt\">6.25 euro<br \/>\nbrut\/or\u0103 (pentru lucrul \u00een c\u00e2mp); 5.96 euro brut\/ora (pentru lucrul \u00een fabric\u0103)<\/span><\/p>\n<p class=\"MsoNormal\" style=\"text-align:justify\"><b><span lang=\"RO\" style=\"font-size:12.0pt\">Beneficii \u0219i<br \/>\nalte condi\u021bii<\/span><\/b><span lang=\"RO\" style=\"font-size:12.0pt\">:<\/span><span lang=\"RO\" style=\"font-size:12.0pt\"> <\/span><span lang=\"RO\" style=\"font-size:12.0pt\">transportul<br \/>\ndus-\u00eentors Spania \u00eel pl\u0103te\u0219te muncitorul. Pentru locuin\u021b\u0103 (utilit\u0103\u021bi) \u0219i alte<br \/>\ncheltuieli se re\u021bine 10% din salariu \u00een primul an \u0219i \u00een al doilea an 5% din<br \/>\nsalariu. Locuin\u021bele au zon\u0103 comun\u0103 de sp\u0103l\u0103torie \u0219i buc\u0103t\u0103rii. Familia va locui<br \/>\n\u00een camere separate. Se prime\u0219te set complet de lenjerie de pat \u0219i echipament de<br \/>\nprotec\u021bie individual (\u00een cazul pierderii acestuia, se pl\u0103te\u0219te). Contractul de<br \/>\nmunc\u0103 se semneaz\u0103 \u00een Spania (dup\u0103 \u00eenscrierea \u00een sistemul de securitate social\u0103-ob\u021binere<br \/>\nNIE). <\/span><\/p>\n<p class=\"MsoNormal\" style=\"text-align:justify\"><b><span lang=\"RO\" style=\"font-size:12.0pt\">Durat\u0103<br \/>\ncontract:<\/span><\/b><span lang=\"RO\" style=\"font-size:12.0pt\"> 3, 6 sau 9 luni; program de<br \/>\nlucru: complet; se lucrez\u0103 de luni p\u00e2n\u0103 s\u00e2mb\u0103t\u0103<\/span><\/p>\n<p class=\"MsoNormal\" style=\"text-align:justify\"><b><span lang=\"RO\" style=\"font-size:12.0pt\">Mod de<br \/>\naplicare: <\/span><\/b><span lang=\"RO\" style=\"font-size:12.0pt\">persoanele cu domiciliul \u00een<br \/>\njude\u021bul Bacau, care corespund cerin\u021belor posturilor oferite, trebuie s\u0103 se<br \/>\nadreseze consilierului EURES din cadrul Agen\u021biei Jude\u021bene pentru Ocuparea<br \/>\nFor\u021bei de Munc\u0103 Bacau, telefon 0234576736, pentru a fi \u00eenregistrate \u00een baza de<br \/>\ndate pentru munca \u00een str\u0103in\u0103tate. \u00censcrierea \u00een baza de date pentru munca \u00een<br \/>\nstr\u0103inatate se realizeaza pe baza urm\u0103toarelor documente: cererea tip (se<br \/>\ncompleteaz\u0103 la sediul agen\u021biei), copie act identitate, CV, adeverin\u021b\u0103 medical\u0103<br \/>\n&#8222;apt pentru munc\u0103&#8221;.<\/span><\/p>\n<p class=\"MsoNormal\" style=\"text-align:justify\"><b><span lang=\"RO\" style=\"font-size:12.0pt\">\u00a0<\/span><\/b><\/p>\n<p class=\"MsoNormal\" style=\"text-align:justify\"><b><span lang=\"RO\" style=\"font-size:12.0pt\">Termenul<br \/>\nlimita pentru depunerea dosarelor este 30.04.2019.<\/span><\/b><span lang=\"RO\" style=\"font-size:12.0pt\"><\/span><\/p>\n<p class=\"MsoNormal\" style=\"text-align:justify\"><b><span lang=\"RO\" style=\"font-size:12.0pt\">\u00a0<\/span><\/b><\/p>\n<p class=\"MsoNormal\" style=\"text-align:justify\"><b><span lang=\"RO\" style=\"font-size:12.0pt\">\u00a0<\/span><\/b><\/p>\n<p class=\"MsoNormal\" style=\"text-align:justify\"><span lang=\"RO\" style=\"font-size:12.0pt\">Director Executiv <span>\u00a0\u00a0\u00a0\u00a0\u00a0\u00a0\u00a0\u00a0\u00a0\u00a0\u00a0\u00a0\u00a0\u00a0\u00a0\u00a0\u00a0\u00a0\u00a0\u00a0\u00a0\u00a0\u00a0\u00a0\u00a0\u00a0\u00a0\u00a0\u00a0\u00a0\u00a0\u00a0\u00a0\u00a0\u00a0\u00a0\u00a0\u00a0\u00a0\u00a0\u00a0\u00a0\u00a0\u00a0\u00a0\u00a0\u00a0\u00a0\u00a0\u00a0\u00a0\u00a0\u00a0\u00a0\u00a0\u00a0\u00a0\u00a0\u00a0\u00a0\u00a0\u00a0\u00a0\u00a0\u00a0\u00a0\u00a0\u00a0\u00a0 <\/span>\u00centocmit<\/span><\/p>\n<p class=\"MsoNormal\"><span lang=\"RO\" style=\"font-size:12.0pt\">Andreea Florina AVRAM<span>\u00a0\u00a0\u00a0\u00a0\u00a0\u00a0\u00a0\u00a0\u00a0\u00a0\u00a0\u00a0\u00a0\u00a0\u00a0\u00a0\u00a0\u00a0\u00a0\u00a0\u00a0\u00a0\u00a0\u00a0\u00a0\u00a0\u00a0\u00a0\u00a0\u00a0\u00a0\u00a0\u00a0\u00a0\u00a0\u00a0\u00a0\u00a0\u00a0\u00a0\u00a0\u00a0\u00a0\u00a0\u00a0 <\/span>Carmen<br \/>\nCOSTAN \u2013 consilier superior<\/span><\/p>\n<p class=\"MsoNormal\"><span lang=\"RO\" style=\"font-size:12.0pt\">\u00a0<\/span><\/p>\n<p class=\"MsoNormal\"><span lang=\"RO\" style=\"font-size:12.0pt\">\u00a0<\/span><\/p>\n<p class=\"MsoNormal\" style=\"text-align:justify\"><b><span lang=\"RO\" style=\"font-size:12.0pt\">Comunicare Agen\u021bia Jude\u021bean\u0103<br \/>\npentru Ocuparea For\u021bei de Munc\u0103 Bacau<\/span><\/b><span lang=\"RO\"><\/span><\/p>\n","protected":false},"excerpt":{"rendered":"<p>100 locuri de munc\u0103 \u00een domeniul agricol (recoltare, ambalare fructe)<br \/>\n\u00een Spania prin intermediul Re\u0163elei EURES<\/p>\n","protected":false},"author":0,"featured_media":0,"comment_status":"closed","ping_status":"closed","sticky":false,"template":"","format":"standard","meta":{"footnotes":""},"categories":[9],"tags":[],"class_list":["post-65","post","type-post","status-publish","format-standard","hentry","category-comunicate-de-presa"],"_links":{"self":[{"href":"https:\/\/www.anofm.ro\/bacau\/wp-json\/wp\/v2\/posts\/65","targetHints":{"allow":["GET"]}}],"collection":[{"href":"https:\/\/www.anofm.ro\/bacau\/wp-json\/wp\/v2\/posts"}],"about":[{"href":"https:\/\/www.anofm.ro\/bacau\/wp-json\/wp\/v2\/types\/post"}],"replies":[{"embeddable":true,"href":"https:\/\/www.anofm.ro\/bacau\/wp-json\/wp\/v2\/comments?post=65"}],"version-history":[{"count":0,"href":"https:\/\/www.anofm.ro\/bacau\/wp-json\/wp\/v2\/posts\/65\/revisions"}],"wp:attachment":[{"href":"https:\/\/www.anofm.ro\/bacau\/wp-json\/wp\/v2\/media?parent=65"}],"wp:term":[{"taxonomy":"category","embeddable":true,"href":"https:\/\/www.anofm.ro\/bacau\/wp-json\/wp\/v2\/categories?post=65"},{"taxonomy":"post_tag","embeddable":true,"href":"https:\/\/www.anofm.ro\/bacau\/wp-json\/wp\/v2\/tags?post=65"}],"curies":[{"name":"wp","href":"https:\/\/api.w.org\/{rel}","templated":true}]}}