{"id":62,"date":"2019-03-25T00:00:00","date_gmt":"2019-03-24T22:00:00","guid":{"rendered":"https:\/\/www.anofm.ro\/bacau\/subventii-acordate-angajatorilor-care-incadreaza-in-munca-someri\/"},"modified":"2019-03-25T00:00:00","modified_gmt":"2019-03-24T22:00:00","slug":"subventii-acordate-angajatorilor-care-incadreaza-in-munca-someri","status":"publish","type":"post","link":"https:\/\/www.anofm.ro\/bacau\/subventii-acordate-angajatorilor-care-incadreaza-in-munca-someri\/","title":{"rendered":"Subven\u0163ii acordate angajatorilor care \u00eencadreaz\u0103 \u00een munc\u0103 \u0219omeri"},"content":{"rendered":"<p class=\"MsoNormal\" align=\"right\" style=\"margin-top:0cm;margin-right:0cm;margin-bottom:4.0pt;margin-left:72.0pt;text-align:right\"><span lang=\"RO\">Martie 2019<\/span><\/p>\n<p class=\"MsoNormal\" style=\"margin-left:72.0pt\"><b><span lang=\"RO\">Comunicat de pres\u0103<\/span><\/b><\/p>\n<p class=\"MsoNormal\" style=\"margin-left:72.0pt\"><b><span lang=\"RO\">Subven\u0163ii acordate<br \/>\nangajatorilor care \u00eencadreaz\u0103 \u00een munc\u0103 \u0219omeri<\/span><\/b><\/p>\n<p class=\"MsoNormal\" style=\"margin-left:72.0pt\"><span lang=\"RO\">\u00a0<\/span><\/p>\n<p class=\"MsoNormal\" style=\"margin-left:72.0pt\"><span>Agen\u021bia Na\u021bional\u0103 pentru Ocuparea For\u021bei de<br \/>\nMunc\u0103 aplic\u0103 o serie de m\u0103suri active ce vizeaz\u0103 integrarea pe pia\u021ba muncii a<br \/>\n\u0219omerilor \u0219i persoanelor aflate \u00een c\u0103utarea unui loc de munc\u0103. Printre m\u0103surile<br \/>\ndestinate cre\u0219terii \u0219anselor de ocupare a \u0219omerilor se num\u0103r\u0103 acordarea de<br \/>\nsubven\u021bii \u00een vederea <b>stimul\u0103rii<br \/>\nangajatorilor<\/b> de a \u00eencadra pe pia\u021ba muncii persoane apar\u0163in\u00e2nd unor<br \/>\ncategorii dezavantajate sau cu acces mai dificil pe pia\u0163a muncii.<\/span><\/p>\n<p class=\"MsoNormal\" style=\"margin-left:72.0pt\"><span lang=\"RO\">\u00cen acest sens, persoanele juridice primesc lunar, pe o perioad\u0103 de 12 luni,<br \/>\n<b>o subven\u021bie \u00een cuantum de 2.250 lei<\/b>,<br \/>\ndac\u0103 \u00eencadreaz\u0103 \u00een munc\u0103, pe perioad\u0103 nedeterminat\u0103 persoane din urm\u0103toarele<br \/>\ncategorii: \u015fomeri peste 45 ani sau p\u0103rin\u021bi unici sus\u0163in\u0103tori ai familiilor<br \/>\nmonoparentale, persoane cu handicap, proasp\u0103t absolven\u021bi, \u015fomeri de lung\u0103<br \/>\ndurat\u0103 sau tineri NEETs, cu obliga\u0163ia men\u0163inerii raporturilor de munc\u0103 sau de<br \/>\nserviciu cel pu\u0163in 18 luni. Subven\u021biile se acord\u0103 la solicitarea angajatorilor<br \/>\ncare \u00eencadreaz\u0103 \u00een munc\u0103 persoane din categoriile mai sus men\u021bionate.<\/span><\/p>\n<p class=\"MsoNormal\" style=\"margin-left:72.0pt\"><span lang=\"RO\">De aceea\u0219i subven\u021bie beneficiaz\u0103 \u0219i angajatorii care \u00eencadreaz\u0103 \u00een munc\u0103,<br \/>\npotrivit legii, \u015fomeri care, \u00een termen de 5 ani de la data angaj\u0103rii<br \/>\n\u00eendeplinesc, conform legii, condi\u0163iile pentru a solicita pensia anticipat\u0103<br \/>\npar\u0163ial\u0103 sau de acordare a pensiei pentru limit\u0103 de v\u00e2rst\u0103, dac\u0103 nu \u00eendeplinesc<br \/>\ncondi\u0163iile de a solicita pensia anticipat\u0103 par\u0163ial\u0103. Subven\u021bia se acord\u0103 lunar,<br \/>\npe perioada angaj\u0103rii, p\u00e2n\u0103 la data \u00eendeplinirii condi\u0163iilor de pensionare. <\/span><\/p>\n<p class=\"MsoNormal\" style=\"margin-left:72.0pt\">Totodat<span lang=\"RO\">\u0103, <\/span>Agen\u021bia Na\u021bional\u0103 pentru Ocuparea For\u021bei<br \/>\nde Munc\u0103 acord\u0103 angajatorilor care \u00eencheie contracte de <b>ucenicie<\/b>, \u00een condi\u0163iile Legii nr. 279\/2005 privind ucenicia la<br \/>\nlocul de munc\u0103, sprijin financiar \u00een cuantum de <b>2.250 lei\/lun\u0103<\/b> pentru fiecare contract de ucenicie \u00eencheiat. Suma<br \/>\nlunar\u0103 se acord\u0103 la cererea angajatorului, propor\u0163ional cu timpul efectiv<br \/>\nlucrat de ucenic, pe \u00eentreaga perioad\u0103 de derulare a contractului.<\/p>\n<p class=\"MsoNormal\" style=\"margin-left:72.0pt\"><span>De<br \/>\nasemenea, pentru a asigura tranzi\u021bia absolven\u021bilor de \u00eenv\u0103\u0163\u0103m\u00e2nt superior de la<br \/>\nsistemul de educa\u0163ie la pia\u0163a muncii, angajatorii pot organiza <b>programe de<br \/>\nstagiu<\/b> pentru absolven\u0163ii de \u00eenv\u0103\u0163\u0103m\u00e2nt superior. Pentru astfel de programe<br \/>\npersoanele juridice pot primi, la cerere, subven\u021bii de 2.250 lei\/lun\u0103\/stagiar pe<br \/>\no perioad\u0103 de \u015fase luni. <\/span><\/p>\n<p class=\"MsoNormal\" style=\"margin-left:72.0pt\"><span lang=\"RO\">Facilit\u0103\u021bile financiare destinate stimul\u0103rii \u00eencadr\u0103rii \u00een munc\u0103 sunt<br \/>\nsus\u021binute \u0219i prin proiectele implementate de ANOFM \u0219i cofinan\u021bate din Fondul<br \/>\nSocial European prin Programul Opera\u021bional Capital Uman 2014-2020.<\/span><\/p>\n<p class=\"MsoNormal\" style=\"margin-left:72.0pt\"><span lang=\"RO\">\u00a0<\/span><\/p>\n<p class=\"MsoNormal\" style=\"margin-top:12.0pt;margin-right:0cm;margin-bottom:0cm;margin-left:72.0pt;margin-bottom:.0001pt\"><b><span lang=\"RO\">Serviciul Comunicare \u0219i<br \/>\nSecretariatul Consiliului de Administra\u021bie<\/span><\/b><\/p>\n","protected":false},"excerpt":{"rendered":"<p>Subven\u0163ii acordate angajatorilor care \u00eencadreaz\u0103 \u00een munc\u0103 \u0219omeri<\/p>\n","protected":false},"author":0,"featured_media":0,"comment_status":"closed","ping_status":"closed","sticky":false,"template":"","format":"standard","meta":{"footnotes":""},"categories":[9],"tags":[],"class_list":["post-62","post","type-post","status-publish","format-standard","hentry","category-comunicate-de-presa"],"_links":{"self":[{"href":"https:\/\/www.anofm.ro\/bacau\/wp-json\/wp\/v2\/posts\/62","targetHints":{"allow":["GET"]}}],"collection":[{"href":"https:\/\/www.anofm.ro\/bacau\/wp-json\/wp\/v2\/posts"}],"about":[{"href":"https:\/\/www.anofm.ro\/bacau\/wp-json\/wp\/v2\/types\/post"}],"replies":[{"embeddable":true,"href":"https:\/\/www.anofm.ro\/bacau\/wp-json\/wp\/v2\/comments?post=62"}],"version-history":[{"count":0,"href":"https:\/\/www.anofm.ro\/bacau\/wp-json\/wp\/v2\/posts\/62\/revisions"}],"wp:attachment":[{"href":"https:\/\/www.anofm.ro\/bacau\/wp-json\/wp\/v2\/media?parent=62"}],"wp:term":[{"taxonomy":"category","embeddable":true,"href":"https:\/\/www.anofm.ro\/bacau\/wp-json\/wp\/v2\/categories?post=62"},{"taxonomy":"post_tag","embeddable":true,"href":"https:\/\/www.anofm.ro\/bacau\/wp-json\/wp\/v2\/tags?post=62"}],"curies":[{"name":"wp","href":"https:\/\/api.w.org\/{rel}","templated":true}]}}