{"id":57,"date":"2019-03-04T00:00:00","date_gmt":"2019-03-03T22:00:00","guid":{"rendered":"https:\/\/www.anofm.ro\/bacau\/150-locuri-de-munca-in-domeniul-agricol-in-spania-prin-intermediul-retelei-eures\/"},"modified":"2019-03-04T00:00:00","modified_gmt":"2019-03-03T22:00:00","slug":"150-locuri-de-munca-in-domeniul-agricol-in-spania-prin-intermediul-retelei-eures","status":"publish","type":"post","link":"https:\/\/www.anofm.ro\/bacau\/150-locuri-de-munca-in-domeniul-agricol-in-spania-prin-intermediul-retelei-eures\/","title":{"rendered":"150 locuri de munc\u0103 \u00een domeniul agricol \u00een Spania prin intermediul Re\u0163elei EURES"},"content":{"rendered":"<p><a href=\"\/upload\/5371\/Comunicat_presa_150_locuri_de_munc%C4%83_%C3%AEn_domeniul_agricol_%C3%AEn_Spania_prin_intermediul_Re%C5%A3elei_EURES.pdf\">150 locuri de munc\u0103 \u00een domeniul agricol \u00een Spania prin intermediul Re\u0163elei EURES<\/a><\/p>\n","protected":false},"excerpt":{"rendered":"<p>150 locuri de munc\u0103 \u00een domeniul agricol \u00een Spania prin intermediul Re\u0163elei EURES<\/p>\n","protected":false},"author":0,"featured_media":0,"comment_status":"closed","ping_status":"closed","sticky":false,"template":"","format":"standard","meta":{"footnotes":""},"categories":[9],"tags":[],"class_list":["post-57","post","type-post","status-publish","format-standard","hentry","category-comunicate-de-presa"],"_links":{"self":[{"href":"https:\/\/www.anofm.ro\/bacau\/wp-json\/wp\/v2\/posts\/57","targetHints":{"allow":["GET"]}}],"collection":[{"href":"https:\/\/www.anofm.ro\/bacau\/wp-json\/wp\/v2\/posts"}],"about":[{"href":"https:\/\/www.anofm.ro\/bacau\/wp-json\/wp\/v2\/types\/post"}],"replies":[{"embeddable":true,"href":"https:\/\/www.anofm.ro\/bacau\/wp-json\/wp\/v2\/comments?post=57"}],"version-history":[{"count":0,"href":"https:\/\/www.anofm.ro\/bacau\/wp-json\/wp\/v2\/posts\/57\/revisions"}],"wp:attachment":[{"href":"https:\/\/www.anofm.ro\/bacau\/wp-json\/wp\/v2\/media?parent=57"}],"wp:term":[{"taxonomy":"category","embeddable":true,"href":"https:\/\/www.anofm.ro\/bacau\/wp-json\/wp\/v2\/categories?post=57"},{"taxonomy":"post_tag","embeddable":true,"href":"https:\/\/www.anofm.ro\/bacau\/wp-json\/wp\/v2\/tags?post=57"}],"curies":[{"name":"wp","href":"https:\/\/api.w.org\/{rel}","templated":true}]}}