{"id":55,"date":"2019-01-16T00:00:00","date_gmt":"2019-01-15T22:00:00","guid":{"rendered":"https:\/\/www.anofm.ro\/bacau\/selectie-pentru-studentii-care-doresc-sa-lucreze-%c8%8bn-germania-pe-perioada-vacantei-de-vara\/"},"modified":"2019-01-16T00:00:00","modified_gmt":"2019-01-15T22:00:00","slug":"selectie-pentru-studentii-care-doresc-sa-lucreze-%c8%8bn-germania-pe-perioada-vacantei-de-vara","status":"publish","type":"post","link":"https:\/\/www.anofm.ro\/bacau\/selectie-pentru-studentii-care-doresc-sa-lucreze-%c8%8bn-germania-pe-perioada-vacantei-de-vara\/","title":{"rendered":"Selec\u021bie pentru studen\u021bii care doresc s\u0103 lucreze \u020bn Germania pe perioada vacan\u021bei de var\u0103"},"content":{"rendered":"<p class=\"MsoNormal\" align=\"center\" style=\"margin:0cm;margin-bottom:.0001pt;text-align:center;line-height:normal\"><b><span lang=\"RO\">A.J.O.F.M Bacau organizeaz\u0103 selec\u021bie<\/span><\/b><\/p>\n<p class=\"MsoNormal\" align=\"center\" style=\"margin:0cm;margin-bottom:.0001pt;text-align:center;line-height:normal\"><b><span lang=\"RO\">pentru studen\u021bii care doresc s<\/span><\/b><b><span lang=\"RO\">\u0103<\/span><\/b><b><span lang=\"RO\"> lucreze <\/span><\/b><b><span lang=\"RO\" style=\"font-family:\">\u020b<\/span><\/b><b><span lang=\"RO\">n Germania pe perioada vacan\u021bei de var\u0103<\/span><\/b><\/p>\n<p class=\"MsoNormal\" align=\"center\" style=\"margin:0cm;margin-bottom:.0001pt;text-align:center;line-height:150%\"><span lang=\"RO\" style=\"font-size:12.0pt;line-height:150%\">\u00a0<\/span><\/p>\n<p class=\"MsoNormal\" style=\"margin-top:0cm;margin-right:0cm;margin-bottom:0cm;margin-left:54.0pt;margin-bottom:.0001pt;line-height:normal\"><span lang=\"RO\">Agen\u021bia Jude\u021bean\u0103 pentru<br \/>\nOcuparea For\u021bei de Munc<\/span><span lang=\"RO\">\u0103<span> Bacau <\/span>anun\u021b\u0103 organizarea selec\u021biei<br \/>\npentru studen\u021bii care doresc s\u0103 desf\u0103\u0219oare o activitate lucrativ\u0103 pe teritoriul<br \/>\nGermaniei pe perioada vacan<span>\u021b<\/span>ei<br \/>\nde var\u0103 2019 (minim 2 luni). Condi\u021bii de participare:<\/span><\/p>\n<p class=\"MsoNormal\" align=\"left\" style=\"margin-top:0cm;margin-right:0cm;margin-bottom:0cm;margin-left:90.0pt;margin-bottom:.0001pt;text-align:left;text-indent:-18.0pt;line-height:normal\"><span lang=\"RO\" style=\"font-family:Symbol\"><span>\u00b7<span style=\"font:7.0pt\">\u00a0\u00a0\u00a0\u00a0\u00a0\u00a0\u00a0\u00a0<br \/>\n<\/span><\/span><\/span><span lang=\"RO\">v\u00e2rsta cuprins\u00e4<br \/>\n<\/span><span lang=\"RO\" style=\"font-family:\">\u020b<\/span><span lang=\"RO\">ntre 18 \u2013 35 ani;<\/span><\/p>\n<p class=\"MsoNormal\" align=\"left\" style=\"margin-top:0cm;margin-right:0cm;margin-bottom:0cm;margin-left:90.0pt;margin-bottom:.0001pt;text-align:left;text-indent:-18.0pt;line-height:normal\"><span lang=\"RO\" style=\"font-family:Symbol\"><span>\u00b7<span style=\"font:7.0pt\">\u00a0\u00a0\u00a0\u00a0\u00a0\u00a0\u00a0\u00a0<br \/>\n<\/span><\/span><\/span><span lang=\"RO\">studen\u021bi la o facultate<br \/>\nde stat sau particular\u0103, acreditat\u0103 conform legii, la cursuri de zi;<\/span><\/p>\n<p class=\"MsoNormal\" align=\"left\" style=\"margin-top:0cm;margin-right:0cm;margin-bottom:0cm;margin-left:90.0pt;margin-bottom:.0001pt;text-align:left;text-indent:-18.0pt;line-height:normal\"><span lang=\"RO\" style=\"font-family:Symbol\"><span>\u00b7<span style=\"font:7.0pt\">\u00a0\u00a0\u00a0\u00a0\u00a0\u00a0\u00a0\u00a0<br \/>\n<\/span><\/span><\/span><span lang=\"RO\">cuno\u0219tin\u021be<br \/>\nbune\/foarte bune de limba german\u0103. <\/span><\/p>\n<p class=\"MsoNormal\" align=\"left\" style=\"margin-top:0cm;margin-right:0cm;margin-bottom:0cm;margin-left:90.0pt;margin-bottom:.0001pt;text-align:left;line-height:normal\"><span lang=\"RO\">\u00a0<\/span><\/p>\n<p class=\"MsoNormal\" align=\"left\" style=\"margin-top:0cm;margin-right:0cm;margin-bottom:0cm;margin-left:22.5pt;margin-bottom:.0001pt;text-align:left;text-indent:36.0pt;line-height:normal\"><span lang=\"RO\">Documente<br \/>\nnecesare:<\/span><\/p>\n<p class=\"MsoNormal\" align=\"left\" style=\"margin-top:0cm;margin-right:0cm;margin-bottom:0cm;margin-left:90.0pt;margin-bottom:.0001pt;text-align:left;text-indent:-18.0pt;line-height:normal\"><span lang=\"RO\" style=\"font-family:Symbol\"><span>\u00b7<span style=\"font:7.0pt\">\u00a0\u00a0\u00a0\u00a0\u00a0\u00a0\u00a0\u00a0<br \/>\n<\/span><\/span><\/span><span lang=\"RO\">copie act de<br \/>\nidentitate (cu o valabilitate de minim 6 luni);<\/span><\/p>\n<p class=\"MsoNormal\" align=\"left\" style=\"margin-top:0cm;margin-right:0cm;margin-bottom:0cm;margin-left:90.0pt;margin-bottom:.0001pt;text-align:left;text-indent:-18.0pt;line-height:normal\"><span lang=\"RO\" style=\"font-family:Symbol\"><span>\u00b7<span style=\"font:7.0pt\">\u00a0\u00a0\u00a0\u00a0\u00a0\u00a0\u00a0\u00a0<br \/>\n<\/span><\/span><\/span><span lang=\"RO\">fi\u0219\u0103 de<br \/>\nsolicitare &#8211; <b><i>Bewerbung <\/i><\/b><span>\u00a0<\/span>\u2013 completat\u0103 <\/span><span lang=\"RO\" style=\"font-family:\">\u020b<\/span><span lang=\"RO\">n 2 exemplare la calculator, printat\u0103 fa\u021b\u0103 \u2013 verso <\/span><span>\u0219<\/span><span lang=\"RO\">i semnat\u0103<br \/>\n(formularul tipizat \u0219i instruc\u021biunile de completare a acestuia se g\u0103sesc pe<br \/>\nsite-ul A.J.O.F.M Bacau,www.bacau.anofm.ro );<\/span><\/p>\n<p class=\"MsoNormal\" align=\"left\" style=\"margin-top:0cm;margin-right:0cm;margin-bottom:0cm;margin-left:90.0pt;margin-bottom:.0001pt;text-align:left;text-indent:-18.0pt;line-height:normal\"><span lang=\"RO\" style=\"font-family:Symbol\"><span>\u00b7<span style=\"font:7.0pt\">\u00a0\u00a0\u00a0\u00a0\u00a0\u00a0\u00a0\u00a0<br \/>\n<\/span><\/span><\/span><span lang=\"RO\">adeverin\u021b\u0103 de<br \/>\nla facultate <\/span><span lang=\"RO\" style=\"font-family:\">\u020b<\/span><span lang=\"RO\">n care s\u0103 se specifice anul de<br \/>\nstudii \u0219i ce tip de cursuri urmeaz\u0103 studentul (tipizat facultate);<\/span><\/p>\n<p class=\"MsoNormal\" align=\"left\" style=\"margin-top:0cm;margin-right:0cm;margin-bottom:0cm;margin-left:90.0pt;margin-bottom:.0001pt;text-align:left;text-indent:-18.0pt;line-height:normal\"><span lang=\"RO\" style=\"font-family:Symbol\"><span>\u00b7<span style=\"font:7.0pt\">\u00a0\u00a0\u00a0\u00a0\u00a0\u00a0\u00a0\u00a0<br \/>\n<\/span><\/span><\/span><span lang=\"RO\">adeverin\u021b\u0103 de<br \/>\nla facultate \u2013 <b><i>Immatrikulationsbescheinigung<br \/>\n<\/i><\/b>(formularul tipizat precum \u0219i instruc\u021biunile de completare sunt postate<br \/>\npe site-ul A.J.O.F.M Bacau,<span>https:\/\/www.anofm.ro\/post.html?id=4319&amp;agentie=Bac%C4%83u<\/span>);<\/span><span lang=\"RO\"><\/span><\/p>\n<p class=\"MsoNormal\" align=\"left\" style=\"margin-top:0cm;margin-right:0cm;margin-bottom:0cm;margin-left:90.0pt;margin-bottom:.0001pt;text-align:left;text-indent:-18.0pt;line-height:normal\"><span lang=\"RO\" style=\"font-family:Symbol\"><span>\u00b7<span style=\"font:7.0pt\">\u00a0\u00a0\u00a0\u00a0\u00a0\u00a0\u00a0\u00a0<br \/>\n<\/span><\/span><\/span><span lang=\"RO\">3 fotografii<br \/>\ntip pa\u0219aport;<\/span><\/p>\n<p class=\"MsoNormal\" align=\"left\" style=\"margin-top:0cm;margin-right:0cm;margin-bottom:0cm;margin-left:90.0pt;margin-bottom:.0001pt;text-align:left;text-indent:-18.0pt;line-height:normal\"><span lang=\"RO\" style=\"font-family:Symbol\"><span>\u00b7<span style=\"font:7.0pt\">\u00a0\u00a0\u00a0\u00a0\u00a0\u00a0\u00a0\u00a0<br \/>\n<\/span><\/span><\/span><span lang=\"RO\">copie permis de<br \/>\nconducere (dac<\/span><span lang=\"RO\">\u0103<\/span><span lang=\"RO\"> este cazul).<\/span><\/p>\n<p class=\"MsoNormal\" align=\"left\" style=\"margin-top:0cm;margin-right:0cm;margin-bottom:0cm;margin-left:72.0pt;margin-bottom:.0001pt;text-align:left;line-height:normal\"><span lang=\"RO\">\u00a0<\/span><\/p>\n<p class=\"MsoNormal\" style=\"margin-left:72.0pt;line-height:normal\"><span lang=\"RO\">Studen\u021bii care au domiciliul sau sunt <\/span><span lang=\"RO\" style=\"font-family:\">\u020b<\/span><span lang=\"RO\">nregistra\u021bi la o institu\u021bie de <\/span><span lang=\"RO\" style=\"font-family:\">\u020b<\/span><span lang=\"RO\">nv\u0103\u021b\u0103m\u00e2nt superior din jude\u021bul Bacau, trebuie s\u0103 se<br \/>\nadreseze consilierului EURES din cadrul Agen\u021biei Jude\u021bene pentru Ocuparea<br \/>\nFor\u021bei de Munc\u0103 Bacau, strada Ionita Sandu Sturza nr. 63, telefon 0234\/576736,<br \/>\npentru a-\u0219i <\/span><span lang=\"RO\" style=\"font-family:\">\u020b<\/span><span lang=\"RO\">nregistra dosarele. <\/span><span lang=\"RO\" style=\"font-family:\">\u020a<\/span><span lang=\"RO\">nregistrarea se va desf\u0103\u0219ura <\/span><span lang=\"RO\" style=\"font-family:\">\u020b<\/span><span lang=\"RO\">n perioada <b>14.01.2019<br \/>\n\u2013 14.02.2019<\/b>, <\/span><span lang=\"RO\" style=\"font-family:\">\u020b<\/span><span lang=\"RO\">n intervalul <b>luni \u2013 joi, orele 09.30 \u2013 15.30<\/b> \u0219i <b>vineri, orele 09.30 \u2013 12.30<\/b>.<\/span><\/p>\n<p><a href=\"\/upload\/4319\/Anunt_selectie_studenti_Germania_1.pdf\">Anunt_selectie_studenti_Germania_1.pdf<\/a> <\/p>\n<p><a href=\"\/upload\/4319\/Bewerbungsbogen.pdf\">Bewerbungsbogen.pdf<\/a> <\/p>\n<p><a href=\"\/upload\/4319\/B-Immatrikulation-en_ba015238.pdf\">B-Immatrikulation-en_ba015238.pdf<\/a> <\/p>\n<p><a href=\"\/upload\/4319\/Foaie_informativa_pentru_studenti.pdf\">Foaie_informativa_pentru_studenti.pdf<\/a> <\/p>\n<p><a href=\"\/upload\/4319\/Merkblatt.pdf\">Merkblatt.pdf<\/a> <\/p>\n<p><a href=\"\/upload\/4319\/Precizari_si_instructiuni_de_completare_a_adeverintei_de_student.pdf\">Precizari_si_instructiuni_de_completare_a_adeverintei_de_student.pdf<\/a> <\/p>\n<p><a href=\"\/upload\/4319\/Preciz%C4%83ri_%C5%9Fi_instruc%C5%A3iuni_de_completare_a_fisei_de_solicitare.pdf\">Preciz\u0103ri_\u015fi_instruc\u0163iuni_de_completare_a_fisei_de_solicitare.pdf<\/a> <\/p><\/p>\n","protected":false},"excerpt":{"rendered":"<p>Selec\u021bie pentru studen\u021bii care doresc s\u0103 lucreze \u020bn Germania pe perioada vacan\u021bei de var\u0103<\/p>\n","protected":false},"author":0,"featured_media":0,"comment_status":"closed","ping_status":"closed","sticky":false,"template":"","format":"standard","meta":{"footnotes":""},"categories":[9],"tags":[],"class_list":["post-55","post","type-post","status-publish","format-standard","hentry","category-comunicate-de-presa"],"_links":{"self":[{"href":"https:\/\/www.anofm.ro\/bacau\/wp-json\/wp\/v2\/posts\/55","targetHints":{"allow":["GET"]}}],"collection":[{"href":"https:\/\/www.anofm.ro\/bacau\/wp-json\/wp\/v2\/posts"}],"about":[{"href":"https:\/\/www.anofm.ro\/bacau\/wp-json\/wp\/v2\/types\/post"}],"replies":[{"embeddable":true,"href":"https:\/\/www.anofm.ro\/bacau\/wp-json\/wp\/v2\/comments?post=55"}],"version-history":[{"count":0,"href":"https:\/\/www.anofm.ro\/bacau\/wp-json\/wp\/v2\/posts\/55\/revisions"}],"wp:attachment":[{"href":"https:\/\/www.anofm.ro\/bacau\/wp-json\/wp\/v2\/media?parent=55"}],"wp:term":[{"taxonomy":"category","embeddable":true,"href":"https:\/\/www.anofm.ro\/bacau\/wp-json\/wp\/v2\/categories?post=55"},{"taxonomy":"post_tag","embeddable":true,"href":"https:\/\/www.anofm.ro\/bacau\/wp-json\/wp\/v2\/tags?post=55"}],"curies":[{"name":"wp","href":"https:\/\/api.w.org\/{rel}","templated":true}]}}