{"id":54,"date":"2019-01-15T00:00:00","date_gmt":"2019-01-14T22:00:00","guid":{"rendered":"https:\/\/www.anofm.ro\/bacau\/9-052-persoane-si-au-gasit-un-loc-de-munca-cu-sprijinul-ajofm-bacau-in-anul-2018\/"},"modified":"2019-01-15T00:00:00","modified_gmt":"2019-01-14T22:00:00","slug":"9-052-persoane-si-au-gasit-un-loc-de-munca-cu-sprijinul-ajofm-bacau-in-anul-2018","status":"publish","type":"post","link":"https:\/\/www.anofm.ro\/bacau\/9-052-persoane-si-au-gasit-un-loc-de-munca-cu-sprijinul-ajofm-bacau-in-anul-2018\/","title":{"rendered":"9 052 persoane \u015fi-au g\u0103sit un loc de munc\u0103 cu sprijinul AJOFM Bac\u0103u, \u00een anul 2018"},"content":{"rendered":"<p><a href=\"\/upload\/4267\/AJOFM_Bacau.Comunicat_de_presa_angajari_in_2018.pdf\">AJOFM_Bacau.Comunicat_de_presa_angajari_in_2018.pdf<\/a> <\/p>\n","protected":false},"excerpt":{"rendered":"<p>9 052 persoane \u015fi-au g\u0103sit un loc de munc\u0103 cu sprijinul AJOFM Bac\u0103u, \u00een anul 2018<\/p>\n","protected":false},"author":0,"featured_media":0,"comment_status":"closed","ping_status":"closed","sticky":false,"template":"","format":"standard","meta":{"footnotes":""},"categories":[9],"tags":[],"class_list":["post-54","post","type-post","status-publish","format-standard","hentry","category-comunicate-de-presa"],"_links":{"self":[{"href":"https:\/\/www.anofm.ro\/bacau\/wp-json\/wp\/v2\/posts\/54","targetHints":{"allow":["GET"]}}],"collection":[{"href":"https:\/\/www.anofm.ro\/bacau\/wp-json\/wp\/v2\/posts"}],"about":[{"href":"https:\/\/www.anofm.ro\/bacau\/wp-json\/wp\/v2\/types\/post"}],"replies":[{"embeddable":true,"href":"https:\/\/www.anofm.ro\/bacau\/wp-json\/wp\/v2\/comments?post=54"}],"version-history":[{"count":0,"href":"https:\/\/www.anofm.ro\/bacau\/wp-json\/wp\/v2\/posts\/54\/revisions"}],"wp:attachment":[{"href":"https:\/\/www.anofm.ro\/bacau\/wp-json\/wp\/v2\/media?parent=54"}],"wp:term":[{"taxonomy":"category","embeddable":true,"href":"https:\/\/www.anofm.ro\/bacau\/wp-json\/wp\/v2\/categories?post=54"},{"taxonomy":"post_tag","embeddable":true,"href":"https:\/\/www.anofm.ro\/bacau\/wp-json\/wp\/v2\/tags?post=54"}],"curies":[{"name":"wp","href":"https:\/\/api.w.org\/{rel}","templated":true}]}}