{"id":5221,"date":"2025-05-20T11:09:33","date_gmt":"2025-05-20T08:09:33","guid":{"rendered":"https:\/\/www.anofm.ro\/bacau\/?p=5221"},"modified":"2025-05-20T11:10:26","modified_gmt":"2025-05-20T08:10:26","slug":"ajofm-bacau-organizeaza-bursa-generala-a-locurilor-de-munca-2","status":"publish","type":"post","link":"https:\/\/www.anofm.ro\/bacau\/ajofm-bacau-organizeaza-bursa-generala-a-locurilor-de-munca-2\/","title":{"rendered":"AJOFM Bac\u0103u organizeaz\u0103 Bursa general\u0103 a locurilor de munc\u0103"},"content":{"rendered":"\n<p><strong>Agentia Judetean\u0103 pentru Ocuparea For\u0163ei de Munc\u0103 Bac\u0103u va organiza <\/strong><strong>Bursa general\u0103 a locurilor de munc\u0103<\/strong>,<strong> \u00een data de 23 mai 2025, \u00een intervalul orar 9.00 \u2013 12.00,&nbsp; \u00een incinta&nbsp; Universit\u0103\u021bii \u201c George Bacovia \u201c din Bac\u0103u.<\/strong><\/p>\n\n\n\n<p>Bursa general\u0103 a locurilor de munc\u0103&nbsp;este o manifestare ce se \u00eenscrie \u00een tradi\u0163ia activit\u0103\u021bilor implementate de Agen\u021bia Na\u021bional\u0103 pentru Ocuparea For\u021bei de Munc\u0103. Bursa locurilor de munc\u0103 reprezint\u0103 un prilej de promovare a ofertei de locuri de munc\u0103, pus\u0103 la dispozi\u021bie de agen\u021bii economici, o posibilitate concret\u0103 de a realiza o interac\u021biune direct\u0103 cu toate categoriile de persoane aflate \u00een c\u0103utarea unui loc de munc\u0103 \u0219i selectarea persoanelor care corespund cerin\u021belor angajatorilor.<\/p>\n\n\n\n<p><strong>Obiectivul principal<\/strong>&nbsp;al acestui eveniment \u00eel constituie cre\u015fterea gradului de ocupare pentru persoanele aflate \u00een c\u0103utarea unui loc de munc\u0103. Indeplinirea acestui obiectiv se realizeaz\u0103 prin \u00eent\u00e2lnirea direct\u0103 a cererii de for\u021b\u0103 de munc\u0103 cu oferta de locuri de munc\u0103, \u00een condi\u0163iile unei concuren\u0163e loiale \u015fi transparente, care s\u0103 permit\u0103 realizarea unui echilibru \u00eentre acestea, \u00een timpul cel mai scurt.<\/p>\n\n\n\n<p>Participarea la eveniment este gratuit\u0103 pentru to\u0163i cei interesa\u0163i, angajatori \u0219i orice persoan\u0103 aflat\u0103 \u00een c<a>\u0103<\/a>utarea unui loc de munc\u0103.<\/p>\n\n\n\n<p>P\u00e2n\u0103 la aceast\u0103 dat\u0103 AJOFM Bac\u0103u a contactat peste 500 de angajatori \u0219i a centralizat aproape 350 de locuri de munc\u0103 din diverse domenii de activitate.<\/p>\n","protected":false},"excerpt":{"rendered":"<p>Agentia Judetean\u0103 pentru Ocuparea For\u0163ei de Munc\u0103 Bac\u0103u va organiza Bursa general\u0103 a locurilor de munc\u0103, \u00een data de 23 mai 2025, \u00een intervalul orar 9.00 \u2013 12.00,&nbsp; \u00een incinta&nbsp;<\/p>\n","protected":false},"author":7,"featured_media":0,"comment_status":"closed","ping_status":"closed","sticky":false,"template":"","format":"standard","meta":{"footnotes":""},"categories":[6,9,32,31],"tags":[],"class_list":["post-5221","post","type-post","status-publish","format-standard","hentry","category-burse-ale-locurilor-de-munca","category-comunicate-de-presa","category-ultimele-noutati","category-ultimele-noutati-slider"],"_links":{"self":[{"href":"https:\/\/www.anofm.ro\/bacau\/wp-json\/wp\/v2\/posts\/5221","targetHints":{"allow":["GET"]}}],"collection":[{"href":"https:\/\/www.anofm.ro\/bacau\/wp-json\/wp\/v2\/posts"}],"about":[{"href":"https:\/\/www.anofm.ro\/bacau\/wp-json\/wp\/v2\/types\/post"}],"author":[{"embeddable":true,"href":"https:\/\/www.anofm.ro\/bacau\/wp-json\/wp\/v2\/users\/7"}],"replies":[{"embeddable":true,"href":"https:\/\/www.anofm.ro\/bacau\/wp-json\/wp\/v2\/comments?post=5221"}],"version-history":[{"count":1,"href":"https:\/\/www.anofm.ro\/bacau\/wp-json\/wp\/v2\/posts\/5221\/revisions"}],"predecessor-version":[{"id":5222,"href":"https:\/\/www.anofm.ro\/bacau\/wp-json\/wp\/v2\/posts\/5221\/revisions\/5222"}],"wp:attachment":[{"href":"https:\/\/www.anofm.ro\/bacau\/wp-json\/wp\/v2\/media?parent=5221"}],"wp:term":[{"taxonomy":"category","embeddable":true,"href":"https:\/\/www.anofm.ro\/bacau\/wp-json\/wp\/v2\/categories?post=5221"},{"taxonomy":"post_tag","embeddable":true,"href":"https:\/\/www.anofm.ro\/bacau\/wp-json\/wp\/v2\/tags?post=5221"}],"curies":[{"name":"wp","href":"https:\/\/api.w.org\/{rel}","templated":true}]}}