{"id":3927,"date":"2024-05-06T00:00:00","date_gmt":"2024-05-05T21:00:00","guid":{"rendered":"https:\/\/www.anofm.ro\/bacau\/luna-mai-luna-promovarii-economiei-sociale\/"},"modified":"2024-05-06T00:00:00","modified_gmt":"2024-05-05T21:00:00","slug":"luna-mai-luna-promovarii-economiei-sociale","status":"publish","type":"post","link":"https:\/\/www.anofm.ro\/bacau\/luna-mai-luna-promovarii-economiei-sociale\/","title":{"rendered":"Luna mai \u2013 luna promov\u0103rii economiei sociale"},"content":{"rendered":"<p class=\"MsoNormal \" style=\"text-align: center;margin: 6pt 0cm 8pt 72pt\">Luna mai \u2013 luna promov\u0103rii economiei sociale<b><span lang=\"EN-GB\" style=\"font-family:\"><br \/><\/span><\/b><\/p>\n<p class=\"MsoNormal\" style=\"margin-top:6.0pt;margin-right:0cm;margin-bottom:8.0pt;margin-left:72.0pt;text-align:justify\"><b><span lang=\"EN-GB\" style=\"font-family:\"><br \/><\/span><\/b><\/p>\n<p class=\"MsoNormal\" style=\"margin-top:6.0pt;margin-right:0cm;margin-bottom:8.0pt;margin-left:72.0pt;text-align:justify\"><b><span lang=\"EN-GB\" style=\"font-family:\">Luna mai<br \/>\neste luna promov\u0103rii economiei sociale<\/span><\/b><span lang=\"EN-GB\" style=\"font-family:\"> \u015fi este dedicat\u0103 organiz\u0103rii<br \/>\ndiferitelor evenimente sau ac\u0163iuni de mediatizare a domeniului economiei<br \/>\nsociale, av\u00e2nd drept scop dezvoltarea local\u0103 \u015fi cet\u0103\u0163enia activ\u0103, cooperarea \u015fi<br \/>\nsolidaritatea social\u0103.<\/span><\/p>\n<p class=\"MsoNormal\" style=\"margin-top:6.0pt;margin-right:0cm;margin-bottom:8.0pt;margin-left:72.0pt;text-align:justify\"><span lang=\"EN-GB\" style=\"font-family:\">Acest sector, reglemetat de Legea<br \/>\nnr. 219\/2015 privind economia social\u0103, are ca obiective cre\u015fterea calitativ\u0103 \u015fi<br \/>\ncantitativ\u0103 a ocup\u0103rii, prin crearea de locuri de munc\u0103 pe termen lung \u00een<br \/>\ncadrul \u00eentreprinderilor sociale de inser\u0163ie \u015fi a \u00eentreprinderilor sociale,<br \/>\ndezvoltarea de \u00eentreprinderi sociale de inser\u0163ie care asigur\u0103 m\u0103suri de<br \/>\nacompaniere a persoanelor din grupurile vulnerabile pe termen scurt sau mediu<br \/>\npentru integrare treptat\u0103 pe pia\u0163a muncii \u00een economia real\u0103, sus\u0163inerea \u015fi<br \/>\ndezvoltarea antreprenoriatului social. <\/span><\/p>\n<p class=\"MsoNormal\" style=\"margin-top:6.0pt;margin-right:0cm;margin-bottom:8.0pt;margin-left:72.0pt;text-align:justify\"><span lang=\"EN-GB\" style=\"font-family:\">Pentru \u00eendeplinirea<br \/>\nobiectivelor economiei sociale, entit\u0103\u021bile economiei sociale desf\u0103\u0219oar\u0103, \u00een<br \/>\nprincipal, urm\u0103toarele activit\u0103\u021bi de interes general:<\/span><span lang=\"EN-GB\" style=\"font-family:\"><\/span><\/p>\n<p class=\"MsoNormal\" style=\"margin-top:0cm;margin-right:0cm;margin-bottom:0cm;margin-left:72.0pt;text-align:justify\"><span lang=\"EN-GB\" style=\"font-family:\">&#8211;<br \/>\nproducerea de bunuri, prestarea de servicii <\/span><span lang=\"RO\" style=\"font-family:\">\u0219<\/span><span lang=\"EN-GB\" style=\"font-family:\">i\/sau execu\u021bia de lucr\u0103ri care contribuie la bun\u0103starea<br \/>\ncomunit\u0103\u021bii sau a membrilor acesteia<\/span><span lang=\"RO\" style=\"font-family:\">;<\/span><\/p>\n<p class=\"MsoNormal\" style=\"margin-top:0cm;margin-right:0cm;margin-bottom:0cm;margin-left:72.0pt;text-align:justify\"><span lang=\"EN-GB\" style=\"font-family:\">&#8211;<br \/>\npromovarea cu prioritate a unor activit<\/span><span lang=\"RO\" style=\"font-family:\">\u0103\u021bi care pot genera<br \/>\nsau asigura locuri de munc\u0103 pentru \u00eencadrarea persoanelor apar\u021bin\u00e2nd grupului<br \/>\nvulnerabil;<\/span><\/p>\n<p class=\"MsoNormal\" style=\"margin-top:0cm;margin-right:0cm;margin-bottom:0cm;margin-left:72.0pt;text-align:justify\"><span lang=\"RO\" style=\"font-family:\">&#8211; dezvoltarea unor programe de formare profesional\u0103 dedicate persoanelor<br \/>\ndin grupul vulnerabil<\/span><span lang=\"EN-GB\" style=\"font-family:\">;<\/span><span style=\"font-family:\"><\/span><\/p>\n<p class=\"MsoNormal\" style=\"margin-top:6.0pt;margin-right:0cm;margin-bottom:8.0pt;margin-left:72.0pt;text-align:justify\"><span lang=\"EN-GB\" style=\"font-family:\">&#8211; dezvoltarea<br \/>\nserviciilor sociale pentru cre<\/span><span lang=\"RO\" style=\"font-family:\">\u0219<\/span><span lang=\"EN-GB\" style=\"font-family:\">terea capacit\u0103\u021bii de inser\u021bie pe pia\u021ba<br \/>\nmuncii a persoanelor din grupul vulnerabil.<\/span><\/p>\n<p class=\"MsoNormal\" style=\"margin-top:6.0pt;margin-right:0cm;margin-bottom:8.0pt;margin-left:72.0pt;text-align:justify\"><span lang=\"EN-GB\" style=\"font-family:\">Atestarea<br \/>\n\u00eentreprinderilor sociale \u0219i certificarea \u00eentreprinderilor sociale de inser\u021bie<br \/>\nsunt gratuite \u0219i se realizeaz\u0103 de c\u0103tre Agen\u021bia Na\u021bional\u0103 pentru Ocuparea<br \/>\nFor\u021bei de Munc\u0103 prin agen\u021biile jude\u021bene, <\/span><span lang=\"EN-GB\" style=\"font-family:\">respectiv Agen\u021bia Muncipal\u0103<br \/>\npentru Ocuparea For\u021bei de Munc\u0103 Bucure\u0219ti. <\/span><\/p>\n<p class=\"MsoNormal\" style=\"margin-top:6.0pt;margin-right:0cm;margin-bottom:8.0pt;margin-left:72.0pt;text-align:justify\"><span lang=\"EN-GB\" style=\"font-family:\">Situa\u021bia<br \/>\n\u00eentreprinderilor<\/span><span lang=\"EN-GB\" style=\"font-family:\"><br \/>\nsociale care au primit atestat\/marc\u0103 se reg\u0103se\u0219te \u00een Registrul Unic de Eviden\u021b\u0103<br \/>\na \u00centreprinderilor Sociale, <span class=\"MsoHyperlink\"><span style=\"color:black\">care se actualizeaz\u0103 lunar.<\/span> <\/span><\/span><span lang=\"RO\" style=\"font-family:\"><\/span><\/p>\n<p class=\"MsoNormal\" style=\"margin-top:6.0pt;margin-right:0cm;margin-bottom:8.0pt;margin-left:72.0pt;text-align:justify\"><span lang=\"EN-GB\" style=\"font-family:\">\u00cen cadrul campaniei de promovare<br \/>\na economiei sociale, Agen\u0163ia Na\u0163ional\u0103 pentru Ocuparea For\u0163ei de Munc\u0103, va<br \/>\ndesf\u0103\u0219ura, la nivel national, prin intermediul institu\u0163iilor subordonate, inclusiv<br \/>\n\u0219i AJOFM Bac\u0103u, ac\u0163iuni de tipul mese rotunde\/seminarii, \u00eent\u00e2lniri, prin care<br \/>\ns\u0103 se asigure cadrul de dialog \u00eentre speciali\u0219tii din domeniu, factori<br \/>\ninteresa\u021bi (reprezentan\u021bi ai ONG, ai angajatorilor \u0219i ai autorit\u0103\u021bilor locale)<br \/>\ncare pot sprijini dezvoltarea acestui sector \u0219i va emite<span>\u00a0 <\/span>comunicate de pres\u0103 sau organiza conferin\u021be<br \/>\nde pres\u0103.<\/span><span style=\"font-family:\"><\/span><\/p>\n<p class=\"MsoNormal\" style=\"margin-left:72.0pt;text-align:justify\"><span lang=\"RO\" style=\"font-family:\">Evenimentele<br \/>\norganizate \u00een luna mai vor aduce \u00een aten\u021bie prevederile legale referitoare la<br \/>\ndomeniul economiei sociale \u0219i vor facilita<span>\u00a0<br \/>\n<\/span>dialogul la nivel local pentru dezvoltarea acestui sector.<\/span><\/p>\n<p style=\"margin-left:72.0pt;text-align:justify;text-indent:-72.0pt\"><span style=\"font-size:11.0pt;font-family:\"><span>\u00a0\u00a0\u00a0\u00a0\u00a0\u00a0\u00a0\u00a0\u00a0\u00a0\u00a0\u00a0\u00a0\u00a0\u00a0\u00a0\u00a0\u00a0\u00a0 <\/span>\u00cen cadrul Agen\u0163iei Jude\u0163ene<br \/>\npentru Ocuparea For\u0163ei de Munc\u0103 Bac\u0103u func\u0163ioneaz\u0103 <span>\u00a0<\/span>Compartimentul Rela\u0163ii cu Angajatorii<br \/>\n\u015fi Economie Social\u0103, care are, printre alte obligatii, \u015fi atribu\u0163ii de atestare<br \/>\na \u00eentreprinderilor de economie social\u0103, potrivit prevederilor Legii nr. 219\/2015<br \/>\nprivind economia social\u0103.<\/span><\/p>\n<p style=\"margin-left:72.0pt;text-align:justify;text-indent:-72.0pt\"><span style=\"font-size:11.0pt;font-family:\"><span>\u00a0\u00a0\u00a0\u00a0\u00a0\u00a0\u00a0\u00a0\u00a0\u00a0\u00a0\u00a0\u00a0 <\/span><b><span>\u00a0\u00a0\u00a0\u00a0\u00a0<\/span><\/b>Atestatul de<br \/>\n\u00eentreprindere social\u00e3 se acord\u00e3 \u00eentreprinderilor sociale care dispun, <span>\u00a0\u00a0<\/span>prin actele de \u00eenfiin\u021bare \u0219i<br \/>\nfunc\u021bionare, respectarea urm\u00e3toarelor criterii:<b><\/b><\/span><\/p>\n<p style=\"margin-left:72.0pt;text-align:justify;text-indent:-18.0pt\"><span style=\"font-size:11.0pt;font-family:Wingdings\"><span>\u00fc<span style=\"font:7.0pt\">\u00a0 <\/span><\/span><\/span><span style=\"font-size:11.0pt;font-family:\">actioneaz\u00e3 \u00een<br \/>\nscop social \u0219i \u00een interesul general al comunit\u00e3\u021bii; <\/span><\/p>\n<p style=\"margin-left:72.0pt;text-align:justify;text-indent:-18.0pt\"><span style=\"font-size:11.0pt;font-family:Wingdings\"><span>\u00fc<span style=\"font:7.0pt\">\u00a0 <\/span><\/span><\/span><span style=\"font-size:11.0pt;font-family:\">aloc\u00e3 minimum 90%<br \/>\ndin profitul realizat scopului social \u0219i rezervei statutare; <\/span><\/p>\n<p style=\"margin-left:72.0pt;text-align:justify;text-indent:-18.0pt\"><span style=\"font-size:11.0pt;font-family:Wingdings\"><span>\u00fc<span style=\"font:7.0pt\">\u00a0 <\/span><\/span><\/span><span style=\"font-size:11.0pt;font-family:\">se oblig\u00e3 s\u00e3<br \/>\ntransmit\u00e3 bunurile r\u00e3mase \u00een urma lichid\u00e3rii c\u00e3tre una sau mai multe<br \/>\n\u00eentreprinderi sociale; <\/span><\/p>\n<p style=\"margin-left:72.0pt;text-align:justify;text-indent:-18.0pt\"><span style=\"font-size:11.0pt;font-family:Wingdings\"><span>\u00fc<span style=\"font:7.0pt\">\u00a0 <\/span><\/span><\/span><span style=\"font-size:11.0pt;font-family:\">aplic\u00e3<br \/>\nprincipiul echit\u00e3\u021bii sociale fa\u021b\u00e3 de angaja\u021bi, asigur\u00e2nd niveluri de salarizare<br \/>\nechitabile, \u00eentre care nu pot exista diferente care s\u00e3 dep\u00e3seasc\u00e3 raportul de 1<br \/>\nla 8.<\/span><\/p>\n<p style=\"margin-left:72.0pt;text-align:justify\"><span style=\"font-size:11.0pt;font-family:\">\u00cen vederea ob\u021binerii atestatului,<br \/>\npersoanele juridice de drept privat, trebuie s\u00e3 depun\u00e3 sau s\u00e3 transmit\u00e3 prin<br \/>\npo\u0219t\u00e3, cu confirmare de primire, la AJOFM<span>\u00a0<br \/>\n<\/span>Bac\u0103u urm\u00e3toarele documente:<\/span><\/p>\n<p style=\"margin-left:72.0pt;text-indent:-18.0pt\"><span style=\"font-size:11.0pt;font-family:Wingdings\"><span>\u00fc<span style=\"font:7.0pt\">\u00a0 <\/span><\/span><\/span><span style=\"font-size:11.0pt;font-family:\">cerere pentru<br \/>\nacordarea atestatului, completat\u00e3 conform modelului prev\u00e3zut \u00een anexa nr. 2 (la<br \/>\nnormele metodologice) sau, dup\u00e3 caz, \u00een anexa nr. 6 (la normele metodologice)<br \/>\n\u00een situatia \u00een care se solicit\u00e3 concomitent si acordarea m\u00e3rcii sociale; <\/span><\/p>\n<p style=\"margin-left:72.0pt;text-indent:-18.0pt\"><span style=\"font-size:11.0pt;font-family:Wingdings\"><span>\u00fc<span style=\"font:7.0pt\">\u00a0 <\/span><\/span><\/span><span style=\"font-size:11.0pt;font-family:\">actele de<br \/>\n\u00eenfiin\u021bare \u0219i func\u021bionare care demonstreaz\u00e3 faptul c\u00e3 activitatea desf\u00e3\u0219urat\u00e3<br \/>\nare scop social.<\/span><\/p>\n<p style=\"margin-left:72.0pt;text-align:justify\"><span>\u00a0 <\/span><span style=\"font-size:11.0pt;font-family:\">Informa\u021bii suplimentare se pot ob\u021bine de la sediul<br \/>\nAJOFM Bacau, strada I.S.Sturza, <span>\u00a0\u00a0<\/span>nr.63,<br \/>\nloc. Bacau, jud. Bacau, telefon 0234 576736.<\/span><\/p>\n","protected":false},"excerpt":{"rendered":"<p>Luna mai \u2013 luna promov\u0103rii economiei sociale<\/p>\n","protected":false},"author":0,"featured_media":0,"comment_status":"closed","ping_status":"closed","sticky":false,"template":"","format":"standard","meta":{"footnotes":""},"categories":[9],"tags":[],"class_list":["post-3927","post","type-post","status-publish","format-standard","hentry","category-comunicate-de-presa"],"_links":{"self":[{"href":"https:\/\/www.anofm.ro\/bacau\/wp-json\/wp\/v2\/posts\/3927","targetHints":{"allow":["GET"]}}],"collection":[{"href":"https:\/\/www.anofm.ro\/bacau\/wp-json\/wp\/v2\/posts"}],"about":[{"href":"https:\/\/www.anofm.ro\/bacau\/wp-json\/wp\/v2\/types\/post"}],"replies":[{"embeddable":true,"href":"https:\/\/www.anofm.ro\/bacau\/wp-json\/wp\/v2\/comments?post=3927"}],"version-history":[{"count":0,"href":"https:\/\/www.anofm.ro\/bacau\/wp-json\/wp\/v2\/posts\/3927\/revisions"}],"wp:attachment":[{"href":"https:\/\/www.anofm.ro\/bacau\/wp-json\/wp\/v2\/media?parent=3927"}],"wp:term":[{"taxonomy":"category","embeddable":true,"href":"https:\/\/www.anofm.ro\/bacau\/wp-json\/wp\/v2\/categories?post=3927"},{"taxonomy":"post_tag","embeddable":true,"href":"https:\/\/www.anofm.ro\/bacau\/wp-json\/wp\/v2\/tags?post=3927"}],"curies":[{"name":"wp","href":"https:\/\/api.w.org\/{rel}","templated":true}]}}