{"id":265,"date":"2023-10-08T00:00:00","date_gmt":"2023-10-07T21:00:00","guid":{"rendered":"https:\/\/www.anofm.ro\/bacau\/bursa-locurilor-de-munca-pentru-absolventi\/"},"modified":"2023-10-08T00:00:00","modified_gmt":"2023-10-07T21:00:00","slug":"bursa-locurilor-de-munca-pentru-absolventi","status":"publish","type":"post","link":"https:\/\/www.anofm.ro\/bacau\/bursa-locurilor-de-munca-pentru-absolventi\/","title":{"rendered":"BURSA LOCURILOR DE MUNC\u0102 PENTRU ABSOLVEN\u0162I"},"content":{"rendered":"<h1 align=\"center\" style=\"text-align:center\"><b><span lang=\"FR\" style=\"font-size:20.0pt;font-family:\">AGEN\u0162IA JUDE\u0162EAN\u0102<br \/>\nPENTRU OCUPAREA <\/span><\/b><\/h1>\n<h1 align=\"center\" style=\"text-align:center\"><b><span lang=\"FR\" style=\"font-size:20.0pt;font-family:\">FOR\u0162EI DE MUNC\u0102 BAC\u0102U<\/span><\/b><\/h1>\n<p class=\"MsoNormal\"><span lang=\"EN-AU\">\u00a0<\/span><\/p>\n<p class=\"MsoNormal\"><span lang=\"EN-AU\">\u00a0<\/span><\/p>\n<p class=\"MsoNormal\" align=\"center\" style=\"text-align:center\"><b><span lang=\"EN-AU\" style=\"font-size:14.0pt;font-family:\">organizeaz\u0103<br \/>\n<\/span><\/b><\/p>\n<p class=\"MsoNormal\" align=\"center\" style=\"text-align:center\"><b><span lang=\"EN-AU\" style=\"font-size:20.0pt;font-family:\">\u00a0<\/span><\/b><\/p>\n<p class=\"MsoNormal\" align=\"center\" style=\"text-align:center\"><b><span lang=\"EN-AU\" style=\"font-size:20.0pt;font-family:\">\u00a0<\/span><\/b><\/p>\n<p class=\"MsoNormal\" align=\"center\" style=\"text-align:center\"><b><span lang=\"FR\" style=\"font-size:26.0pt;font-family:\">BURSA LOCURILOR DE MUNC\u0102 PENTRU ABSOLVEN\u0162I <\/span><\/b><\/p>\n<p class=\"MsoNormal\" align=\"center\" style=\"text-align:center\"><b><span lang=\"FR\" style=\"font-size:24.0pt;font-family:\">\u00a0<\/span><\/b><\/p>\n<p class=\"MsoNormal\" align=\"center\" style=\"text-align:center\"><b><span lang=\"EN-AU\" style=\"font-size:14.0pt;font-family:\">\u00ee<\/span><\/b><b><span lang=\"NL\" style=\"font-size:14.0pt;font-family:\">n ziua de <\/span><\/b><\/p>\n<p class=\"MsoNormal\" align=\"center\" style=\"text-align:center\"><b><span lang=\"NL\" style=\"font-family:\">\u00a0<\/span><\/b><\/p>\n<p class=\"MsoNormal\" align=\"center\" style=\"text-align:center\"><b><span lang=\"NL\" style=\"font-size:20.0pt;font-family:\">27 OCTOMBRIE 2023<\/span><\/b><b><span lang=\"NL\" style=\"font-size:14.0pt;font-family:\">, <\/span><\/b><b><span lang=\"NL\" style=\"font-size:14.0pt;font-family:\">orele<\/span><\/b><b><span lang=\"NL\" style=\"font-size:20.0pt;font-family:\"> <\/span><\/b><b><span lang=\"NL\" style=\"font-size:20.0pt;font-family:\">9<sup>00<\/sup>-12<sup>00<\/sup><span><\/span><\/span><\/b><\/p>\n<p class=\"MsoNormal\" align=\"center\" style=\"text-align:center\"><b><span lang=\"NL\" style=\"font-size:20.0pt;font-family:\">\u00a0<\/span><\/b><\/p>\n<p class=\"MsoNormal\" align=\"center\" style=\"text-align:center\"><b><span lang=\"NL\" style=\"font-size:20.0pt;font-family:\">\u00a0<\/span><\/b><\/p>\n<p class=\"MsoNormal\" style=\"text-align:justify;text-indent:.5in\"><b><span lang=\"EN-AU\" style=\"font-size:18.0pt;font-family:\">Sunt<br \/>\ninvita\u0163i s\u0103 participe agen\u0163i economici interesa\u0163i \u00een selec\u0163ia \u015fi angajarea de<br \/>\npersonal \u015fi persoane aflate \u00een c\u0103utarea unui loc de munca.<\/span><\/b><\/p>\n<p class=\"MsoNormal\" style=\"text-align:justify\"><b><span lang=\"EN-AU\" style=\"font-size:14.0pt;font-family:\">\u00a0<\/span><\/b><\/p>\n<p class=\"MsoNormal\" style=\"text-align:justify\"><b><span lang=\"EN-AU\" style=\"font-size:14.0pt;font-family:\">\u00a0<\/span><\/b><\/p>\n<p class=\"MsoNormal\" style=\"text-align:justify;text-indent:.5in\"><b><span lang=\"ES\" style=\"font-size:22.0pt;font-family:\">Ac\u0163iunea se va desf\u0103\u015fura la Muzeul Jude\u0163ean de Istorie \u201eIulian Antonescu\u2019\u2019 din<br \/>\nBac\u0103u, str. 9 Mai, nr. 7.<\/span><\/b><\/p>\n<p class=\"MsoNormal\" style=\"text-align:justify;text-indent:.5in\"><b><span lang=\"FR\" style=\"font-size:14.0pt;font-family:\">\u00a0<\/span><\/b><\/p>\n<p class=\"MsoNormal\" style=\"text-align:justify\"><b><span lang=\"FR\" style=\"font-size:14.0pt;font-family:\">\u00a0<\/span><\/b><\/p>\n<p class=\"MsoNormal\" style=\"text-align:justify;text-indent:.5in\"><b><span lang=\"FR\" style=\"font-size:16.0pt;font-family:\">Societ\u0103\u0163ile comerciale \u015fi institu\u0163iile care doresc s\u0103 participe sunt rugate<br \/>\ns\u0103 ne contacteze p\u0103n\u0103 pe data de 26 octombrie, la adresa A.J.O.F.M. Bac\u0103u, str.<br \/>\nI.S. Sturza nr. 63, e-mail\u00a0: <a href=\"mailto:ajofm.bc@anofm.gov.ro\">ajofm.bc@anofm.gov.ro<\/a>;<br \/>\ntelefon: 0234\/576736, fax: 0234\/ 510942.<\/span><\/b><\/p>\n","protected":false},"excerpt":{"rendered":"<p>BURSA LOCURILOR DE MUNC\u0102 PENTRU ABSOLVEN\u0162I <\/p>\n","protected":false},"author":0,"featured_media":0,"comment_status":"closed","ping_status":"closed","sticky":false,"template":"","format":"standard","meta":{"footnotes":""},"categories":[6],"tags":[],"class_list":["post-265","post","type-post","status-publish","format-standard","hentry","category-burse-ale-locurilor-de-munca"],"_links":{"self":[{"href":"https:\/\/www.anofm.ro\/bacau\/wp-json\/wp\/v2\/posts\/265","targetHints":{"allow":["GET"]}}],"collection":[{"href":"https:\/\/www.anofm.ro\/bacau\/wp-json\/wp\/v2\/posts"}],"about":[{"href":"https:\/\/www.anofm.ro\/bacau\/wp-json\/wp\/v2\/types\/post"}],"replies":[{"embeddable":true,"href":"https:\/\/www.anofm.ro\/bacau\/wp-json\/wp\/v2\/comments?post=265"}],"version-history":[{"count":0,"href":"https:\/\/www.anofm.ro\/bacau\/wp-json\/wp\/v2\/posts\/265\/revisions"}],"wp:attachment":[{"href":"https:\/\/www.anofm.ro\/bacau\/wp-json\/wp\/v2\/media?parent=265"}],"wp:term":[{"taxonomy":"category","embeddable":true,"href":"https:\/\/www.anofm.ro\/bacau\/wp-json\/wp\/v2\/categories?post=265"},{"taxonomy":"post_tag","embeddable":true,"href":"https:\/\/www.anofm.ro\/bacau\/wp-json\/wp\/v2\/tags?post=265"}],"curies":[{"name":"wp","href":"https:\/\/api.w.org\/{rel}","templated":true}]}}