{"id":255,"date":"2023-06-14T00:00:00","date_gmt":"2023-06-13T21:00:00","guid":{"rendered":"https:\/\/www.anofm.ro\/bacau\/in-atentia-absolventilor-de-invatamant-promotia-2023\/"},"modified":"2023-06-14T00:00:00","modified_gmt":"2023-06-13T21:00:00","slug":"in-atentia-absolventilor-de-invatamant-promotia-2023","status":"publish","type":"post","link":"https:\/\/www.anofm.ro\/bacau\/in-atentia-absolventilor-de-invatamant-promotia-2023\/","title":{"rendered":"In aten\u0163ia absolven\u0163ilor de \u00eenv\u0103\u021b\u0103m\u00e2nt, promo\u0163ia 2023"},"content":{"rendered":"<p class=\"MsoNormal\" style=\"margin-bottom:0in;margin-bottom:.0001pt;line-height:normal;background:white\"><b><span style=\"font-size:14.0pt;font-family:\">In aten\u0163ia absolven\u0163ilor de \u00eenv\u0103\u021b\u0103m\u00e2nt,<br \/>\npromo\u0163ia 2023<\/span><\/b><\/p>\n<p class=\"MsoNormal\" style=\"margin-bottom:0in;margin-bottom:.0001pt;text-align:justify;line-height:normal;background:white\"><span style=\"font-size:14.0pt;font-family:\">\u00a0<\/span><\/p>\n<p class=\"MsoNormal\" style=\"margin-bottom:0in;margin-bottom:.0001pt;text-align:justify;line-height:normal;background:white\"><span style=\"font-size:14.0pt;font-family:\">Agen\u0163ia Jude\u021bean\u0103 pentru Ocuparea For\u0163ei de Munc\u0103 Bacau<br \/>\ninformeaz\u0103 absolven\u0163ii de \u00eenv\u0103\u021b\u0103m\u00e2nt din promo\u0163ia 2023 despre faptul c\u0103 se pot<br \/>\n\u00eenregistra \u00een eviden\u0163ele institu\u0163iei<b>, in<br \/>\ntermen de 60 de zile de la data absolvirii cursurilor<\/b>, pentru a putea<br \/>\nbeneficia de serviciile prev\u0103zute de lege cu scopul integr\u0103rii pe pia\u0163a muncii.<\/span><\/p>\n<p class=\"MsoNormal\" style=\"margin-bottom:0in;margin-bottom:.0001pt;text-align:justify;line-height:normal;background:white\"><span style=\"font-size:14.0pt;font-family:\">\u00a0<\/span><\/p>\n<p class=\"MsoNormal\" style=\"margin-bottom:0in;margin-bottom:.0001pt;text-align:justify;line-height:normal;background:white\"><span style=\"font-size:14.0pt;font-family:\">Absolven\u0163ii institu\u021biilor de \u00eenv\u0103\u021b\u0103m\u00e2nt care se<br \/>\n\u00eenregistreaz\u0103 \u00een eviden\u0163ele agentiei\/punctul de lucru in a carui raza isi are<br \/>\ndomiciliul, in termenul prevazut de lege, ca persoane aflate \u00een c\u0103utarea unui loc de<br \/>\nmunc\u0103, beneficiaz\u0103 de servicii gratuite de informare \u015fi consiliere profesional\u0103,<br \/>\nmediere a muncii, servicii de formare profesional\u0103, precum \u0219i de m\u0103suri de<br \/>\nstimulare a ocup\u0103rii (prime).<\/span><\/p>\n<p class=\"MsoNormal\" style=\"margin-bottom:0in;margin-bottom:.0001pt;text-align:justify;line-height:normal;background:white\"><span style=\"font-size:14.0pt;font-family:\">\u00a0<\/span><\/p>\n<p class=\"MsoNormal\" style=\"margin-bottom:0in;margin-bottom:.0001pt;text-align:justify;line-height:normal;background:white\"><span style=\"font-size:14.0pt;font-family:\">Actele necesare pentru \u00eenregistrarea absolven\u021bilor \u00een eviden\u021bele agen\u021biei,<br \/>\nca persoane aflate in c\u0103utarea unui loc de munc\u0103, sunt:<\/span><\/p>\n<p class=\"MsoNormal\" style=\"margin-bottom:0in;margin-bottom:.0001pt;text-align:justify;line-height:normal;background:white\"><b><span style=\"font-size:14.0pt;font-family:\">-Cartea de identitate,<br \/>\nin original;<\/span><\/b><\/p>\n<p class=\"MsoNormal\" style=\"margin-bottom:0in;margin-bottom:.0001pt;text-align:justify;line-height:normal;background:white\"><b><span style=\"font-size:14.0pt;font-family:\">-Adeverinta \/ diploma<br \/>\nde absolvire din care s\u0103 rezulte data absolvirii, in original.<\/span><\/b><\/p>\n<p class=\"MsoNormal\" style=\"margin-bottom:0in;margin-bottom:.0001pt;text-align:justify;line-height:normal;background:white\"><span style=\"font-size:14.0pt;font-family:\">\u00a0<\/span><\/p>\n<p class=\"MsoNormal\" style=\"margin-bottom:0in;margin-bottom:.0001pt;text-align:justify;line-height:normal;background:white\"><span style=\"font-size:14.0pt;font-family:\">Inregistrarea ca persoan\u0103 aflat\u0103 \u00een c\u0103utarea unui loc de munc\u0103 \u00een<br \/>\ntermen de 60 de zile de la absolvire este o<br \/>\netap\u0103 prealabil\u0103 \u0219i obligatorie \u00een vederea ob\u021binerii indemniza\u021biei de \u0219omaj, care se<br \/>\nacord\u0103 \u00een cazul \u00een care persoana nu a reu\u0219it s\u0103 se<br \/>\n\u00eencadreze \u00een munc\u0103 potrivit preg\u0103tirii profesionale \u00een termenul men\u021bionat sau nu<br \/>\ncontinua o forma de invatamant.<\/span><\/p>\n<p class=\"MsoNormal\" style=\"margin-bottom:0in;margin-bottom:.0001pt;text-align:justify;line-height:normal;background:white\"><span style=\"font-size:14.0pt;font-family:\">\u00a0<\/span><\/p>\n<p class=\"MsoNormal\" style=\"margin-bottom:0in;margin-bottom:.0001pt;text-align:justify;line-height:normal;background:white\"><b><span style=\"font-size:14.0pt;font-family:\">\u00a0<\/span><\/b><\/p>\n<p class=\"MsoNormal\" style=\"margin-bottom:0in;margin-bottom:.0001pt;text-align:justify;line-height:normal;background:white\"><span style=\"font-size:14.0pt;font-family:\">Punctele de lucru unde se pot inregistra absolventii:<span>\u00a0\u00a0\u00a0 <\/span><\/span><\/p>\n<p class=\"MsoNormal\" style=\"margin-bottom:0in;margin-bottom:.0001pt;text-align:justify;line-height:normal;background:white\"><span style=\"font-size:14.0pt;font-family:\">\u00a0<\/span><\/p>\n<p class=\"MsoNormal\" style=\"margin-bottom:0in;margin-bottom:.0001pt;text-align:justify;line-height:normal;background:white\"><b><span style=\"font-size:14.0pt;font-family:\">Bacau<\/span><\/b><span style=\"font-size:14.0pt;font-family:\">: str.I.S.Sturza nr.63,sediul vechi,<br \/>\ntel. 0234.576286;<span>\u00a0 <\/span><\/span><\/p>\n<p class=\"MsoNormal\" style=\"margin-bottom:0in;margin-bottom:.0001pt;text-align:justify;line-height:normal;background:white\"><b><span style=\"font-size:14.0pt;font-family:\">Onesti:\u00a0<\/span><\/b><span style=\"font-size:14.0pt;font-family:\">str.Republicii nr.43, tel. 0234.314546;<\/span><\/p>\n<p class=\"MsoNormal\" style=\"margin-bottom:0in;margin-bottom:.0001pt;text-align:justify;line-height:normal;background:white\"><b><span style=\"font-size:14.0pt;font-family:\">Comanesti<\/span><\/b><span style=\"font-size:14.0pt;font-family:\">: str.Pietei bl.F6 ap.3, tel. 0234.374339<br \/>\n;<span>\u00a0\u00a0\u00a0 <\/span><\/span><\/p>\n<p class=\"MsoNormal\" style=\"margin-bottom:0in;margin-bottom:.0001pt;text-align:justify;line-height:normal;background:white\"><b><span style=\"font-size:14.0pt;font-family:\">Moinesti<\/span><\/b><span style=\"font-size:14.0pt;font-family:\">: str.Tudor Vladimirescu nr. 206,<br \/>\ntel. 0787.725546;<span>\u00a0\u00a0\u00a0\u00a0 <\/span><\/span><\/p>\n<p class=\"MsoNormal\" style=\"margin-bottom:0in;margin-bottom:.0001pt;text-align:justify;line-height:normal;background:white\"><b><span style=\"font-size:14.0pt;font-family:\">Buhusi<\/span><\/b><span style=\"font-size:14.0pt;font-family:\">: str.1 Mai nr.6 E, tel. 0234.708743;<\/span><\/p>\n<p class=\"MsoNormal\" style=\"margin-bottom:0in;margin-bottom:.0001pt;text-align:justify;line-height:normal;background:white\"><b><span style=\"font-size:14.0pt;font-family:\">PoduTurcului<\/span><\/b><span style=\"font-size:14.0pt;font-family:\">: in incinta Primariei PoduTurcului,<br \/>\ntel. 0234.289218;<\/span><\/p>\n<p class=\"MsoNormal \" style=\"margin-bottom:0in;margin-bottom:.0001pt;text-align:justify;line-height:normal;background:white\"><b><span style=\"font-size:14.0pt;font-family:\">Tg.Ocna<\/span><\/b><span style=\"font-size:14.0pt;font-family:\">: str. Constans Dimonisie bl.E5,parter, tel. 0234.708755;<\/span><\/p>\n<p class=\"MsoNormal\" style=\"margin-bottom:0in;margin-bottom:.0001pt;text-align:justify;line-height:normal;background:white\"><b><span style=\"font-size:14.0pt;font-family:\">Racaciuni<\/span><\/b><span style=\"font-size:14.0pt;font-family:\">: str. Stefan cel Mare, 0234.576286,<br \/>\nint.104.<span>\u00a0\u00a0\u00a0\u00a0 <\/span><\/span><\/p>\n","protected":false},"excerpt":{"rendered":"<p>In aten\u0163ia absolven\u0163ilor de \u00eenv\u0103\u021b\u0103m\u00e2nt, promo\u0163ia 2023<\/p>\n","protected":false},"author":0,"featured_media":0,"comment_status":"closed","ping_status":"closed","sticky":false,"template":"","format":"standard","meta":{"footnotes":""},"categories":[16],"tags":[],"class_list":["post-255","post","type-post","status-publish","format-standard","hentry","category-materiale-informative"],"_links":{"self":[{"href":"https:\/\/www.anofm.ro\/bacau\/wp-json\/wp\/v2\/posts\/255","targetHints":{"allow":["GET"]}}],"collection":[{"href":"https:\/\/www.anofm.ro\/bacau\/wp-json\/wp\/v2\/posts"}],"about":[{"href":"https:\/\/www.anofm.ro\/bacau\/wp-json\/wp\/v2\/types\/post"}],"replies":[{"embeddable":true,"href":"https:\/\/www.anofm.ro\/bacau\/wp-json\/wp\/v2\/comments?post=255"}],"version-history":[{"count":0,"href":"https:\/\/www.anofm.ro\/bacau\/wp-json\/wp\/v2\/posts\/255\/revisions"}],"wp:attachment":[{"href":"https:\/\/www.anofm.ro\/bacau\/wp-json\/wp\/v2\/media?parent=255"}],"wp:term":[{"taxonomy":"category","embeddable":true,"href":"https:\/\/www.anofm.ro\/bacau\/wp-json\/wp\/v2\/categories?post=255"},{"taxonomy":"post_tag","embeddable":true,"href":"https:\/\/www.anofm.ro\/bacau\/wp-json\/wp\/v2\/tags?post=255"}],"curies":[{"name":"wp","href":"https:\/\/api.w.org\/{rel}","templated":true}]}}