{"id":206,"date":"2022-05-04T00:00:00","date_gmt":"2022-05-03T21:00:00","guid":{"rendered":"https:\/\/www.anofm.ro\/bacau\/anunt-privind-organizarea-concursului-pentru-ocuparea-posturilor-vacante-de-formatori-si-instructori-practica-in-cadrul-proiectului-instaf-id-proiect-150768\/"},"modified":"2022-05-04T00:00:00","modified_gmt":"2022-05-03T21:00:00","slug":"anunt-privind-organizarea-concursului-pentru-ocuparea-posturilor-vacante-de-formatori-si-instructori-practica-in-cadrul-proiectului-instaf-id-proiect-150768","status":"publish","type":"post","link":"https:\/\/www.anofm.ro\/bacau\/anunt-privind-organizarea-concursului-pentru-ocuparea-posturilor-vacante-de-formatori-si-instructori-practica-in-cadrul-proiectului-instaf-id-proiect-150768\/","title":{"rendered":"ANUNT privind organizarea concursului pentru ocuparea posturilor vacante de formatori si instructori practica \u00een cadrul proiectului \u2013 INSTAF\u2019\u2019- ID proiect 150768"},"content":{"rendered":"<p class=\"MsoNormal\" align=\"center\" style=\"text-align:center\"><span lang=\"RO\" style=\"font-family:\">ANUNT<\/span><\/p>\n<p class=\"MsoNormal\" align=\"center\" style=\"text-align:center\"><span lang=\"RO\" style=\"font-family:\">privind<br \/>\norganizarea concursului pentru ocuparea posturilor vacante de formatori si<br \/>\ninstructori practica \u00een cadrul proiectului ,,<\/span><span style=\"font-family:\">Integrare si sprijin pentru tinerii NEETs prin<br \/>\nangajare si formare profesionala \u2013 INSTAF\u2019\u2019- ID <\/span><span style=\"font-family:\">proiect 150768<\/span><\/p>\n<p class=\"MsoNormal\" style=\"text-align:justify;line-height:115%;border:none;padding:0in\"><b><span lang=\"RO\" style=\"font-size:11.0pt;line-height:115%;font-family:\">I. INFORMA\u021aII DESPRE PROIECT<\/span><\/b><\/p>\n<div style=\"border:none;border-bottom:solid windowtext 1.0pt;padding:0in 0in 31.0pt 0in\">\n<p class=\"MsoNormal\" style=\"text-align:justify;border:none;padding:0in\"><span lang=\"RO\" style=\"font-size:11.0pt;font-family:\">Agen\u021bia<br \/>\nJude\u021bean\u0103 pentru Ocuparea For\u021bei de Munc\u0103 Bac\u0103u, cu sediul \u00een Bac\u0103u, str.I.S.<br \/>\nSturza, nr.63, organizeaz\u0103 concurs pentru ocuparea , <\/span><span lang=\"RO\" style=\"font-size:11.0pt;font-family:\">pe perioada determinata, a posturilor<br \/>\nde formator \u2013 1 post si instructor practica &#8211; 2 posturi, \u00een cadrul echipei de implementare<br \/>\na proiectului \u201e<\/span><span style=\"font-size:11.0pt;font-family:\">INSTAF\u201d- ID proiect 150768<\/span><span lang=\"RO\" style=\"font-size:11.0pt;font-family:\">, \u00een data de 12.05.2022, ora 10<sup>00<\/sup>. <\/span><\/p>\n<p class=\"MsoNormal\" style=\"text-align:justify;border:none;padding:0in\"><span lang=\"RO\" style=\"font-size:11.0pt;font-family:\">Pentru<br \/>\nocuparea acestora pot participa persoane fizice interesate.<\/span><\/p>\n<p class=\"MsoNormal\" style=\"text-align:justify;border:none;padding:0in\"><span lang=\"RO\" style=\"font-size:11.0pt;font-family:\">Perioada<br \/>\nprevizionata de derulare a proiectului: septembrie 2021- septembrie 2023.<\/span><span style=\"font-size:11.0pt;font-family:\"><\/span><\/p>\n<p class=\"MsoNormal\" style=\"text-align:justify;line-height:115%;border:none;padding:0in\"><span style=\"font-size:11.0pt;line-height:115%;font-family:\">Obiectivul general al proiectului\/Scopul proiectului: <\/span><span style=\"font-size:11.0pt;line-height:115%;font-family:\">Cresterea<br \/>\nnivelului de ocupare a 450 de tineri NEETs din regiunea N-E prin servicii de<br \/>\nformare profesionala, mediere, angajare si antreprenoriat.<\/span><\/p>\n<p class=\"MsoNormal\" style=\"text-align:justify;line-height:115%;border:none;padding:0in\"><span style=\"font-size:11.0pt;line-height:115%;font-family:\">Scopul proiectului<br \/>\neste ca prin activitatile desfasurate sa contribuie la cresterea numarului de<br \/>\ntineri NEETs care vor iesi din aceasta categorie prin obtinerea unor<br \/>\ncalificari, gasirea unui loc de munca sau prin inceperea unei afaceri pe cont<br \/>\npropriu. Prin demersurile de mediere si antreprenoriat efectuate de 450 si<br \/>\nrespectiv, 60 de persoane se urmareste cresterea gradului de ocupare a<br \/>\ntinerilor NEETs ceea ce corespunde Obiectivului specific 2.1, Axa 2 din POCU,<br \/>\niar prin organizarea a 26 grupe de formare profesionala se urmareste<br \/>\nimbunatatirea nivelului de competente pt 351 de absolventi ceea ce corespunde<br \/>\nObiectivului specific 2.2, Axa 2 din POCU. Aceste tinte vor fi atinse prin<br \/>\nimplementarea activitatilor A3- formare profesionala, A4-mediere si angajare si<br \/>\nA5-antreprenoriat. Proiectul are in vedere si cresterea numarului de tineri<br \/>\nNEETs inregistrati la SPO prin identificarea a 150 de pers. care desi se<br \/>\nincadreaza in categoria NEETs, nu au fost inca inregistrati si profilati de<br \/>\nSPO, actiune ce se va realiza prin intermediul activitatii suport A 2.1. Prin<br \/>\nrezultatele obtinute in cadrul acestor activitati, vom contribui la<br \/>\nimbunatatirea situatiei tinerilor NEETs, respectiv la reducerea acestei<br \/>\ncategorii de someri si cresterea nivelului de ocupare cu efecte pozitive pe<br \/>\ntermen lung asupra acestor persoane si asupra pietei muncii in regiunea NE.<\/span><\/p>\n<p class=\"MsoNormal\" style=\"text-align:justify;line-height:115%;border:none;padding:0in\"><b><span style=\"font-size:11.0pt;line-height:115%;font-family:\">Obiectivele<br \/>\nspecifice ale proiectului<\/span><\/b><\/p>\n<p class=\"MsoNormal\" style=\"text-align:justify;line-height:115%;border:none;padding:0in\"><span style=\"font-size:11.0pt;line-height:115%;font-family:\">1. Sprijinirea<br \/>\nunui numar de 351 de tineri NEETs in vederea dobandirii unei calificari cautate<br \/>\npe piata muncii.<\/span><\/p>\n<p class=\"MsoNormal\" style=\"text-align:justify;line-height:115%;border:none;padding:0in\"><span style=\"font-size:11.0pt;line-height:115%;font-family:\">Obiectivul este in<br \/>\nstransa legatura cu activitatea A3 si cu rezultatele obtinute in cadrul<br \/>\nacesteia prin a caror realizare se va atinge tinta stabilita de 351 de persoane<br \/>\ncertificate in urma parcurgerii si absolvirii unor programe de<br \/>\ncalificare\/perfectionare\/specializare si initiere in ocupatii cautate pe piata<br \/>\nmuncii din reg N-E.<\/span><\/p>\n<p class=\"MsoNormal\" style=\"text-align:justify;line-height:115%;border:none;padding:0in\"><span style=\"font-size:11.0pt;line-height:115%;font-family:\">2. Sprijinirea<br \/>\nunui numar de 450 de tineri NEETs prin actiuni de mediere si angajarea a minim<br \/>\n182 de persoane dintre acestia.<\/span><\/p>\n<p class=\"MsoNormal\" style=\"text-align:justify;line-height:115%;border:none;padding:0in\"><span style=\"font-size:11.0pt;line-height:115%;font-family:\">Obiectivul<br \/>\nspecific 2 este in stransa legatura cu activitatea A4 si cu rezultatele<br \/>\nacesteia care contribuie in mod direct la atingerea tintei de 450 de tineri<br \/>\ncare au primit cel putin o oferta de munca pe parcursul operatiunii si la<br \/>\nangajarea a 182 dintre acestia.<\/span><\/p>\n<p class=\"MsoNormal\" style=\"text-align:justify;line-height:115%;border:none;padding:0in\"><span style=\"font-size:11.0pt;line-height:115%;font-family:\">3. Sprijinirea<br \/>\nunui numar de 60 de tineri NEETs prin masuri de antreprenoriat, inclusiv<br \/>\nfinantarea afacerilor propuse de acestia si cresterea ocuparii pe cont propriu<br \/>\npentru minim 12 tineri<\/span><\/p>\n<p class=\"MsoNormal\" style=\"text-align:justify;line-height:115%;border:none;padding:0in\"><span style=\"font-size:11.0pt;line-height:115%;font-family:\">Obiectivul<br \/>\nspecific 3 se afla in stransa legatura cu activitatea A5 si cu rezultatele<br \/>\nacesteia prin a caror realizare se ating tintele propuse de participare la<br \/>\nprograme de antreprenoriat a 60 de tineri, consilierea in vederea dezvoltarii<br \/>\nplanurilor de afaceri a minim 36 de de participanti, mentoratul acordat pt 12<br \/>\nviitori antreprenori, infiintarea si finantarea a 12 imm-uri in vedere<br \/>\ncresterii ocuparii pe cont propriu si a crearii a 12 noi locuri de munca.<\/span><\/p>\n<\/div>\n<p class=\"MsoNormal\" align=\"center\" style=\"text-align:center\"><span style=\"font-family:\"><\/span><span lang=\"RO\" style=\"font-size:11.0pt;font-family:\"><\/span><\/p>\n<div style=\"border:none;border-bottom:solid windowtext 1.0pt;padding:0in 0in 1.0pt 0in\">\n<p class=\"MsoNormal\" style=\"text-align:justify;line-height:115%;border:none;padding:0in\"><i><span lang=\"RO\" style=\"font-size:11.0pt;line-height:115%;font-family:\">\u00a0<\/span><\/i><\/p>\n<p class=\"MsoNormal\" style=\"text-align:justify;line-height:115%;border:none;padding:0in\"><b><span lang=\"RO\" style=\"font-size:11.0pt;line-height:115%;font-family:\">Activit\u0103\u021bile proiectului<br \/>\nsunt<\/span><\/b><span lang=\"RO\" style=\"font-size:11.0pt;line-height:115%;font-family:\">:<\/span><\/p>\n<p class=\"MsoNormal\" style=\"margin-left:1.0in;text-indent:-1.0in;line-height:115%;border:none;padding:0in\"><span lang=\"RO\" style=\"font-size:11.0pt;line-height:115%;font-family:\">Activitatea 1.<\/span><span style=\"font-size:11.0pt;line-height:115%;font-family:\"> Activitati transversale si de management;<\/span><\/p>\n<p class=\"MsoNormal\" style=\"text-align:justify;line-height:115%;border:none;padding:0in\"><span lang=\"RO\" style=\"font-size:11.0pt;line-height:115%;font-family:\">Activitatea<br \/>\n2. <\/span><span style=\"font-size:11.0pt;line-height:115%;font-family:\">Campanie de informare a publicului in vederea<br \/>\nidentificarii tinerilor neinregistrati la SPO si orientarea lor catre<br \/>\ninregistrare si profilare in scopul recrutarii a 450 de tineri NEETs;<\/span><\/p>\n<p class=\"MsoNormal\" style=\"text-align:justify;line-height:115%;border:none;padding:0in\"><span lang=\"RO\" style=\"font-size:11.0pt;line-height:115%;font-family:\">Activitatea<br \/>\n3<\/span><span style=\"font-size:11.0pt;line-height:115%;font-family:\">. Organizarea si derularea a 26 de grupe de formare<br \/>\nprofesionala ce vor urma programe de calificare\/perfectionare\/initiere recunoscute<br \/>\nde ANC in ocupatii cautate pe piata muncii<\/span><span lang=\"RO\" style=\"font-size:11.0pt;line-height:115%;font-family:\">;<\/span><\/p>\n<p class=\"MsoNormal\" style=\"text-align:justify;line-height:115%;border:none;padding:0in\"><span lang=\"RO\" style=\"font-size:11.0pt;line-height:115%;font-family:\">Activitatea<br \/>\n4<\/span><span style=\"font-size:11.0pt;line-height:115%;font-family:\">. Furnizarea serviciilor specializate pentru<br \/>\nstimularea ocuparii pentru 450 de persoane inscrise in GT;<\/span><\/p>\n<p class=\"MsoNormal\" style=\"text-align:justify;line-height:115%;border:none;padding:0in\"><span lang=\"RO\" style=\"font-size:11.0pt;line-height:115%;font-family:\">Activitatea<br \/>\n5. <\/span><span style=\"font-size:11.0pt;line-height:115%;font-family:\">Sustinerea antreprenoriatului in randul tinerilor<br \/>\nprin includerea in programele de antreprenoriat a minim 60 tineri sifinantarea<br \/>\nafacerilor a 12 dintre acestia;<\/span><\/p>\n<\/div>\n<p class=\"MsoNormal\"><b><span lang=\"FR\" style=\"font-size:11.0pt;font-family:\">II. OBIECTUL ANUNTULUI DE SELECTIE<\/span><\/b><\/p>\n<p class=\"MsoNormal\"><span lang=\"FR\" style=\"font-size:11.0pt;font-family:\">Agentia Judeteana<br \/>\npentru Ocuparea Fortei de Munca Bacau anunta scoaterea la concurs a 1 post<br \/>\nformator si 2 posturi instructor de practica in cadrul proiectului <\/span><span lang=\"RO\" style=\"font-size:11.0pt;font-family:\">,,<\/span><span style=\"font-size:11.0pt;font-family:\">Integrare si<br \/>\nsprijin pentru tinerii NEETs prin angajare si formare profesionala \u2013 INSTAF\u2019\u2019-<br \/>\nID proiect 150768<\/span><span lang=\"FR\" style=\"font-size:11.0pt;font-family:\">, dupa cum urmeaza:<\/span><\/p>\n<p class=\"MsoListParagraphCxSpFirst\" style=\"margin-left:.75in;text-indent:-.25in\"><span lang=\"FR\" style=\"font-size:11.0pt;font-family:\">&#8211;<span style=\"font-size: 7pt;line-height: normal;font-family:\">\u00a0\u00a0\u00a0\u00a0\u00a0\u00a0 <\/span><\/span><span lang=\"FR\" style=\"font-size:11.0pt;font-family:\">formator \u2013 1 post<\/span><\/p>\n<p class=\"MsoListParagraphCxSpLast\" style=\"margin-left:.75in;text-indent:-.25in\"><span lang=\"FR\" style=\"font-size:11.0pt;font-family:\">&#8211;<span style=\"font-size: 7pt;line-height: normal;font-family:\">\u00a0\u00a0\u00a0\u00a0\u00a0\u00a0 <\/span><\/span><span lang=\"FR\" style=\"font-size:11.0pt;font-family:\">instructor practica \u2013 2<br \/>\nposturi.<\/span><\/p>\n<p class=\"MsoNormal\"><span lang=\"FR\" style=\"font-size:11.0pt;font-family:\">Candidatii vor fi<br \/>\nselectati conform procedurii interne de selectie aprobata prin Ordinul<br \/>\nPresedintelui ANOFM nr. 236\/10.07.20218.<\/span><\/p>\n<p class=\"MsoNormal\"><span lang=\"FR\" style=\"font-size:11.0pt;font-family:\">Candidatilor declarati<br \/>\nadmisi li se vor incheia contracte individuale de munca pe perioada<br \/>\ndeterminata, perioada care va fi stabilita in functie de cursul la care<br \/>\ncandidatul va aplica si durata proiectului.<\/span><\/p>\n<p class=\"MsoNormal\"><span lang=\"FR\" style=\"font-size:11.0pt;font-family:\">Prestarea efectiva a<br \/>\nactivitatii se va stabili in raport de calendarul si perioada de desfasurare a<br \/>\ncursului la care candidatul a aplicat.<\/span><\/p>\n<p class=\"MsoNormal\"><b><span style=\"font-size:11.0pt;font-family:\">III. CONDITII GENERALE SI SPECIFICE OCUPARII<br \/>\nPOSTURILOR<\/span><\/b><\/p>\n<p class=\"MsoListParagraph\" style=\"margin-left:.75in;text-indent:-.25in\"><span style=\"font-size:11.0pt;font-family:\">&#8211;<span style=\"font-size: 7pt;line-height: normal;font-family:\">\u00a0\u00a0\u00a0\u00a0\u00a0\u00a0<br \/>\n<\/span><\/span><span style=\"font-size:11.0pt;font-family:\">Formator \u2013 1 post<\/span><\/p>\n<p class=\"MsoNormal\"><span style=\"font-size:11.0pt;font-family:\">Cod ocupatie: 242401<br \/>\nformator<\/span><\/p>\n<p class=\"MsoNormal\"><span style=\"font-size:11.0pt;font-family:\">Conditii generale:<\/span><\/p>\n<p class=\"MsoListParagraphCxSpFirst\" style=\"margin-left:0in;text-indent:28.35pt\"><span style=\"font-size:11.0pt;font-family:\">&#8211;<span style=\"font-size: 7pt;line-height: normal;font-family:\">\u00a0 <\/span><\/span><span style=\"font-size:11.0pt;font-family:\">are cetatenie romana\/cetatenie a altor state<br \/>\nmembre UE, sau a statelor apartinand SEE cu resedinta in Romania;<\/span><\/p>\n<p class=\"MsoListParagraphCxSpMiddle\" style=\"margin-left:0in;text-indent:28.35pt\"><span style=\"font-size:11.0pt;font-family:\">&#8211;<span style=\"font-size: 7pt;line-height: normal;font-family:\">\u00a0 <\/span><\/span><span style=\"font-size:11.0pt;font-family:\">are capacitate de exercitiu deplina;<\/span><\/p>\n<p class=\"MsoListParagraphCxSpLast\" style=\"margin-left:0in;text-indent:28.35pt\"><span style=\"font-size:11.0pt;font-family:\">&#8211;<span style=\"font-size: 7pt;line-height: normal;font-family:\">\u00a0 <\/span><\/span><span style=\"font-size:11.0pt;font-family:\">nu a fost condamnat definitiv pentru<br \/>\nsavarsirea unei infractiuni contra umanitatii, statului ori contra autoritatii,<br \/>\nde serviciu sau in legatura cu serviciul, care impiedica infaptuirea justitiei,<br \/>\nde fals, ori a unor fapte de coruptie sau a unei infractiuni savarsite cu<br \/>\nintentie, care l-ar face incompatibil cu exercitarea functiei, cu exceptia<br \/>\nsituatiei in care a intervenit reabilitarea;<\/span><\/p>\n<p class=\"MsoNormal\" style=\"margin-left:28.35pt\"><span style=\"font-size:11.0pt;font-family:\">Conditii specifice:<\/span><\/p>\n<p class=\"MsoListParagraphCxSpFirst\" style=\"margin-left:0in;text-indent:28.35pt\"><span style=\"font-size:11.0pt;font-family:\">&#8211;<span style=\"font-size: 7pt;line-height: normal;font-family:\">\u00a0 <\/span><\/span><span style=\"font-size:11.0pt;font-family:\">educatie solicitata\u2013 minim studii superioare<br \/>\nabsolvite cu diploma de licenta- 3 ani;<\/span><\/p>\n<p class=\"MsoListParagraphCxSpMiddle\" style=\"margin-left:0in;text-indent:28.35pt\"><span style=\"font-size:11.0pt;font-family:\">&#8211;<span style=\"font-size: 7pt;line-height: normal;font-family:\">\u00a0 <\/span><\/span><span style=\"font-size:11.0pt;font-family:\">experienta solicitata- experienta<br \/>\nprofesionala specifica in domeniul ocupatiei in care va sustine formarea- 2<br \/>\nani;<\/span><\/p>\n<p class=\"MsoListParagraphCxSpMiddle\" style=\"margin-left:0in;text-indent:28.35pt\"><span style=\"font-size:11.0pt;font-family:\">&#8211;<span style=\"font-size: 7pt;line-height: normal;font-family:\">\u00a0 <\/span><\/span><span style=\"font-size:11.0pt;font-family:\">curs formator; <\/span><\/p>\n<p class=\"MsoListParagraphCxSpMiddle\" style=\"margin-left:0in;text-indent:28.35pt\"><span style=\"font-size:11.0pt;font-family:\">&#8211;<span style=\"font-size: 7pt;line-height: normal;font-family:\">\u00a0 <\/span><\/span><span style=\"font-size:11.0pt;font-family:\">operare PC; <\/span><\/p>\n<p class=\"MsoListParagraphCxSpLast\" style=\"margin-left:0in;text-indent:28.35pt\"><span style=\"font-size:11.0pt;font-family:\">&#8211;<span style=\"font-size: 7pt;line-height: normal;font-family:\">\u00a0 <\/span><\/span><span style=\"font-size:11.0pt;font-family:\">abilitati de lucru in echipa; capacitate de<br \/>\nconcentrare, analiza si sinteza; rezistenta la stres, abilitati de comunicare<br \/>\ninterpersonala; abilitati de negociere;<\/span><\/p>\n<p class=\"MsoNormal\"><b><span style=\"font-size:11.0pt;font-family:\">Atributiile postului scos la concurs<\/span><\/b><span style=\"font-size:11.0pt;font-family:\">: <\/span><\/p>\n<p class=\"MsoNormal\"><span style=\"font-size:11.0pt;font-family:\">&#8211; asigura realizarea<br \/>\nscopului si obiectivelor programului de formare profesionala prin realizarea<br \/>\ninstruirii teoretice, testarea intermediara si finala a participantilor in<br \/>\nvederea verificarii nivelului cunostintelor acestora; asigura respectarea<br \/>\nprincipiului egalitatii de sanse si non discriminare in furnizarea serviciilor<br \/>\nde formare profesionala; asigura promovarea egalitatii de sanse intre femei si<br \/>\nbarbati; asigura realizarea scopului si obiectivuluui programului de formare<br \/>\nprofesionala; culege informatii despre cursanti, nivelul de cunostinte,<br \/>\nexperienta, obiectivele acestora si adapteaza metodele de formare,<br \/>\ncomunicare\/curicula, la nevoile acestora; pregateste\/actualizeaza suportul de<br \/>\ncurs si eventual materialele auxiliare; preia de la organizatorul FPC<br \/>\ndocumentele specifice (catalogul participantilor, listele de prezenta) pe care<br \/>\nle va completa pentru fiecare zi\/sesiune de pregatire; se asigura inainte de<br \/>\ninceperea cursului de existenta materialelor<\/span><\/p>\n<p class=\"MsoListParagraph\" style=\"margin-left:.75in;text-indent:-.25in\"><span lang=\"FR\" style=\"font-size:11.0pt;font-family:\">&#8211;<span style=\"font-size: 7pt;line-height: normal;font-family:\">\u00a0\u00a0\u00a0\u00a0\u00a0\u00a0 <\/span><\/span><span lang=\"FR\" style=\"font-size:11.0pt;font-family:\">Instructor practica \u2013 2<br \/>\nposturi<\/span><\/p>\n<p class=\"MsoNormal\"><span style=\"font-size:11.0pt;font-family:\">Cod ocupatie: 242401<br \/>\nformator<\/span><\/p>\n<p class=\"MsoNormal\"><span style=\"font-size:11.0pt;font-family:\">Conditii generale:<\/span><\/p>\n<p class=\"MsoListParagraphCxSpFirst\" style=\"margin-left:0in;text-indent:28.35pt\"><span style=\"font-size:11.0pt;font-family:\">&#8211;<span style=\"font-size: 7pt;line-height: normal;font-family:\">\u00a0 <\/span><\/span><span style=\"font-size:11.0pt;font-family:\">are cetatenie romana\/cetatenie a altor state<br \/>\nmembre UE, sau a statelor apartinand SEE cu resedinta in Romania;<\/span><\/p>\n<p class=\"MsoListParagraphCxSpMiddle\" style=\"margin-left:0in;text-indent:28.35pt\"><span style=\"font-size:11.0pt;font-family:\">&#8211;<span style=\"font-size: 7pt;line-height: normal;font-family:\">\u00a0 <\/span><\/span><span style=\"font-size:11.0pt;font-family:\">are capacitate de exercitiu deplina;<\/span><\/p>\n<p class=\"MsoListParagraphCxSpLast\" style=\"margin-left:0in;text-indent:28.35pt\"><span style=\"font-size:11.0pt;font-family:\">&#8211;<span style=\"font-size: 7pt;line-height: normal;font-family:\">\u00a0 <\/span><\/span><span style=\"font-size:11.0pt;font-family:\">nu a fost condamnat definitiv pentru<br \/>\nsavarsirea unei infractiuni contra umanitatii, statului ori contra autoritatii,<br \/>\nde serviciu sau in legatura cu serviciul, care impiedica infaptuirea justitiei,<br \/>\nde fals, ori a unor fapte de coruptie sau a unei infractiuni savarsite cu<br \/>\nintentie, care l-ar face incompatibil cu exercitarea functiei, cu exceptia<br \/>\nsituatiei in care a intervenit reabilitarea;<\/span><\/p>\n<p class=\"MsoNormal\"><span style=\"font-size:11.0pt;font-family:\">Conditii specifice:<\/span><\/p>\n<p class=\"MsoListParagraphCxSpFirst\" style=\"margin-left:0in;text-indent:28.35pt\"><span style=\"font-size:11.0pt;font-family:\">&#8211;<span style=\"font-size: 7pt;line-height: normal;font-family:\">\u00a0 <\/span><\/span><span style=\"font-size:11.0pt;font-family:\">educatie solicitata\u2013 minim studii medii<br \/>\nabsolvite cu diploma de bacalaureat- 4 ani;<\/span><\/p>\n<p class=\"MsoListParagraphCxSpMiddle\" style=\"margin-left:0in;text-indent:28.35pt\"><span style=\"font-size:11.0pt;font-family:\">&#8211;<span style=\"font-size: 7pt;line-height: normal;font-family:\">\u00a0 <\/span><\/span><span style=\"font-size:11.0pt;font-family:\">experienta solicitata- experienta<br \/>\nprofesionala specifica in domeniul ocupatiei in care va sustine formarea- 2<br \/>\nani;<\/span><\/p>\n<p class=\"MsoListParagraphCxSpMiddle\" style=\"margin-left:0in;text-indent:28.35pt\"><span style=\"font-size:11.0pt;font-family:\">&#8211;<span style=\"font-size: 7pt;line-height: normal;font-family:\">\u00a0 <\/span><\/span><span style=\"font-size:11.0pt;font-family:\">curs formator; <\/span><\/p>\n<p class=\"MsoListParagraphCxSpMiddle\" style=\"margin-left:0in;text-indent:28.35pt\"><span style=\"font-size:11.0pt;font-family:\">&#8211;<span style=\"font-size: 7pt;line-height: normal;font-family:\">\u00a0 <\/span><\/span><span style=\"font-size:11.0pt;font-family:\">operare PC; <\/span><\/p>\n<p class=\"MsoListParagraphCxSpLast\" style=\"margin-left:0in;text-indent:28.35pt\"><span style=\"font-size:11.0pt;font-family:\">&#8211;<span style=\"font-size: 7pt;line-height: normal;font-family:\">\u00a0 <\/span><\/span><span style=\"font-size:11.0pt;font-family:\">abilitati de lucru in echipa; capacitate de<br \/>\nconcentrare, analiza si sinteza; rezistenta la stres, abilitati de comunicare<br \/>\ninterpersonala; abilitati de negociere;<\/span><\/p>\n<p class=\"MsoNormal\"><b><span style=\"font-size:11.0pt;font-family:\">Atributiile postului scos la concurs<\/span><\/b><span style=\"font-size:11.0pt;font-family:\">: <\/span><\/p>\n<p class=\"MsoNormal\"><span style=\"font-size:11.0pt;font-family:\">&#8211; asigura realizarea<br \/>\nscopului si obiectivelor programului de formare profesionala prin realizarea<br \/>\ninstruirii practice, testarea intermediara si finala a participantilor in<br \/>\nvederea verificarii nivelului cunostintelor acestora; asigura respectarea<br \/>\nprincipiului egalitatii de sanse si non discriminare in furnizarea serviciilor<br \/>\nde formare profesionala; asigura promovarea egalitatii de sanse intre femei si<br \/>\nbarbati; asigura realizarea scopului si obiectivuluui programului de formare<br \/>\nprofesionala; culege informatii despre cursanti, nivelul de cunostinte,<br \/>\nexperienta, obiectivele acestora si adapteaza metodele de formare,<br \/>\ncomunicare\/curicula, la nevoile acestora; pregateste\/actualizeaza suportul de<br \/>\ncurs si eventual materialele auxiliare; preia de la organizatorul FPC<br \/>\ndocumentele specifice (catalogul participantilor, listele de prezenta) pe care<br \/>\nle va completa pentru fiecare zi\/sesiune de pregatire; se asigura inainte de<br \/>\ninceperea cursului de existenta materialelor<\/span><\/p>\n<p class=\"MsoNormal\"><span lang=\"FR\" style=\"font-size:11.0pt;font-family:\">\u00censcrierile se fac \u00een<br \/>\nperioada 05.05.2022-11.05.2022, ora 16<sup>00<s><\/s><\/sup><\/span><\/p>\n<p class=\"MsoNormal\"><b><span lang=\"FR\" style=\"font-size:11.0pt;font-family:\">IV ACTE NECESARE INSCRIERII LA CONCURS<\/span><\/b><\/p>\n<p class=\"MsoNormal\"><span lang=\"FR\" style=\"font-size:11.0pt;font-family:\">\u00cen conformitate cu prevederile<br \/>\nCererii de finan\u021bare, anun\u021bului de selec\u021bie si Ordinul nr. 236\/10.07.2018 a<br \/>\nPresedintelui ANOFM, dosarul de \u00eenscriere va con\u021bine urm\u0103toarele documente:<\/span><\/p>\n<p class=\"MsoListParagraph\" style=\"margin-left:0in;text-indent:28.35pt\"><span lang=\"FR\" style=\"font-size:11.0pt;font-family:\">a)<span style=\"font-size: 7pt;line-height: normal;font-family:\">\u00a0 <\/span><\/span><span lang=\"FR\" style=\"font-size:11.0pt;font-family:\">Formularul de inscriere<br \/>\nsi formularul de disponibilitate (Anexa 1 si Anexa 2)\u00a0;<\/span><\/p>\n<p class=\"MsoNormal\" style=\"text-indent:28.35pt\"><span lang=\"FR\" style=\"font-size:11.0pt;font-family:\">b) Copie, certificat\u0103 pentru conformitate cu<br \/>\noriginalul, a actului de identitate;<\/span><\/p>\n<p class=\"MsoNormal\" style=\"text-indent:28.35pt\"><span lang=\"FR\" style=\"font-size:11.0pt;font-family:\">c) Curriculum vitae \u00een format european, \u00een limba<br \/>\nrom\u00e2n\u0103, semnat pe fiecare pagin\u0103;<\/span><\/p>\n<p class=\"MsoNormal\" style=\"text-indent:28.35pt\"><span lang=\"FR\" style=\"font-size:11.0pt;font-family:\">d) Copii, certificate pentru conformitate cu<br \/>\noriginalul, ale actelor de studii;<\/span><\/p>\n<p class=\"MsoNormal\" style=\"text-indent:28.35pt\"><span lang=\"FR\" style=\"font-size:11.0pt;font-family:\">e) Copie, certificat\u0103 pentru conformitate cu<br \/>\noriginalul, a cetificatului de formator\u00a0;<\/span><\/p>\n<p class=\"MsoNormal\" style=\"text-indent:28.35pt\"><span lang=\"FR\" style=\"font-size:11.0pt;font-family:\">f) Copia, certificat\u0103 pentru conformitate cu<br \/>\noriginalul, a certificatului de c\u0103s\u0103torie, \u00een situa\u021bia \u00een care exist\u0103 diferen\u021b\u0103<br \/>\nde nume \u00eentre actul de identitate \u0219i actele de studii;<\/span><\/p>\n<p class=\"MsoNormal\" style=\"text-indent:28.35pt\"><span lang=\"FR\" style=\"font-size:11.0pt;font-family:\">g) Acte doveditoare (adeverinta, etc) privind<br \/>\nexperien\u021ba\/expertiza, calific\u0103rile specifice aferente pozi\u021biei; <\/span><\/p>\n<p class=\"MsoNormal\" style=\"text-indent:28.35pt\"><span lang=\"FR\" style=\"font-size:11.0pt;font-family:\">h) Adeverinta medicala care sa ateste starea de<br \/>\nsanatate corespunzatoare eliberata cu cel mult 6 luni anterioare derularii<br \/>\nconcursului, de catre medicul de familie al candidatului sau de catre unitatile<br \/>\nsanitare abilitate\u00a0;<\/span><\/p>\n<p class=\"MsoNormal\" style=\"text-indent:28.35pt\"><span lang=\"FR\" style=\"font-size:11.0pt;font-family:\">i) cazierul judiciar sau o declaratie pe proprie<br \/>\nraspundere ca nu are antecedente penale, urmand ca dupa declararea candidatului<br \/>\nca fiind admis la selectia dosarelor, acesta sa prezinte in original cazierul<br \/>\njudiciar pana la proba interviului\u00a0;<\/span><\/p>\n<p class=\"MsoNormal\" style=\"text-indent:28.35pt\"><span style=\"font-size:11.0pt;font-family:\">j) Declara\u021bie prin care \u00ee\u0219i exprim\u0103 acordul<br \/>\nprivind prelucrarea datelor cu caracter personal;<\/span><\/p>\n<p class=\"MsoNormal\" style=\"text-indent:28.35pt\"><span lang=\"FR\" style=\"font-size:11.0pt;font-family:\">k)\u00a0<br \/>\nDeclara\u021bie pe propria r\u0103spundere privind inexisten\u021ba oric\u0103rei situa\u021bii<br \/>\nde incompatibilitate\/conflict de interese la activit\u0103\u021bile proiectului.<\/span><\/p>\n<p class=\"MsoNormal\" style=\"margin-bottom:10.0pt;line-height:115%\"><b><span style=\"font-size:11.0pt;line-height:115%;font-family:\">V.<br \/>\nBIBLIOGRAFIE<\/span><\/b><\/p>\n<p class=\"MsoNormal\" style=\"margin-bottom:10.0pt;line-height:115%\"><span style=\"font-size:11.0pt;line-height:115%;font-family:\">Constitutia Romaniei;<\/span><\/p>\n<p class=\"MsoNormal\" style=\"margin-left:32.2pt;text-indent:-.25in;line-height:115%\"><span style=\"font-size:11.0pt;line-height:115%;font-family:\">1.<span style=\"font-size: 7pt;line-height: normal;font-family:\">\u00a0\u00a0\u00a0 <\/span><\/span><span style=\"font-size:11.0pt;line-height:115%;font-family:\">Legea nr. 53\/2003 privind codul muncii,<br \/>\ncompletata si modificata;<\/span><\/p>\n<p class=\"MsoNormal\" style=\"margin-left:32.2pt;text-indent:-.25in;line-height:115%\"><span style=\"font-size:11.0pt;line-height:115%;font-family:\">2.<span style=\"font-size: 7pt;line-height: normal;font-family:\">\u00a0\u00a0\u00a0 <\/span><\/span><span style=\"font-size:11.0pt;line-height:115%;font-family:\">Legea nr. 76\/2002, completata si modificata;<\/span><\/p>\n<p class=\"MsoNormal\" style=\"margin-left:32.2pt;text-indent:-.25in;line-height:115%\"><span style=\"font-size:11.0pt;line-height:115%;font-family:\">3.<span style=\"font-size: 7pt;line-height: normal;font-family:\">\u00a0\u00a0\u00a0 <\/span><\/span><span style=\"font-size:11.0pt;line-height:115%;font-family:\">HG nr. 174\/2002, completata si modificata;<\/span><\/p>\n<p class=\"MsoNormal\" style=\"margin-left:32.2pt;text-indent:-.25in;line-height:115%\"><span style=\"font-size:11.0pt;line-height:115%;font-family:\">4.<span style=\"font-size: 7pt;line-height: normal;font-family:\">\u00a0\u00a0\u00a0 <\/span><\/span><span style=\"font-size:11.0pt;line-height:115%;font-family:\">HG nr. 377\/2002, completata si modificata;<\/span><\/p>\n<p class=\"MsoNormal\" style=\"margin-left:32.2pt;text-indent:-.25in;line-height:115%\"><span style=\"font-size:11.0pt;line-height:115%;font-family:\">5.<span style=\"font-size: 7pt;line-height: normal;font-family:\">\u00a0\u00a0\u00a0 <\/span><\/span><span style=\"font-size:11.0pt;line-height:115%;font-family:\">OUG nr. 129\/2002, completata si modificata;<\/span><\/p>\n<p class=\"MsoNormal\" style=\"margin-left:32.2pt;text-indent:-.25in;line-height:115%\"><span style=\"font-size:11.0pt;line-height:115%;font-family:\">6.<span style=\"font-size: 7pt;line-height: normal;font-family:\">\u00a0\u00a0\u00a0 <\/span><\/span><span style=\"font-size:11.0pt;line-height:115%;font-family:\">Legea nr. 202\/2002, completata si modificata;<\/span><\/p>\n<p class=\"MsoNormal\" style=\"margin-left:.5in;line-height:115%\"><span style=\"font-size:11.0pt;line-height:115%;font-family:\">\u00a0<\/span><\/p>\n<p class=\"MsoNormal\" style=\"line-height:115%\"><b><span style=\"font-size:11.0pt;line-height:115%;font-family:\">TEMATICA,<\/span><\/b><\/p>\n<p class=\"MsoNormal\" style=\"margin-left:.5in;line-height:115%\"><span style=\"font-size:11.0pt;line-height:115%;font-family:\">\u00a0<\/span><\/p>\n<p class=\"MsoNormal\" style=\"margin-left:32.2pt;text-indent:-.25in;line-height:115%\"><span style=\"font-size:11.0pt;line-height:115%;font-family:\">1.<span style=\"font-size: 7pt;line-height: normal;font-family:\">\u00a0\u00a0\u00a0 <\/span><\/span><span style=\"font-size:11.0pt;line-height:115%;font-family:\">Constitutia Romaniei;<\/span><\/p>\n<p class=\"MsoNormal\" style=\"margin-left:32.2pt;text-indent:-.25in;line-height:115%\"><span style=\"font-size:11.0pt;line-height:115%;font-family:\">2.<span style=\"font-size: 7pt;line-height: normal;font-family:\">\u00a0\u00a0\u00a0 <\/span><\/span><span style=\"font-size:11.0pt;line-height:115%;font-family:\">Legea nr. 53\/2003 privind codul muncii,<br \/>\ncompletata si modificata, titlu II, tiltul XI;<\/span><\/p>\n<p class=\"MsoNormal\" style=\"margin-left:32.2pt;text-indent:-.25in;line-height:115%\"><span style=\"font-size:11.0pt;line-height:115%;font-family:\">3.<span style=\"font-size: 7pt;line-height: normal;font-family:\">\u00a0\u00a0\u00a0 <\/span><\/span><span style=\"font-size:11.0pt;line-height:115%;font-family:\">Legea nr. 76\/2002, completata si modificata,<br \/>\nart. 63 \u2013 70^5;<\/span><\/p>\n<p class=\"MsoNormal\" style=\"margin-left:32.2pt;text-indent:-.25in;line-height:115%\"><span style=\"font-size:11.0pt;line-height:115%;font-family:\">4.<span style=\"font-size: 7pt;line-height: normal;font-family:\">\u00a0\u00a0\u00a0 <\/span><\/span><span style=\"font-size:11.0pt;line-height:115%;font-family:\">HG nr. 174\/2002, completata si modificata,<br \/>\nart. 35 \u2013 40;<\/span><\/p>\n<p class=\"MsoNormal\" style=\"margin-left:32.2pt;text-indent:-.25in;line-height:115%\"><span style=\"font-size:11.0pt;line-height:115%;font-family:\">5.<span style=\"font-size: 7pt;line-height: normal;font-family:\">\u00a0\u00a0\u00a0 <\/span><\/span><span style=\"font-size:11.0pt;line-height:115%;font-family:\">HG nr. 377\/2002, completata si modificata,<br \/>\nart. cap III;<\/span><\/p>\n<p class=\"MsoNormal\" style=\"margin-left:32.2pt;text-indent:-.25in;line-height:115%\"><span style=\"font-size:11.0pt;line-height:115%;font-family:\">6.<span style=\"font-size: 7pt;line-height: normal;font-family:\">\u00a0\u00a0\u00a0 <\/span><\/span><span style=\"font-size:11.0pt;line-height:115%;font-family:\">OUG nr. 129\/2002, completata si modificata;<\/span><\/p>\n<p class=\"MsoNormal\" style=\"margin-left:32.2pt;text-indent:-.25in;line-height:115%\"><span style=\"font-size:11.0pt;line-height:115%;font-family:\">7.<span style=\"font-size: 7pt;line-height: normal;font-family:\">\u00a0\u00a0\u00a0 <\/span><\/span><span style=\"font-size:11.0pt;line-height:115%;font-family:\">Legea nr. 202\/2002, completata si modificata;<\/span><\/p>\n<p class=\"MsoNormal\" style=\"margin-left:.5in;line-height:115%\"><span style=\"font-size:11.0pt;line-height:115%;font-family:\">\u00a0<\/span><\/p>\n<p class=\"MsoNormal\" style=\"margin-left:14.2pt\"><b><span lang=\"RO\" style=\"font-size:11.0pt;font-family:\">VI MODALITATEA DE DEPUNERE A<br \/>\nCANDIDATURII<\/span><\/b><\/p>\n<p class=\"MsoNormal\"><span lang=\"FR\" style=\"font-size:11.0pt;font-family:\">Dosarele candida\u021bilor<br \/>\nse depun \u00een format electronic la adresa carmen.dan.bc@anofm.gov.ro si fizic la<br \/>\nsediul Centrului de Formare Profesionala, str. V. Alecsandri, nr.25, et. 4, cam<br \/>\n6, conform specifica\u021biilor din anun\u021b \u0219i se va primi un num\u0103r de \u00eenregistrare,<br \/>\nnum\u0103r la care se va face referire \u00een toate anun\u021burile de pe parcursul derul\u0103rii<br \/>\nprocedurii de selec\u021bie, f\u0103r\u0103 a se men\u021biona numele \u0219i prenumele candida\u021bilor.<\/span><\/p>\n<p class=\"MsoNormal\"><span lang=\"FR\" style=\"font-size:11.0pt;font-family:\">Candidaturile depuse<br \/>\ndup\u0103 data limit\u0103, indicat\u0103 \u00een anun\u021bul de selec\u021bie, precum \u0219i cele incomplete<br \/>\nvor fi respinse.<\/span><\/p>\n<p class=\"MsoNormal\" style=\"margin-left:14.2pt\"><b><span lang=\"RO\" style=\"font-size:11.0pt;font-family:\">VII PROBELE SELECTIEI<\/span><\/b><\/p>\n<p class=\"MsoNormal\"><span lang=\"FR\" style=\"font-size:11.0pt;font-family:\">Concursul va consta<br \/>\nintr-un interviu pe care candidatii il vor sustine in fata comisie de concurs<br \/>\nsi va cuprinde si intrebari din bibliografia stabilita in acest sens<\/span><b><span lang=\"RO\" style=\"font-size:11.0pt;font-family:\"><\/span><\/b><\/p>\n<p class=\"MsoNormal\"><span lang=\"FR\" style=\"font-size:11.0pt;font-family:\">Etapa I\u00a0: Selectia<br \/>\ndosarelor va avea loc in data de 12.05.2022.<\/span><\/p>\n<p class=\"MsoNormal\"><span lang=\"FR\" style=\"font-size:11.0pt;font-family:\">Contestatiile<br \/>\nreferitoare la selectia dosarelor pot fi depuse in termen de 24 ore de la<br \/>\nafisarea rezultatelor si vor fi solutionate in data de 16.05.2022.<\/span><\/p>\n<p class=\"MsoNormal\"><span lang=\"FR\" style=\"font-size:11.0pt;font-family:\">Etapa a- II \u2013<br \/>\na\u00a0:Interviul candidatilor admisi la selectia dosarelor va avea loc in data<br \/>\nde 17.05.2022, ora 10<sup>00<\/sup><s><\/s><\/span><\/p>\n<p class=\"MsoNormal\"><span lang=\"FR\" style=\"font-size:11.0pt;font-family:\">Rezultatele finale vor<br \/>\nfi afisate in data de 17.05.2022, ora 12<sup>00 <\/sup>. <\/span><\/p>\n<p class=\"MsoNormal\" style=\"margin-left:14.2pt;text-indent:-14.2pt\"><span lang=\"FR\" style=\"font-size:11.0pt;font-family:\">Contestatiile pot fi<br \/>\ndepuse in termen de 24 ore de la afisarea rezultatelor<\/span><\/p>\n<p class=\"MsoNormal\"><span lang=\"FR\" style=\"font-size:11.0pt;font-family:\">\u00a0<\/span><\/p>\n<p class=\"MsoNormal\"><span lang=\"FR\" style=\"font-size:11.0pt;font-family:\">Persoan\u0103 de contact:<br \/>\nDan Carmen-Simona, consilier superior, comp.Centrul de Formare Profesionala<\/span><\/p>\n<\/p>\n<p class=\"MsoNormal\"><span lang=\"FR\" style=\"font-size:11.0pt;font-family:\">tel.<br \/>\n0234\/514859,0783122082, e-mail &#8211;\u00a0<br \/>\ncarmen.dan.bc@anofm.gov.ro<span style=\"background:yellow\"><\/span><\/span><\/p>\n<div class=\"file-list-wrap\">\n<ul class=\"file-list\">\n<li><a href=\"\/upload2\/Bac\u0103u\/20700\/Anunt_selectie_experti_implementare_Proiect_INSTAF_-_CONFORM_ORDINULUI_236.pdf\" download>Anunt_selectie_experti_implementare_Proiect_INSTAF_-_CONFORM_ORDINULUI_236.pdf<\/a><\/li>\n<li><a href=\"\/upload2\/Bac\u0103u\/20700\/Acord_Prelucrare_Date.docx\" download>Acord_Prelucrare_Date.docx<\/a><\/li>\n<li><a href=\"\/upload2\/Bac\u0103u\/20700\/ANEXA_1-Formular_inscriere_concurs.docx\" download>ANEXA_1-Formular_inscriere_concurs.docx<\/a><\/li>\n<li><a href=\"\/upload2\/Bac\u0103u\/20700\/ANEXA_2-_Formular_disponibilitate.docx\" download>ANEXA_2-_Formular_disponibilitate.docx<\/a><\/li>\n<li><a href=\"\/upload2\/Bac\u0103u\/20700\/ANEXA_3_etapele_concursului.docx\" download>ANEXA_3_etapele_concursului.docx<\/a><\/li>\n<li><a href=\"\/upload2\/Bac\u0103u\/20700\/Declaratie_Inexistenta_Situatii_Incompatibilitate.docx\" download>Declaratie_Inexistenta_Situatii_Incompatibilitate.docx<\/a><\/li>\n<li><a href=\"\/upload2\/Bac\u0103u\/20700\/Rezultat_verificare_dosare_de_inscriere_INSTAF.pdf\" download>Rezultat_verificare_dosare_de_inscriere_INSTAF.pdf<\/a><\/li>\n<li><a href=\"\/upload2\/Bac\u0103u\/20700\/Rezultat_etapa_a_II-a-_interviul_INSTAF.pdf\" download>Rezultat_etapa_a_II-a-_interviul_INSTAF.pdf<\/a><\/li>\n<li><a href=\"\/upload2\/Bac\u0103u\/20700\/Rezultat_final_selectie_experti_proiect_INSTAF.pdf\" download>Rezultat_final_selectie_experti_proiect_INSTAF.pdf<\/a><\/li>\n<\/ul>\n<\/div>\n","protected":false},"excerpt":{"rendered":"<p>ANUNT privind organizarea concursului pentru ocuparea posturilor vacante de formatori si instructori practica \u00een cadrul proiectului \u2013 INSTAF\u2019\u2019- ID proiect 150768<\/p>\n","protected":false},"author":0,"featured_media":0,"comment_status":"closed","ping_status":"closed","sticky":false,"template":"","format":"standard","meta":{"footnotes":""},"categories":[20],"tags":[],"class_list":["post-206","post","type-post","status-publish","format-standard","hentry","category-proiecte"],"_links":{"self":[{"href":"https:\/\/www.anofm.ro\/bacau\/wp-json\/wp\/v2\/posts\/206","targetHints":{"allow":["GET"]}}],"collection":[{"href":"https:\/\/www.anofm.ro\/bacau\/wp-json\/wp\/v2\/posts"}],"about":[{"href":"https:\/\/www.anofm.ro\/bacau\/wp-json\/wp\/v2\/types\/post"}],"replies":[{"embeddable":true,"href":"https:\/\/www.anofm.ro\/bacau\/wp-json\/wp\/v2\/comments?post=206"}],"version-history":[{"count":0,"href":"https:\/\/www.anofm.ro\/bacau\/wp-json\/wp\/v2\/posts\/206\/revisions"}],"wp:attachment":[{"href":"https:\/\/www.anofm.ro\/bacau\/wp-json\/wp\/v2\/media?parent=206"}],"wp:term":[{"taxonomy":"category","embeddable":true,"href":"https:\/\/www.anofm.ro\/bacau\/wp-json\/wp\/v2\/categories?post=206"},{"taxonomy":"post_tag","embeddable":true,"href":"https:\/\/www.anofm.ro\/bacau\/wp-json\/wp\/v2\/tags?post=206"}],"curies":[{"name":"wp","href":"https:\/\/api.w.org\/{rel}","templated":true}]}}