{"id":197,"date":"2022-04-01T00:00:00","date_gmt":"2022-03-31T21:00:00","guid":{"rendered":"https:\/\/www.anofm.ro\/bacau\/comunicat-de-presa-martie-2022\/"},"modified":"2022-04-01T00:00:00","modified_gmt":"2022-03-31T21:00:00","slug":"comunicat-de-presa-martie-2022","status":"publish","type":"post","link":"https:\/\/www.anofm.ro\/bacau\/comunicat-de-presa-martie-2022\/","title":{"rendered":"Comunicat de pres\u0103 Martie 2022"},"content":{"rendered":"<p><span style=\"font-size:                                          12pt\">Autoritatea Na\u021bional\u0103<br \/>\n                                          pentru Protec\u021bia Drepturilor<br \/>\n                                          Persoanelor cu Dizabilit\u0103\u021bi<br \/>\n                                          (ANPDPD), \u00een parteneriat cu<br \/>\n                                          Agen\u021bia Na\u021bional\u0103 pentru<br \/>\n                                          Ocuparea For\u021bei de Munc\u0103<br \/>\n                                          (ANOFM), implementeaz\u0103<br \/>\n                                          proiectul \u201d<i>Facilitarea<br \/>\n                                            inser\u021biei pe pia\u021ba muncii a<br \/>\n                                            persoanelor cu dizabilit\u0103\u021bi\u201d<\/i>,<br \/>\n                                          Cod MySMIS2014+: 130164,<br \/>\n                                          proiect cofinan\u021bat \u00een cadrul<br \/>\n                                          Programului Opera\u021bional<br \/>\n                                          Capital Uman 2014-2020, Axa<br \/>\n                                          prioritar\u0103 3 \u2013 Locuri de munc\u0103<br \/>\n                                          pentru to\u021bi, Obiectivul<br \/>\n                                          specific 3.1. Cre\u0219terea<br \/>\n                                          ocup\u0103rii \u0219omerilor \u0219i a<br \/>\n                                          persoanelor inactive, cu<br \/>\n                                          accent pe \u0219omerii de lung\u0103<br \/>\n                                          durat\u0103, lucr\u0103torii v\u00e2rstnici<br \/>\n                                          (55-64 ani), persoanelor cu<br \/>\n                                          dizabilit\u0103\u021bi, persoanelor cu<br \/>\n                                          nivel redus de educa\u021bie.<\/span><\/p>\n<div class=\"file-list-wrap\">\n<ul class=\"file-list\">\n<li><a href=\"\/upload2\/Bac\u0103u\/20273\/Comunicat_presa_Martie_2022_.pdf\" download>Comunicat_presa_Martie_2022_.pdf<\/a><\/li>\n<\/ul>\n<\/div>\n","protected":false},"excerpt":{"rendered":"<p>Comunicat de pres\u0103 Martie 2022<\/p>\n","protected":false},"author":0,"featured_media":0,"comment_status":"closed","ping_status":"closed","sticky":false,"template":"","format":"standard","meta":{"footnotes":""},"categories":[9],"tags":[],"class_list":["post-197","post","type-post","status-publish","format-standard","hentry","category-comunicate-de-presa"],"_links":{"self":[{"href":"https:\/\/www.anofm.ro\/bacau\/wp-json\/wp\/v2\/posts\/197","targetHints":{"allow":["GET"]}}],"collection":[{"href":"https:\/\/www.anofm.ro\/bacau\/wp-json\/wp\/v2\/posts"}],"about":[{"href":"https:\/\/www.anofm.ro\/bacau\/wp-json\/wp\/v2\/types\/post"}],"replies":[{"embeddable":true,"href":"https:\/\/www.anofm.ro\/bacau\/wp-json\/wp\/v2\/comments?post=197"}],"version-history":[{"count":0,"href":"https:\/\/www.anofm.ro\/bacau\/wp-json\/wp\/v2\/posts\/197\/revisions"}],"wp:attachment":[{"href":"https:\/\/www.anofm.ro\/bacau\/wp-json\/wp\/v2\/media?parent=197"}],"wp:term":[{"taxonomy":"category","embeddable":true,"href":"https:\/\/www.anofm.ro\/bacau\/wp-json\/wp\/v2\/categories?post=197"},{"taxonomy":"post_tag","embeddable":true,"href":"https:\/\/www.anofm.ro\/bacau\/wp-json\/wp\/v2\/tags?post=197"}],"curies":[{"name":"wp","href":"https:\/\/api.w.org\/{rel}","templated":true}]}}