{"id":190,"date":"2022-03-04T00:00:00","date_gmt":"2022-03-03T22:00:00","guid":{"rendered":"https:\/\/www.anofm.ro\/bacau\/baza-de-calcul-a-indemnizatiei-de-somaj-si-a-altor-masuri-de-stimulare-a-ocuparii-fortei-de-munca-oferite-de-anofm-se-majoreaza-de-la-1-martie\/"},"modified":"2022-03-04T00:00:00","modified_gmt":"2022-03-03T22:00:00","slug":"baza-de-calcul-a-indemnizatiei-de-somaj-si-a-altor-masuri-de-stimulare-a-ocuparii-fortei-de-munca-oferite-de-anofm-se-majoreaza-de-la-1-martie","status":"publish","type":"post","link":"https:\/\/www.anofm.ro\/bacau\/baza-de-calcul-a-indemnizatiei-de-somaj-si-a-altor-masuri-de-stimulare-a-ocuparii-fortei-de-munca-oferite-de-anofm-se-majoreaza-de-la-1-martie\/","title":{"rendered":"Baza de calcul a indemniza\u021biei de \u0219omaj \u0219i a altor m\u0103suri de stimulare a ocup\u0103rii for\u021bei de munc\u0103 oferite de ANOFM se majoreaz\u0103 de la 1 martie"},"content":{"rendered":"<p class=\"MsoNormal\" style=\"margin-left:0in\"><b><span>Comunicat de pres\u0103<\/span><\/b><\/p>\n<p class=\"MsoNormal\" style=\"margin-left:0in\"><b><span>\u00a0<\/span><\/b><\/p>\n<p class=\"MsoNormal\" style=\"margin-left:0in\"><b><span>Baza de calcul a indemniza\u021biei de \u0219omaj \u0219i a altor m\u0103suri de<br \/>\nstimulare a ocup\u0103rii for\u021bei de munc\u0103 oferite de ANOFM se majoreaz\u0103 de la 1<br \/>\nmartie<\/span><\/b><\/p>\n<p class=\"MsoNormal\" style=\"margin-left:0in\"><b><span>\u00a0<\/span><\/b><\/p>\n<p class=\"MsoNormal\" style=\"margin-left:0in\"><span>Agen\u021bia<br \/>\nNa\u021bional\u0103 pentru Ocuparea For\u021bei de Munc\u0103 <\/span><span style=\"color:#191919;background:white\">aplic\u0103 m\u0103suri de stimulare a ocup\u0103rii for\u021bei de munc\u0103 \u0219i de cre\u0219terea<br \/>\ngradului de ocupare a for\u021bei de munc\u0103 \u00een conformitate cu prevederile Legii nr.<br \/>\n76\/2002 privind sistemul asigur\u0103rilor pentru \u015fomaj \u015fi stimularea ocup\u0103rii<br \/>\nfor\u0163ei de munc\u0103.<\/span><\/p>\n<p class=\"MsoNormal\" style=\"margin-left:0in\"><b><span>Conform prevederilor Legii nr. 225<br \/>\ndin 26 iulie 2021<\/span><\/b><span>,<br \/>\npentru modificarea \u015fi completarea Legii nr. 76\/2002 privind sistemul asigur\u0103rilor<br \/>\npentru \u015fomaj \u015fi stimularea ocup\u0103rii for\u0163ei de munc\u0103, <\/span><span style=\"color:#191919;background:white\">Indicatorul Social de Referin\u021b\u0103 (ISR) se<br \/>\nmajoreaz\u0103, \u00een luna martie a fiec\u0103rui an, cu rata medie anual\u0103 a infla\u021biei,<br \/>\nindicator definitiv comunicat de Institutul Na\u021bional de Statistic\u0103 (INS).<\/span><\/p>\n<p class=\"MsoNormal\" style=\"margin-left:0in\"><b><span>\u00cen acest sens,<\/span><span style=\"color:#191919;background:white\"> beneficiile sociale care se raporteaz\u0103<br \/>\nla Indicatorul Social de Referin\u021b\u0103 (ISR) vor cre\u0219te de la 1 martie 2022, ca<br \/>\nurmare a major\u0103rii acestui indicator, cu 5,1%.<\/span><\/b><\/p>\n<p class=\"MsoNormal\" style=\"margin-left:0in\"><span style=\"color:#191919;background:white\">Astfel, ca<br \/>\nurmare a aplic\u0103rii noii valori a Indicatorului Social de Referin\u021b\u0103<\/span><span> (ISR)<b>baza de calcul pentru indemniza\u021bia de \u0219omaj va fi majorat\u0103 de la 375 de<br \/>\nlei la 394 de lei<\/b>,<b>prima de inser\u021bie,<br \/>\nacordat\u0103 absolven\u021bilor <\/b><\/span><b><span lang=\"RO\">institu\u0163iilor de \u00eenv\u0103\u0163\u0103m\u00e2nt \u015fi absolven\u0163ilor<br \/>\n\u015fcolilor speciale<\/span><\/b><span lang=\"RO\">, \u00een<br \/>\nv\u00e2rst\u0103 de minimum 16 ani, care, \u00een termen de 60 de zile de la absolvire, se<br \/>\n\u00eenregistreaz\u0103 la agen\u0163iile pentru ocuparea for\u0163ei de munc\u0103 \u015fi se angajeaz\u0103 cu<br \/>\nnorm\u0103 \u00eentreag\u0103 pentru o perioad\u0103 mai mare de 12 luni<\/span><b><span>va cre\u0219te de la1.500<br \/>\nla 1.576 de lei<\/span><\/b><span>,<b>prima de inser\u021bie acordat\u0103 angajatorilor<br \/>\npentru \u00eencadrarea tinerilor cu risc de marginalizare social\u0103<\/b> cu care s-au<br \/>\n\u00eencheiat contracte de solidaritate, <b>cre\u0219te<br \/>\nde la maximum 2.000 lei la maximum 2.102 lei<\/b>, iar <b>subven\u021bia acordat\u0103 angajatorilor pentru stimularea \u00eencadr\u0103rii elevilor<br \/>\n\u015fi studen\u0163ilor pe perioada vacan\u0163elor se m\u0103re\u0219te de la 250 la 262 lei<\/b>.<\/span><\/p>\n<p class=\"MsoNormal\" style=\"margin-left:0in\"><span>Preciz\u0103m<br \/>\nc\u0103 aceast\u0103 majora<a name=\"_GoBack\"><\/a>re se aplic\u0103 de la 1 martie \u0219i pentru<br \/>\npersoanele ale c\u0103ror drepturi au fost stabilite anterior acestei date.<\/span><span style=\"color:#191919;background:white\"><\/span><\/p>\n<p class=\"MsoNormal\" style=\"margin:0in;margin-bottom:.0001pt\"><span>\u00a0<\/span><\/p>\n<p class=\"MsoNormalCxSpMiddle\" style=\"margin:0in;margin-bottom:.0001pt\"><b><span>Serviciul Comunicare, Rela\u021bii cu<br \/>\nPublicul \u015fi Secretariatul Consiliului de Administra\u0163ie<\/span><\/b><\/p>\n","protected":false},"excerpt":{"rendered":"<p>Baza de calcul a indemniza\u021biei de \u0219omaj \u0219i a altor m\u0103suri de stimulare a ocup\u0103rii for\u021bei de munc\u0103 oferite de ANOFM se majoreaz\u0103 de la 1 martie<\/p>\n","protected":false},"author":0,"featured_media":0,"comment_status":"closed","ping_status":"closed","sticky":false,"template":"","format":"standard","meta":{"footnotes":""},"categories":[9],"tags":[],"class_list":["post-190","post","type-post","status-publish","format-standard","hentry","category-comunicate-de-presa"],"_links":{"self":[{"href":"https:\/\/www.anofm.ro\/bacau\/wp-json\/wp\/v2\/posts\/190","targetHints":{"allow":["GET"]}}],"collection":[{"href":"https:\/\/www.anofm.ro\/bacau\/wp-json\/wp\/v2\/posts"}],"about":[{"href":"https:\/\/www.anofm.ro\/bacau\/wp-json\/wp\/v2\/types\/post"}],"replies":[{"embeddable":true,"href":"https:\/\/www.anofm.ro\/bacau\/wp-json\/wp\/v2\/comments?post=190"}],"version-history":[{"count":0,"href":"https:\/\/www.anofm.ro\/bacau\/wp-json\/wp\/v2\/posts\/190\/revisions"}],"wp:attachment":[{"href":"https:\/\/www.anofm.ro\/bacau\/wp-json\/wp\/v2\/media?parent=190"}],"wp:term":[{"taxonomy":"category","embeddable":true,"href":"https:\/\/www.anofm.ro\/bacau\/wp-json\/wp\/v2\/categories?post=190"},{"taxonomy":"post_tag","embeddable":true,"href":"https:\/\/www.anofm.ro\/bacau\/wp-json\/wp\/v2\/tags?post=190"}],"curies":[{"name":"wp","href":"https:\/\/api.w.org\/{rel}","templated":true}]}}