{"id":189,"date":"2022-03-04T00:00:00","date_gmt":"2022-03-03T22:00:00","guid":{"rendered":"https:\/\/www.anofm.ro\/bacau\/comunicat-de-presa\/"},"modified":"2022-03-04T00:00:00","modified_gmt":"2022-03-03T22:00:00","slug":"comunicat-de-presa","status":"publish","type":"post","link":"https:\/\/www.anofm.ro\/bacau\/comunicat-de-presa\/","title":{"rendered":"Comunicat de pres\u0103"},"content":{"rendered":"<p class=\"MsoNormal\" style=\"margin-top:0in;margin-right:26.9pt;margin-bottom:6.0pt;margin-left:1.0in\"><b><span lang=\"RO\">Comunicat de pres\u0103<\/span><\/b><\/p>\n<p class=\"MsoNormal\" style=\"margin-top:0in;margin-right:26.9pt;margin-bottom:6.0pt;margin-left:1.0in\"><b><span lang=\"RO\">\u00a0<\/span><\/b><\/p>\n<p class=\"MsoNormal\" style=\"margin-top:0in;margin-right:26.9pt;margin-bottom:6.0pt;margin-left:1.0in\"><b><span lang=\"RO\">ANOFM informeaz\u0103 agen\u021bii economici cu privire la<br \/>\nfaptul c\u0103 cet\u0103\u021benii ucraineni care doresc s\u0103 se angajeze pe teritoriul \u021b\u0103rii<br \/>\nnoastre nu au nevoie de aviz de angajare <\/span><span style=\"color:#191919;background:white\">pentru o perioad\u0103 de maximum 9 luni \u00eentr-un an calendaristic<\/span><\/b><b><span lang=\"RO\"><\/span><\/b><\/p>\n<p class=\"MsoNormal\" style=\"margin-top:0in;margin-right:26.9pt;margin-bottom:6.0pt;margin-left:1.0in\"><b><span lang=\"RO\">\u00a0<\/span><\/b><\/p>\n<p class=\"MsoNormal\" style=\"margin-left:1.0in\"><span lang=\"RO\">Agen\u021bia Na\u021bional\u0103 pentru Ocuparea For\u021bei de Munc\u0103 informeaz\u0103 agen\u021bii<br \/>\neconomici cu privire la faptul c\u0103 cet\u0103\u021benii ucraineni care doresc s\u0103 se<br \/>\nangajeze pe teritoriul \u021b\u0103rii noastre <b>nu<br \/>\nau nevoie de aviz de angajare<\/b><\/span><span style=\"color:#191919;background:white\">pentru o perioad\u0103 de maximum 9 luni \u00eentr-un an calendaristic, potrivit<br \/>\nLegii nr. 200\/2020pentru completarea Ordonan\u0163ei de urgen\u0163\u0103 a Guvernului nr.<br \/>\n194\/2002 privind regimul str\u0103inilor \u00een Rom\u00e2nia \u015fi a Ordonan\u0163ei Guvernului nr.<br \/>\n25\/2014 privind \u00eencadrarea \u00een munc\u0103 \u015fi deta\u015farea str\u0103inilor pe teritoriul<br \/>\nRom\u00e2niei \u015fi pentru modificarea \u015fi completarea unor acte normative privind<br \/>\nregimul str\u0103inilor \u00een Rom\u00e2nia.<\/span><\/p>\n<p class=\"MsoNormal\" style=\"margin-left:1.0in\"><span style=\"color:#191919;background:white\">Pentru a beneficia de toate serviciile \u015fi m\u0103surile prev\u0103zute<br \/>\nde Legea nr. 76\/2002<span>\u00a0 <\/span>privind sistemul<br \/>\nasigur\u0103rilor pentru \u015fomaj \u015fi stimularea ocup\u0103rii for\u0163ei de munc\u0103 cu<br \/>\nmodific\u0103rile \u0219i complet\u0103rile ulterioare, pe parcursul celor nou\u0103 luni,<\/span><span lang=\"RO\">cet\u0103\u0163enii ucraineni pot cere acordarea<br \/>\nstatutului de refugiat.<\/span><span style=\"color:#191919;background:white\"><\/span><\/p>\n<p class=\"MsoNormal\" style=\"margin-left:1.0in\"><span lang=\"RO\">Dup\u0103 dob\u00e2ndirea unei forme de protec\u021bie interna\u0163ional\u0103, ace\u0219tia se pot<br \/>\n\u00eenregistra \u00een eviden\u021bele agen\u0163iilor pentru ocuparea for\u0163ei de munc\u0103 beneficiind<br \/>\ngratuit astfel de m\u0103surile de stimulare a ocup\u0103rii: medierea munciiprin care se<br \/>\nrealizeaz\u0103 punerea \u00een leg\u0103tur\u0103 a angajatorilor cu persoanele aflate \u00een c\u0103utarea<br \/>\nunui loc de munc\u0103; informarea \u015fi consilierea profesional\u0103prin care se ofer\u0103 un<br \/>\nansamblu de servicii acordate \u00een mod gratuit persoanelor \u00een c\u0103utarea unui loc<br \/>\nde munc\u0103, care au ca scop furnizarea de informa\u0163ii privind pia\u0163a muncii \u015fi<br \/>\nevolu\u0163ia ocupa\u0163iilor; formarea profesional\u0103; evaluarea \u0219i recunoa\u0219terea<br \/>\ncompeten\u021belor profesionale ob\u021binute \u00een sistem nonformal \u0219i informal<br \/>\netc.Programele de formare profesional\u0103 asigur\u0103, conform legii, ini\u0163ierea,<br \/>\ncalificarea, recalificarea, perfec\u0163ionarea \u015fi specializarea persoanelor aflate \u00een<br \/>\ncautarea unui loc de munc\u0103.<\/span><\/p>\n<p class=\"MsoNormal\" style=\"margin-left:1.0in\"><span lang=\"RO\" style=\"color:#191919;background:white\">\u00a0<\/span><\/p>\n<p class=\"MsoNormal\" style=\"margin-left:1.0in\"><b><span lang=\"RO\">Serviciul<br \/>\nComunicare, Rela\u021bii cu Pubicul \u0219i Secretariatul Consiliului de Administra\u021bie<\/span><\/b><\/p>\n","protected":false},"excerpt":{"rendered":"<p>Comunicat de pres\u0103<\/p>\n","protected":false},"author":0,"featured_media":0,"comment_status":"closed","ping_status":"closed","sticky":false,"template":"","format":"standard","meta":{"footnotes":""},"categories":[9],"tags":[],"class_list":["post-189","post","type-post","status-publish","format-standard","hentry","category-comunicate-de-presa"],"_links":{"self":[{"href":"https:\/\/www.anofm.ro\/bacau\/wp-json\/wp\/v2\/posts\/189","targetHints":{"allow":["GET"]}}],"collection":[{"href":"https:\/\/www.anofm.ro\/bacau\/wp-json\/wp\/v2\/posts"}],"about":[{"href":"https:\/\/www.anofm.ro\/bacau\/wp-json\/wp\/v2\/types\/post"}],"replies":[{"embeddable":true,"href":"https:\/\/www.anofm.ro\/bacau\/wp-json\/wp\/v2\/comments?post=189"}],"version-history":[{"count":0,"href":"https:\/\/www.anofm.ro\/bacau\/wp-json\/wp\/v2\/posts\/189\/revisions"}],"wp:attachment":[{"href":"https:\/\/www.anofm.ro\/bacau\/wp-json\/wp\/v2\/media?parent=189"}],"wp:term":[{"taxonomy":"category","embeddable":true,"href":"https:\/\/www.anofm.ro\/bacau\/wp-json\/wp\/v2\/categories?post=189"},{"taxonomy":"post_tag","embeddable":true,"href":"https:\/\/www.anofm.ro\/bacau\/wp-json\/wp\/v2\/tags?post=189"}],"curies":[{"name":"wp","href":"https:\/\/api.w.org\/{rel}","templated":true}]}}