{"id":120,"date":"2020-06-25T00:00:00","date_gmt":"2020-06-24T21:00:00","guid":{"rendered":"https:\/\/www.anofm.ro\/bacau\/ordin-nr-457-din-3-iunie-2020-privind-aprobarea-modelului-documentelor-prevazute-de-art-ii-alin-2-din-ordonanta-de-urgenta-a-guvernului-nr-92-2020\/"},"modified":"2020-06-25T00:00:00","modified_gmt":"2020-06-24T21:00:00","slug":"ordin-nr-457-din-3-iunie-2020-privind-aprobarea-modelului-documentelor-prevazute-de-art-ii-alin-2-din-ordonanta-de-urgenta-a-guvernului-nr-92-2020","status":"publish","type":"post","link":"https:\/\/www.anofm.ro\/bacau\/ordin-nr-457-din-3-iunie-2020-privind-aprobarea-modelului-documentelor-prevazute-de-art-ii-alin-2-din-ordonanta-de-urgenta-a-guvernului-nr-92-2020\/","title":{"rendered":"ORDIN nr. 457 din 3 iunie 2020 privind aprobarea modelului documentelor prev\u0103zute de art. II alin. (2) din Ordonan\u0163a de urgen\u0163\u0103 a Guvernului nr. 92\/2020"},"content":{"rendered":"<p><b><span style=\"font-size:12.0pt;line-height:115%;font-family:\">ORDIN nr. 457 din 3 iunie<br \/>\n2020<\/span><\/b><\/p>\n<p><b><span style=\"font-size: 12pt;line-height: 115%;font-family: Calibri, sans-serif\">privind aprobarea <u>modelului documentelor<\/u> prev\u0103zute de <a name=\"REFsp23rtd4\"><\/a><span class=\"panchor\"><u>art. II alin. (2)<\/u> din Ordonan\u0163a<br \/>\nde urgen\u0163\u0103 a Guvernului nr. 92\/2020<\/span>\u00a0pentru instituirea unor m\u0103suri<br \/>\nactive de sprijin destinate angaja\u0163ilor \u015fi angajatorilor \u00een contextul situa\u0163iei<br \/>\nepidemiologice determinate de r\u0103sp\u00e2ndirea coronavirusului SARS-CoV-2, precum \u015fi<br \/>\npentru modificarea unor acte normative<\/span><span style=\"font-size:12.0pt;line-height:115%;font-family:\"><br \/>\n<a href=\"\/upload\/13006\/ORDIN_457-2020aplic.OUG-92.docx\">ORDIN_457-2020aplic.OUG-92.docx<\/a> <br \/>\n<\/span><\/b><\/p>\n","protected":false},"excerpt":{"rendered":"<p>ORDIN nr. 457 din 3 iunie 2020<br \/>\nprivind aprobarea modelului documentelor prev\u0103zute de art. II alin. (2) din Ordonan\u0163a de urgen\u0163\u0103 a Guvernului nr. 92\/2020&nbsp;<\/p>\n","protected":false},"author":0,"featured_media":0,"comment_status":"closed","ping_status":"closed","sticky":false,"template":"","format":"standard","meta":{"footnotes":""},"categories":[9],"tags":[],"class_list":["post-120","post","type-post","status-publish","format-standard","hentry","category-comunicate-de-presa"],"_links":{"self":[{"href":"https:\/\/www.anofm.ro\/bacau\/wp-json\/wp\/v2\/posts\/120","targetHints":{"allow":["GET"]}}],"collection":[{"href":"https:\/\/www.anofm.ro\/bacau\/wp-json\/wp\/v2\/posts"}],"about":[{"href":"https:\/\/www.anofm.ro\/bacau\/wp-json\/wp\/v2\/types\/post"}],"replies":[{"embeddable":true,"href":"https:\/\/www.anofm.ro\/bacau\/wp-json\/wp\/v2\/comments?post=120"}],"version-history":[{"count":0,"href":"https:\/\/www.anofm.ro\/bacau\/wp-json\/wp\/v2\/posts\/120\/revisions"}],"wp:attachment":[{"href":"https:\/\/www.anofm.ro\/bacau\/wp-json\/wp\/v2\/media?parent=120"}],"wp:term":[{"taxonomy":"category","embeddable":true,"href":"https:\/\/www.anofm.ro\/bacau\/wp-json\/wp\/v2\/categories?post=120"},{"taxonomy":"post_tag","embeddable":true,"href":"https:\/\/www.anofm.ro\/bacau\/wp-json\/wp\/v2\/tags?post=120"}],"curies":[{"name":"wp","href":"https:\/\/api.w.org\/{rel}","templated":true}]}}