{"id":109,"date":"2020-04-07T00:00:00","date_gmt":"2020-04-06T21:00:00","guid":{"rendered":"https:\/\/www.anofm.ro\/bacau\/platforma-online-pentru-acordarea-somajului-tehnic\/"},"modified":"2020-04-07T00:00:00","modified_gmt":"2020-04-06T21:00:00","slug":"platforma-online-pentru-acordarea-somajului-tehnic","status":"publish","type":"post","link":"https:\/\/www.anofm.ro\/bacau\/platforma-online-pentru-acordarea-somajului-tehnic\/","title":{"rendered":"Platforma online pentru acordarea somajului tehnic"},"content":{"rendered":"<p><span style=\"font-weight: bolder;font-family: -apple-system, BlinkMacSystemFont,\">Comunicat de pres\u0103<\/p>\n<p>Guvernul Rom\u00e2niei a lansat o platform\u0103 online pentru acordarea \u0219omajului tehnic<\/span><br style=\"font-family: -apple-system, BlinkMacSystemFont,\"><br style=\"font-family: -apple-system, BlinkMacSystemFont,\"><span style=\"font-family: -apple-system, BlinkMacSystemFont,\">Agentia Na\u021bional\u0103 pentru Ocuparea For\u021bei de Munc\u0103 anun\u021b\u0103 lansarea platformei digitale\u00a0<\/span><a href=\"http:\/\/aici.gov.ro\/\" style=\"font-family: -apple-system, BlinkMacSystemFont,\">aici.gov.ro<\/a><span style=\"font-family: -apple-system, BlinkMacSystemFont,\">, pentru \u00eenc\u0103rcarea documentelor necesare acord\u0103rii \u0219omajului tehnic pentru angaja\u021bii c\u0103rora li s-a suspendat temporar contractul individual de munc\u0103 din ini\u021biativa angajatorului,\u00a0 potrivit art. 52 alin. (1) lit. c) din Legea nr. 53\/2003 &#8211; Codul Muncii, cu modific\u0103rile \u0219i complet\u0103rile ulterioare.<\/span><br style=\"font-family: -apple-system, BlinkMacSystemFont,\"><br style=\"font-family: -apple-system, BlinkMacSystemFont,\"><span style=\"font-family: -apple-system, BlinkMacSystemFont,\">Angajatorii pot desc\u0103rca din platform\u0103 \u0219i trimite documentele prev\u0103zute de OUG 30\/2020 modificat\u0103 \u0219i completat\u0103 de OUG 32\/2020 pentru acordarea \u0219omajului tehnic.<\/span><br style=\"font-family: -apple-system, BlinkMacSystemFont,\"><br style=\"font-family: -apple-system, BlinkMacSystemFont,\"><span style=\"font-family: -apple-system, BlinkMacSystemFont,\">\u201ePlatforma\u00a0<\/span><a href=\"http:\/\/aici.gov.ro\/\" style=\"font-family: -apple-system, BlinkMacSystemFont,\">aici.gov.ro<\/a><span style=\"font-family: -apple-system, BlinkMacSystemFont,\">\u00a0vine at\u00e2t \u00een sprijinul cet\u0103\u021benilor, al companiilor private c\u00e2t \u0219i a institu\u021biilor publice. \u00cei \u00eendemn pe to\u021bi angajatorii care vor s\u0103 aplice pentru \u0219omaj tehnic s\u0103 foloseasc\u0103 aceast\u0103 platform\u0103.\u00a0 Vor g\u0103si acolo documentele de care au nevoie pentru ob\u021binerea \u0219omajului tehnic \u0219i tot acolo le vor depune dup\u0103 completare,\u201d a declarat Victor Picu, pre\u0219edinte ANOFM.<\/span><br style=\"font-family: -apple-system, BlinkMacSystemFont,\"><br style=\"font-family: -apple-system, BlinkMacSystemFont,\"><span style=\"font-family: -apple-system, BlinkMacSystemFont,\">Platforma\u00a0<\/span><a href=\"http:\/\/aici.gov.ro\/\" style=\"font-family: -apple-system, BlinkMacSystemFont,\">aici.gov.ro<\/a><span style=\"font-family: -apple-system, BlinkMacSystemFont,\">\u00a0\u00ee\u0219i va extinde \u00een perioada urm\u0103toare func\u021bionalit\u0103\u021bile. Astfel, \u00een mod etapizat, toate institu\u021biile publice din Rom\u00e2nia se vor putea \u00eenrola pentru a r\u0103spunde rapid solicit\u0103rilor cet\u0103\u021benilor, \u00een format electronic.<\/span><br style=\"font-family: -apple-system, BlinkMacSystemFont,\"><span style=\"font-weight: bolder;font-family: -apple-system, BlinkMacSystemFont,\"><br \/>Serviciul Comunicare \u0219i Secretariatul Consiliului de Administra\u021bie<\/span><\/p>\n","protected":false},"excerpt":{"rendered":"<p>Platforma online pentru acordarea somajului tehnic<\/p>\n","protected":false},"author":0,"featured_media":0,"comment_status":"closed","ping_status":"closed","sticky":false,"template":"","format":"standard","meta":{"footnotes":""},"categories":[9],"tags":[],"class_list":["post-109","post","type-post","status-publish","format-standard","hentry","category-comunicate-de-presa"],"_links":{"self":[{"href":"https:\/\/www.anofm.ro\/bacau\/wp-json\/wp\/v2\/posts\/109","targetHints":{"allow":["GET"]}}],"collection":[{"href":"https:\/\/www.anofm.ro\/bacau\/wp-json\/wp\/v2\/posts"}],"about":[{"href":"https:\/\/www.anofm.ro\/bacau\/wp-json\/wp\/v2\/types\/post"}],"replies":[{"embeddable":true,"href":"https:\/\/www.anofm.ro\/bacau\/wp-json\/wp\/v2\/comments?post=109"}],"version-history":[{"count":0,"href":"https:\/\/www.anofm.ro\/bacau\/wp-json\/wp\/v2\/posts\/109\/revisions"}],"wp:attachment":[{"href":"https:\/\/www.anofm.ro\/bacau\/wp-json\/wp\/v2\/media?parent=109"}],"wp:term":[{"taxonomy":"category","embeddable":true,"href":"https:\/\/www.anofm.ro\/bacau\/wp-json\/wp\/v2\/categories?post=109"},{"taxonomy":"post_tag","embeddable":true,"href":"https:\/\/www.anofm.ro\/bacau\/wp-json\/wp\/v2\/tags?post=109"}],"curies":[{"name":"wp","href":"https:\/\/api.w.org\/{rel}","templated":true}]}}