{"id":4725,"date":"2025-02-20T12:19:49","date_gmt":"2025-02-20T10:19:49","guid":{"rendered":"https:\/\/www.anofm.ro\/arges\/?p=4725"},"modified":"2025-02-20T12:20:50","modified_gmt":"2025-02-20T10:20:50","slug":"a-n-u-n-t-din-data-de-20-02-2025","status":"publish","type":"post","link":"https:\/\/www.anofm.ro\/arges\/a-n-u-n-t-din-data-de-20-02-2025\/","title":{"rendered":"A N U N \u0162 din data de 20.02.2025"},"content":{"rendered":"\n<p><strong>&nbsp;&nbsp;&nbsp;&nbsp;&nbsp;&nbsp; &nbsp;&nbsp;&nbsp;&nbsp;privind declan\u0219area unei proceduri de transfer in interesul serviciului,<\/strong><\/p>\n\n\n\n<p><strong>&nbsp;&nbsp;&nbsp;&nbsp;&nbsp;&nbsp;&nbsp;&nbsp;&nbsp; <\/strong><strong>pentru ocuparea&nbsp; unui post&nbsp; aferent&nbsp; unei func\u0163ii&nbsp; publice de execu\u0163ie<\/strong><\/p>\n\n\n\n<p>       <strong>din cadrul Agen\u0163iei <\/strong><strong>Jude<\/strong><strong>\u0163<\/strong><strong>ene pentru Ocuparea For<\/strong><strong>\u0163<\/strong><strong>ei de Munc<\/strong><strong>\u0103<\/strong><strong> Arges<\/strong><\/p>\n\n\n\n<div class=\"file-list-wrap\"><p class=\"h4\">Documente desc\u0103rcabile<\/p><ul class=\"file-list\">\n<li><a href=\"https:\/\/www.anofm.ro\/arges\/wp-content\/uploads\/sites\/3\/2025\/02\/ANUNT-transfer-site-AL-Campulung-AJOFM-Arges-2025.pdf\" download>ANUNT-transfer-site-AL-Campulung-AJOFM-Arges-2025.pdf<\/a><\/li>\n<\/ul><\/div>\n","protected":false},"excerpt":{"rendered":"<p>&nbsp;&nbsp;&nbsp;&nbsp;&nbsp;&nbsp; &nbsp;&nbsp;&nbsp;&nbsp;privind declan\u0219area unei proceduri de transfer in interesul serviciului, &nbsp;&nbsp;&nbsp;&nbsp;&nbsp;&nbsp;&nbsp;&nbsp;&nbsp; pentru ocuparea&nbsp; unui post&nbsp; aferent&nbsp; unei func\u0163ii&nbsp; publice de execu\u0163ie din cadrul Agen\u0163iei Jude\u0163ene pentru Ocuparea For\u0163ei de Munc\u0103<\/p>\n","protected":false},"author":355,"featured_media":0,"comment_status":"closed","ping_status":"closed","sticky":false,"template":"","format":"standard","meta":{"footnotes":""},"categories":[7],"tags":[],"class_list":["post-4725","post","type-post","status-publish","format-standard","hentry","category-cariera-profesionala"],"_links":{"self":[{"href":"https:\/\/www.anofm.ro\/arges\/wp-json\/wp\/v2\/posts\/4725","targetHints":{"allow":["GET"]}}],"collection":[{"href":"https:\/\/www.anofm.ro\/arges\/wp-json\/wp\/v2\/posts"}],"about":[{"href":"https:\/\/www.anofm.ro\/arges\/wp-json\/wp\/v2\/types\/post"}],"author":[{"embeddable":true,"href":"https:\/\/www.anofm.ro\/arges\/wp-json\/wp\/v2\/users\/355"}],"replies":[{"embeddable":true,"href":"https:\/\/www.anofm.ro\/arges\/wp-json\/wp\/v2\/comments?post=4725"}],"version-history":[{"count":1,"href":"https:\/\/www.anofm.ro\/arges\/wp-json\/wp\/v2\/posts\/4725\/revisions"}],"predecessor-version":[{"id":4727,"href":"https:\/\/www.anofm.ro\/arges\/wp-json\/wp\/v2\/posts\/4725\/revisions\/4727"}],"wp:attachment":[{"href":"https:\/\/www.anofm.ro\/arges\/wp-json\/wp\/v2\/media?parent=4725"}],"wp:term":[{"taxonomy":"category","embeddable":true,"href":"https:\/\/www.anofm.ro\/arges\/wp-json\/wp\/v2\/categories?post=4725"},{"taxonomy":"post_tag","embeddable":true,"href":"https:\/\/www.anofm.ro\/arges\/wp-json\/wp\/v2\/tags?post=4725"}],"curies":[{"name":"wp","href":"https:\/\/api.w.org\/{rel}","templated":true}]}}