{"id":47,"date":"2019-03-22T00:00:00","date_gmt":"2019-03-21T22:00:00","guid":{"rendered":"https:\/\/www.anofm.ro\/arges\/ucenicia\/"},"modified":"2019-03-22T00:00:00","modified_gmt":"2019-03-21T22:00:00","slug":"ucenicia","status":"publish","type":"post","link":"https:\/\/www.anofm.ro\/arges\/ucenicia\/","title":{"rendered":"UCENICIA"},"content":{"rendered":"<h3><b>UCENICIA<\/b><br \/><\/h3>\n<h2><b>Legislatie specifica: <\/b><\/h2>\n<p><a href=\"http:\/\/193.169.6.48\/legi\/LEGE%20nr.279%20DIN%202005%20ACTUALIZATA%20-ucenicia%20la%20locul%20de%20munca.pdf\" target=\"_blank\" rel=\"noopener\">LEGE nr. 279 din 5 octombrie 2005 privind ucenicia la locul de munc\u0103<\/a><\/p>\n<p><strong><br \/>\n                        <\/strong><\/p>\n<p><a href=\"http:\/\/193.169.6.48\/legi\/HG%20855%20DIN%202013%20ACTUALIZATA-%20norme%20de%20aplicare%20a%20legii%20uceniciei%20la%20locul%20de%20munca.pdf\" target=\"_blank\" rel=\"noopener\">HOT\u0102R\u00c2RE<br \/>\n nr. 855 din 6 noiembrie 2013 pentru aprobarea Normelor metodologice de<br \/>\naplicare a prevederilor Legii nr. 279\/2005 privind ucenicia la locul de<br \/>\nmunc\u0103<\/a><\/p>\n<p><a href=\"\/upload\/5710\/acte_necesare_pt_conventie_ucenici_model.docx\">Acte necesare<\/a><strong><strong> <br \/><\/strong><\/strong><\/p>\n<p><strong><strong>Anexe \u00a0\u00a0\u00a0\u00a0\u00a0\u00a0 <a href=\"http:\/\/193.169.6.48\/ucenicie\/anexe-ucenicie.doc\" target=\"_blank\" rel=\"noopener\">doc<\/a> \u00a0\u00a0\u00a0\u00a0\u00a0\u00a0 <a href=\"http:\/\/193.169.6.48\/ucenicie\/anexe-ucenicie.pdf\" target=\"_blank\" rel=\"noopener\">pdf <\/a><br \/><\/strong><\/strong><\/p>\n<p><strong><strong>Conventia \u00a0\u00a0\u00a0\u00a0\u00a0\u00a0 <a href=\"http:\/\/193.169.6.48\/ucenicie\/CONVENTIE-UCENICIE.doc\" target=\"_blank\" rel=\"noopener\">doc<\/a> \u00a0\u00a0\u00a0\u00a0\u00a0\u00a0 <a href=\"http:\/\/193.169.6.48\/ucenicie\/CONVENTIE-UCENICIE.pdf\" target=\"_blank\" rel=\"noopener\">pdf<\/a><\/strong><\/strong><\/p>\n<h2>Informatii generale privind ucenicia la locul de munc\u0103<br \/><\/h2>\n<p>Ucenicia reprezint\u0103 formarea profesional\u0103 realizat\u0103 la locul de munc\u0103 \u00een baza unui contract de ucenicie.<br \/>Programul de formare profesional\u0103 prin ucenicie la locul de munc\u0103 constituie parte integrant\u0103 a contractului de ucenicie.<br \/>Formarea profesional\u0103 realizat\u0103 la locul de munc\u0103 \u00een baza unui contract de ucenicie, prev\u0103zut\u0103 la art. 1 din lege, se organizeaz\u0103 la ini\u0163iativa angajatorilor, de furnizori de formare profesional\u0103 autoriza\u0163i \u00een condi\u0163iile Ordonan\u0163ei Guvernului nr. 129\/2000 privind formarea profesional\u0103 a adul\u0163ilor, republicat\u0103, cu modific\u0103rile \u015fi complet\u0103rile ulterioare, denumi\u0163i \u00een continuare furnizori de formare.<br \/>Formarea profesional\u0103 prin ucenicie cuprinde preg\u0103tirea teoretic\u0103 \u015fi preg\u0103tirea practic\u0103, \u00een conformitate cu prevederile Ordonan\u0163ei Guvernului nr. 129\/2000, republicat\u0103, cu modific\u0103rile \u015fi complet\u0103rile ulterioare, \u015fi, dup\u0103 caz, cu legile speciale care reglementeaz\u0103 acea ocupa\u0163ie.<br \/>Programele de formare profesional\u0103 prin ucenicie la care particip\u0103 ucenici cu nevoi speciale sunt adaptate la particularit\u0103\u0163ile specifice fiec\u0103rei categorii de persoane, \u00een condi\u0163iile Legii nr. 448\/2006 privind protec\u0163ia \u015fi promovarea drepturilor persoanelor cu handicap, republicat\u0103, cu modific\u0103rile \u015fi complet\u0103rile ulterioare, \u015fi a Ordonan\u0163ei Guvernului nr. 129\/2000, republicat\u0103, cu modific\u0103rile \u015fi complet\u0103rile ulterioare.<\/p>\n<h3>Contractul de ucenicie<\/h3>\n<p>Contractul de ucenicie este un contract individual de munc\u0103 de tip particular, \u00eencheiat pe durat\u0103 determinat\u0103, \u00een temeiul c\u0103ruia o persoan\u0103 fizic\u0103, denumit\u0103 ucenic, se oblig\u0103 s\u0103 se preg\u0103teasc\u0103 profesional \u015fi s\u0103 munceasc\u0103 pentru \u015fi sub autoritatea unei persoane juridice sau fizice denumite angajator, care se oblig\u0103 s\u0103 \u00eei asigure plata salariului \u015fi toate condi\u0163iile necesare form\u0103rii profesionale.<\/p>\n<h3>Ucenicia la locul de munc\u0103 se adreseaz\u0103:<\/h3>\n<p>a) persoanelor interesate, cu v\u00e2rsta de peste 16 ani, care doresc s\u0103 se concentreze pe \u00eenv\u0103\u0163are pornind de la situa\u0163iile profesionale reale, concrete, cerute de practicarea unei ocupa\u0163ii direct la locul de munc\u0103;<br \/>b) angajatorilor care doresc s\u0103 organizeze activit\u0103\u0163i de ucenicie la locul de munc\u0103 potrivit domeniilor de activitate, pentru locurile de munc\u0103 declarate vacante.<\/p>\n<p>(1) Angajatorii care doresc s\u0103 organizeze activit\u0103\u0163i de ucenicie au \u00eendatorirea s\u0103 comunice agen\u0163iilor pentru ocuparea for\u0163ei de munc\u0103 jude\u0163ene, respectiv a municipiului Bucure\u015fti, \u00een a c\u0103ror raz\u0103 \u00ee\u015fi au sediul, respectiv domiciliul, locurile de munc\u0103 vacante care pot fi ocupate prin \u00eencheierea de contracte de ucenicie.<\/p>\n<p>(2) Comunicarea prev\u0103zut\u0103 la alin. (1) se face prin completarea de c\u0103tre angajator a formularului prev\u0103zut \u00een anexa nr. 1 la Normele metodologice de aplicare a Legii nr. 76\/2002 privind sistemul asigur\u0103rilor pentru \u015fomaj \u015fi stimularea ocup\u0103rii for\u0163ei de munc\u0103, aprobate prin Hot\u0103r\u00e2rea Guvernului nr. 174\/2002, cu modific\u0103rile \u015fi complet\u0103rile ulterioare, cu urm\u0103toarele men\u0163iuni:<br \/>a) la rubrica &#8222;Denumirea ocupa\u0163iei&#8221; se adaug\u0103 \u015fi sintagma &#8222;CU&#8221; care provine de la prescurtarea &#8222;contract de ucenicie&#8221;;<br \/>b) codul COR (6 caractere) specific ocupa\u0163iei pentru care se \u00eencheie contractul de ucenicie;<br \/>c) la rubrica durata \u00eencadr\u0103rii \u00een munc\u0103 se va completa durata contractului de ucenicie \u00een func\u0163ie de nivelul de calificare prev\u0103zut la art. 9 din lege.<\/p>\n<p>(3) Formularul prev\u0103zut la alin. (2) se comunic\u0103 \u00een termenul \u015fi \u00een condi\u0163iile prev\u0103zute de Legea nr. 76\/2002 privind sistemul asigur\u0103rilor pentru \u015fomaj \u015fi stimularea ocup\u0103rii for\u0163ei de munc\u0103, cu modific\u0103rile \u015fi complet\u0103rile ulterioare, \u015fi normele de punere \u00een aplicare a acesteia.<br \/>Angajatorul care comunic\u0103 locurile de munc\u0103 vacante, reglementate prin legi speciale, are obliga\u0163ia de a transmite la agen\u0163ia pentru ocuparea for\u0163ei de munc\u0103 jude\u0163ean\u0103, respectiv a municipiului Bucure\u015fti toate condi\u0163iile speciale de acces pentru ocuparea acestor locuri de munc\u0103.<br \/>Agen\u0163iile pentru ocuparea for\u0163ei de munc\u0103 jude\u0163ene, respectiv a municipiului Bucure\u015fti au obliga\u0163ia de a comunic\u0103 separat pe site-ul institu\u0163iei locurile de munc\u0103 vacante pentru ucenicie.<br \/>Atribu\u0163iile, drepturile \u015fi obliga\u0163iile coordonatorului de ucenicie \u00een raport cu activitatea de coordonare a activit\u0103\u0163ii ucenicului se stabilesc, \u00een condi\u0163iile Legii nr. 53\/2003 &#8211; Codul muncii, republicat\u0103, cu modific\u0103rile \u015fi complet\u0103rile ulterioare, prin act adi\u0163ional la contractul individual de munc\u0103.<br \/>Anterior modific\u0103rii contractului individual de munc\u0103, angajatorul are obliga\u0163ia de a informa persoana selectat\u0103 \u00een vederea desf\u0103\u015fur\u0103rii activit\u0103\u0163ii de coordonare a uceniciei cu privire la clauzele pe care inten\u0163ioneaz\u0103 s\u0103 le modifice prin act adi\u0163ional la contract.<br \/>Angajatorul are obliga\u0163ia de a desemna un coordonator de ucenicie care \u00eendrum\u0103 ucenicul \u00een vederea dob\u00e2ndirii competen\u0163elor profesionale necesare calific\u0103rii pentru care se organizeaz\u0103 ucenicia la locul de munc\u0103.<\/p>\n<h3>COORDONATORUL DE UCENICIE :<\/h3>\n<p>(1) Poate avea calitatea de coordonator de ucenicie salariatul sau, dup\u0103 caz, \u00eentreprinz\u0103torul persoan\u0103 fizic\u0103 ce \u00eendepline\u015fte cumulativ urm\u0103toarele condi\u0163ii:<br \/>a) este calificat pentru practicarea ocupa\u0163iei sau, dup\u0103 caz, a activit\u0103\u0163ii pentru care se organizeaz\u0103 programul de ucenicie;<br \/>b) practic\u0103 ocupa\u0163ia sau, dup\u0103 caz, activitatea pentru care se organizeaz\u0103 programul de ucenicie;<br \/>c) are o experien\u0163\u0103 de munc\u0103 \u00een ultimii 5 ani din care cel pu\u0163in 2 ani \u00een ocupa\u0163ia sau, dup\u0103 caz, \u00een activitatea pentru care se organizeaz\u0103 ucenicia;<br \/>d) nu are cazier judiciar;<\/p>\n<p>e) este apt din punct de vedere fizic \u015fi psihic.<br \/>(2) \u00cendeplinirea condi\u0163iilor prev\u0103zute la alin. (1) lit. a) se demonstreaz\u0103 prin acte care atest\u0103 preg\u0103tirea de specialitate dob\u00e2ndit\u0103 prin discipline\/module\/cursuri\/stagii de preg\u0103tire pentru competen\u0163ele vizate prin programul de ucenicie.<br \/>(3) \u00cendeplinirea condi\u0163iilor prev\u0103zute la alin. (1) lit. b) \u015fi c) se atest\u0103 prin curriculum vitae al persoanelor respective, adeverin\u0163e eliberate de angajator sau, dup\u0103 caz, alte documente specifice din care rezult\u0103 experien\u0163a profesional\u0103 pentru domeniul ocupa\u0163ional vizat prin programul de ucenicie.<\/p>\n<h3>OBLIGATIILE COORDONATORULUI DE UCENICIE<\/h3>\n<p>(1) Coordonatorul de ucenicie are, \u00een principal, urm\u0103toarele obliga\u0163ii:<br \/>a) s\u0103 colaboreze cu furnizorul de formare pentru organizarea form\u0103rii profesionale a ucenicului;<br \/>b) s\u0103 elaboreze \u00eempreun\u0103 cu furnizorul de formare planul de activitate al ucenicului, pe baza standardului ocupa\u0163ional corespunz\u0103tor ocupa\u0163iei;<br \/>c) s\u0103 \u00eendrume ucenicul \u015fi s\u0103 supravegheze punerea \u00een aplicare a planului de activitate, prev\u0103zut la lit. b);<br \/>d) s\u0103 elaboreze lunar, pe baza planului de activitate prev\u0103zut la lit. b), raportul de monitorizare a planului de activitate al ucenicului.<br \/>(2) \u00cen \u00eendeplinirea atribu\u0163iilor ce \u00eei revin, coordonatorul de ucenicie are \u00een principal urm\u0103toarele drepturi:<br \/>a) s\u0103 propun\u0103 \u015fi s\u0103 modifice, dup\u0103 caz, planul de activitate al ucenicului;<br \/>b) s\u0103 comunice \u00een scris angajatorului orice aspect de natur\u0103 s\u0103 influen\u0163eze negativ activitatea ucenicului, inclusiv pe aspecte ce \u0163in de colaborarea cu furnizorul de formare;<br \/>c) s\u0103 propun\u0103 acordarea de stimulente sau sanc\u0163ionarea ucenicului, \u00een condi\u0163iile legii;<br \/>d) s\u0103 primeasc\u0103 o copie a contractului de ucenicie;<br \/>e) s\u0103 aib\u0103 acces la situa\u0163ia preg\u0103tirii profesionale a ucenicului, \u00een vederea complet\u0103rii raportului de monitorizare prev\u0103zut la alin. (1) lit. d);<br \/>f) s\u0103 asiste la examenul de absolvire \u00een calitate de observator sau, dup\u0103 caz, s\u0103 participe ca membru \u00een comisia de examinare<\/p>\n<h3>CINE POATE INCHEIA CONTRACT DE UCENICIE<\/h3>\n<p> Poate \u00eencheia contract de ucenicie persoana care \u00eendepline\u015fte cumulativ urm\u0103toarele condi\u0163ii:<br \/>a) face demersuri pentru a-\u015fi g\u0103si un loc de munc\u0103, prin mijloace proprii sau prin \u00eenregistrare la agen\u0163ia pentru ocuparea for\u0163ei de munc\u0103 \u00een a c\u0103rei raz\u0103 teritorial\u0103 \u00ee\u015fi are domiciliul sau, dup\u0103 caz, re\u015fedin\u0163a ori la alt furnizor de servicii de ocupare, acreditat \u00een condi\u0163iile legii;<br \/>b) a \u00eemplinit v\u00e2rsta de 16 ani;<br \/>c) nu are calificare pentru ocupa\u0163ia \u00een care se organizeaz\u0103 ucenicia la locul de munc\u0103;<br \/>d) \u00eendepline\u015fte condi\u0163iile de acces la formare profesional\u0103 prin ucenicie la locul de munc\u0103, pe niveluri de calificare, conform prevederilor Ordonan\u0163ei Guvernului nr. 129\/2000, republicat\u0103, cu modific\u0103rile \u015fi complet\u0103rile ulterioare.<\/p>\n<p>Se pot \u00eencadra \u00een munc\u0103 \u00een calitate de ucenici \u015fi urm\u0103toarele categorii:<\/p>\n<p>a) cet\u0103\u0163enii str\u0103ini, precum \u015fi apatrizii care au ob\u0163inut permis de munc\u0103 \u00een Rom\u00e2nia, conform reglement\u0103rilor legale \u00een vigoare;<br \/>b) cet\u0103\u0163enii statelor membre ale Uniunii Europene, ai statelor semnatare ale Acordului privind Spa\u0163iul Economic European \u015fi membrii de familie ai acestora.<br \/>(3) Maternitatea nu constituie motiv de discriminare \u00een executarea uceniciei la locul de munc\u0103.<br \/>(4) Ucenicii p\u00e2n\u0103 la v\u00e2rsta de 26 de ani au dreptul la \u00eentre\u0163inere, acestora aplic\u00e2ndu-li-se prevederile Codului civil, perioada de ucenicie fiind asimilat\u0103 cu cea de continuare a studiilor.<\/p>\n<h3>DURATA CONTRACTULUI DE UCENICIE:<br \/><\/h3>\n<p>(1) Durata contractului de ucenicie se stabile\u015fte \u00een func\u0163ie de nivelul de calificare pentru care urmeaz\u0103 s\u0103 se preg\u0103teasc\u0103 ucenicul, f\u0103r\u0103 a putea fi mai mic\u0103 de:<br \/>a) 12 luni, \u00een cazul \u00een care ucenicia la locul de munc\u0103 se organizeaz\u0103 pentru dob\u00e2ndirea competen\u0163elor corespunz\u0103toare unei calific\u0103ri de nivel 2;<br \/>b) 24 de luni, \u00een cazul \u00een care ucenicia la locul de munc\u0103 se organizeaz\u0103 pentru dob\u00e2ndirea competen\u0163elor corespunz\u0103toare unei calific\u0103ri de nivel 3;<br \/>c) 36 de luni, \u00een cazul \u00een care ucenicia la locul de munc\u0103 se organizeaz\u0103 pentru dob\u00e2ndirea competen\u0163elor corespunz\u0103toare unei calific\u0103ri de nivel 4.<br \/>(2) Ucenicul poate fi supus unei perioade de prob\u0103 care nu va dep\u0103\u015fi 30 de zile lucr\u0103toare.<\/p>\n<h3>SUSTINEREA FINANCIARA A UCENICIEI LA LOCUL DE MUNCA.<br \/><\/h3>\n<p>Sus\u0163inerea financiar\u0103 a uceniciei la locul de munc\u0103<br \/>Finan\u0163area form\u0103rii profesionale prin ucenicie la locul de munc\u0103 se poate realiza din:<br \/>a) resurse proprii ale angajatorilor;<br \/>b) sponsoriz\u0103ri ale persoanelor fizice \u015fi\/sau juridice;<br \/>c) fonduri europene structurale \u015fi de investi\u0163ii \u015fi fonduri publice na\u0163ionale aprobate \u00een bugetul asigur\u0103rilor pentru \u015fomaj;<br \/>d) alte surse legale constituite: dona\u0163ii, taxe etc.<br \/>Angajatorul care \u00eencheie un contract de ucenicie, \u00een condi\u0163iile prezentei legi, beneficiaz\u0103, la cerere, pe \u00eentreaga perioad\u0103 de derulare a contractului de ucenicie, de o sum\u0103 \u00een cuantum de 1.125 lei\/lun\u0103, acordat\u0103 din bugetul asigur\u0103rilor de \u015fomaj \u00een limita fondurilor alocate cu aceast\u0103 destina\u0163ie.<br \/>Prevederile alin. (2) nu se aplic\u0103:<br \/>a) pe perioada de prob\u0103 prev\u0103zut\u0103 \u00een cuprinsul contractului de ucenicie;<br \/>b) pe perioada \u00een care raporturile de munc\u0103 sunt suspendate.<\/p>\n<p>Suma lunar\u0103 prev\u0103zut\u0103 la alin. (2) se acord\u0103 angajatorilor propor\u0163ional cu timpul efectiv lucrat de ucenic, precum \u015fi pentru perioada concediului anual de odihn\u0103 al ucenicului.<br \/>Modalitatea concret\u0103 de realizare a finan\u0163\u0103rii se detaliaz\u0103 prin normele metodologice de aplicare a prezentei legi.<br \/>\u00cen vederea \u00eencheierii conven\u0163iei prev\u0103zute la alin. (1) angajatorii depun urm\u0103toarele documente: a) actul de identitate al ucenicului, \u00een copie. b) contractul de ucenicie, \u00eenregistrat la inspectoratul teritorial de munc\u0103, \u00een copie. Conven\u0163ia prev\u0103zut\u0103 la alin. (1) se \u00eencheie pentru fiecare contract de ucenicie pentru care angajatorul solicit\u0103 sumele prev\u0103zute la art. 16 alin. (2) din lege.<\/p>\n","protected":false},"excerpt":{"rendered":"<p>UCENICIA<\/p>\n","protected":false},"author":0,"featured_media":0,"comment_status":"closed","ping_status":"closed","sticky":false,"template":"","format":"standard","meta":{"footnotes":""},"categories":[16],"tags":[],"class_list":["post-47","post","type-post","status-publish","format-standard","hentry","category-materiale-informative"],"_links":{"self":[{"href":"https:\/\/www.anofm.ro\/arges\/wp-json\/wp\/v2\/posts\/47","targetHints":{"allow":["GET"]}}],"collection":[{"href":"https:\/\/www.anofm.ro\/arges\/wp-json\/wp\/v2\/posts"}],"about":[{"href":"https:\/\/www.anofm.ro\/arges\/wp-json\/wp\/v2\/types\/post"}],"replies":[{"embeddable":true,"href":"https:\/\/www.anofm.ro\/arges\/wp-json\/wp\/v2\/comments?post=47"}],"version-history":[{"count":0,"href":"https:\/\/www.anofm.ro\/arges\/wp-json\/wp\/v2\/posts\/47\/revisions"}],"wp:attachment":[{"href":"https:\/\/www.anofm.ro\/arges\/wp-json\/wp\/v2\/media?parent=47"}],"wp:term":[{"taxonomy":"category","embeddable":true,"href":"https:\/\/www.anofm.ro\/arges\/wp-json\/wp\/v2\/categories?post=47"},{"taxonomy":"post_tag","embeddable":true,"href":"https:\/\/www.anofm.ro\/arges\/wp-json\/wp\/v2\/tags?post=47"}],"curies":[{"name":"wp","href":"https:\/\/api.w.org\/{rel}","templated":true}]}}