{"id":462,"date":"2023-10-12T00:00:00","date_gmt":"2023-10-11T21:00:00","guid":{"rendered":"https:\/\/www.anofm.ro\/arges\/bursa-locurilor-de-munca-pentru-absolventi-27-octombrie-2023\/"},"modified":"2023-10-12T00:00:00","modified_gmt":"2023-10-11T21:00:00","slug":"bursa-locurilor-de-munca-pentru-absolventi-27-octombrie-2023","status":"publish","type":"post","link":"https:\/\/www.anofm.ro\/arges\/bursa-locurilor-de-munca-pentru-absolventi-27-octombrie-2023\/","title":{"rendered":"BURSA LOCURILOR DE MUNCA PENTRU ABSOLVENTI 27 octombrie 2023"},"content":{"rendered":"<p class=\"MsoNormal \" style=\"text-align:justify;text-indent:36.0pt\"><span style=\"font-family:\" lang=\"RO\"><img decoding=\"async\" src=\"upload\/SnapCrab_NoName_2023-10-26_13-0-41_No-00.png\"><br \/><\/span><\/p>\n<p class=\"MsoNormal \" style=\"text-align:justify;text-indent:36.0pt\"><span style=\"font-family:\" lang=\"RO\">Agen<\/span><span style=\"font-family:\" lang=\"RO\">\u0163<\/span><span style=\"font-family:\" lang=\"RO\">ia Judetean<\/span><span style=\"font-family:\" lang=\"RO\">\u0103<\/span><span style=\"font-family:\" lang=\"RO\"> pentru Ocuparea For<\/span><span style=\"font-family:\" lang=\"RO\">\u0163<\/span><span style=\"font-family:\" lang=\"RO\">ei de Munca Arges v<\/span><span style=\"font-family:\" lang=\"RO\">\u0103<\/span><span style=\"font-family:\" lang=\"RO\"> invita s<\/span><span style=\"font-family:\" lang=\"RO\">\u0103<\/span><span style=\"font-family:\" lang=\"RO\"> participati in data de<b> 27 octombrie 2023<\/b>, la <b><i>BURSA<br \/>\nLOCURILOR DE MUNCA PENTRU ABSOLVENTI<\/i><\/b><i>,<br \/>\n<\/i>eveniment care se adreseaz\u0103 tuturor absolven<\/span><span style=\"font-family:\" lang=\"RO\">\u0163<\/span><span style=\"font-family:\" lang=\"RO\">ilor de inv<\/span><span style=\"font-family:\" lang=\"RO\">\u0103<\/span><span style=\"font-family:\" lang=\"RO\">t<\/span><span style=\"font-family:\" lang=\"RO\">\u0103<\/span><span style=\"font-family:\" lang=\"RO\">mant ai<span>\u00a0 <\/span>promo<\/span><span style=\"font-family:\" lang=\"RO\">\u0163<\/span><span style=\"font-family:\" lang=\"RO\">iei 2023, precum si altor<br \/>\ncategorii de persoane care nu au un loc de munc<\/span><span style=\"font-family:\" lang=\"RO\">\u0103<\/span><span style=\"font-family:\" lang=\"RO\"> sau care doresc<span>\u00a0 <\/span>s\u0103<span>\u00a0<br \/>\n<\/span>\u00ee\u0219i<span>\u00a0 <\/span>schimbe<span>\u00a0 <\/span>locul de munc\u0103, dup\u0103 caz.<\/span><\/p>\n<p class=\"MsoNormal\" style=\"text-align:justify;text-indent:36.0pt\"><span style=\"font-family:\" lang=\"RO\">Bursa locurilor de munc<\/span><span style=\"font-family:\" lang=\"RO\">\u0103<\/span><span style=\"font-family:\" lang=\"RO\"> pentru absolven<\/span><span style=\"font-family:\" lang=\"RO\">\u0163<\/span><span style=\"font-family:\" lang=\"RO\">i se va desfasura in<br \/>\nincinta<span>\u00a0 <\/span><b>Salonului de evenimente<span>\u00a0 <\/span>\u201c<i>Mirage Events\u201d<\/i>,<\/b> din Pitesti, strada<br \/>\nVictoriei, nr. 12B,<span>\u00a0 <\/span>( <\/span><i><span style=\"font-family:\" lang=\"RO\">situat<span>\u00a0 <\/span>in<br \/>\nparcarea din spatele magazinului \u201cTrivale\u201d<span>\u00a0<br \/>\n<\/span>Pitesti &#8211;<\/span><\/i><span style=\"font-family:\" lang=\"RO\"><br \/>\n<\/span><i><span style=\"font-family:\" lang=\"RO\">fosta locatie Alcadibo<\/span><\/i><span style=\"font-family:\" lang=\"RO\">) , cu incepere de la <b>ora<span>\u00a0<br \/>\n<\/span>09:30.<\/b><\/span><\/p>\n<p class=\"MsoNormal\" style=\"text-align:justify;text-indent:36.0pt\"><strong><span style=\"font-family:\" lang=\"RO\">Obiectivul<br \/>\nprincipal al Bursei Locurilor de Munc<\/span><\/strong><span style=\"font-family:\" lang=\"RO\">\u0103<\/span><strong><span style=\"font-family:\" lang=\"RO\"><br \/>\npentru Absolven<\/span><\/strong><span style=\"font-family:\" lang=\"RO\">\u0163<\/span><strong><span style=\"font-family:\" lang=\"RO\">i il<br \/>\nreprezint<\/span><\/strong><span style=\"font-family:\" lang=\"RO\">\u0103<\/span><strong><span style=\"font-family:\" lang=\"RO\"> cre<\/span><\/strong><span style=\"font-family:\" lang=\"RO\">\u015f<\/span><strong><span style=\"font-family:\" lang=\"RO\">terea<br \/>\ngradului de ocupare, prin corelarea cererii cu oferta de locuri de munc<\/span><\/strong><span style=\"font-family:\" lang=\"RO\">\u0103<\/span><strong><span style=\"font-family:\" lang=\"RO\">,<br \/>\noferind posibilitatea interac<\/span><\/strong><span style=\"font-family:\" lang=\"RO\">\u0163<\/span><strong><span style=\"font-family:\" lang=\"RO\">iunii directe<br \/>\ndintre absolven<\/span><\/strong><span style=\"font-family:\" lang=\"RO\">\u0163<\/span><strong><span style=\"font-family:\" lang=\"RO\">i\/solicitan<\/span><\/strong><span style=\"font-family:\" lang=\"RO\">\u0163<\/span><strong><span style=\"font-family:\" lang=\"RO\">i<span>\u00a0 <\/span><\/span><\/strong><span style=\"font-family:\" lang=\"RO\">\u015f<\/span><strong><span style=\"font-family:\" lang=\"RO\">i<span>\u00a0 <\/span>agen<\/span><\/strong><span style=\"font-family:\" lang=\"RO\">\u0163<\/span><strong><span style=\"font-family:\" lang=\"RO\">ii<br \/>\neconomici.<\/span><\/strong><\/p>\n<p class=\"MsoNormal\" style=\"text-align:justify;text-indent:36.0pt\"><span style=\"font-family:\" lang=\"RO\">Prin aceast\u0103 m\u0103sur\u0103<br \/>\nactiv\u0103 de combatare a \u015fomajului\u00a0 punem fa\u0163\u0103 \u00een fa\u0163\u0103 cererea cu oferta<br \/>\nastfel \u00eenc\u00e2t accesul pe pia\u0163a muncii s\u0103 fie c\u00e2t mai u\u015for pentru <span>\u00a0<\/span>tinerii absolven\u0163i care se confrunta cu riscul<br \/>\nde a nu-\u015fi g\u0103si locuri de munc\u0103 datorit\u0103<span>\u00a0<br \/>\n<\/span>lipsei<span>\u00a0 <\/span>de experien\u0163\u0103 \u00a0\u00een<br \/>\nmunc\u0103.<\/span><span style=\"font-family:\" lang=\"RO\"><\/span><\/p>\n<p class=\"MsoNormal\" style=\"text-align:justify;text-indent:36.0pt\"><span style=\"font-family:\" lang=\"RO\">Evenimentul va avea loc la<br \/>\nnivel na<\/span><span style=\"font-family:\" lang=\"RO\">\u0163<\/span><span style=\"font-family:\" lang=\"RO\">ional<br \/>\n<\/span><span style=\"font-family:\" lang=\"RO\">\u015f<\/span><span style=\"font-family:\" lang=\"RO\">i reprezint<\/span><span style=\"font-family:\" lang=\"RO\">\u0103<\/span><span style=\"font-family:\" lang=\"RO\"> o oportunitate pentru<br \/>\nangajatori c<\/span><span style=\"font-family:\" lang=\"RO\">\u00e2<\/span><span style=\"font-family:\" lang=\"RO\">t <\/span><span style=\"font-family:\" lang=\"RO\">\u015f<\/span><span style=\"font-family:\" lang=\"RO\">i pentru to<\/span><span style=\"font-family:\" lang=\"RO\">\u0163<\/span><span style=\"font-family:\" lang=\"RO\">i solicitan<\/span><span style=\"font-family:\" lang=\"RO\">\u0163<\/span><span style=\"font-family:\" lang=\"RO\">ii de locuri de munc<\/span><span style=\"font-family:\" lang=\"RO\">\u0103<\/span><span style=\"font-family:\" lang=\"RO\"> interesati<span>\u00a0 <\/span>de a cunoa<\/span><span style=\"font-family:\" lang=\"RO\">\u015f<\/span><span style=\"font-family:\" lang=\"RO\">te mai bine pia<\/span><span style=\"font-family:\" lang=\"RO\">\u0163<\/span><span style=\"font-family:\" lang=\"RO\">a muncii, ofertele de<br \/>\nlocuri de munc<\/span><span style=\"font-family:\" lang=\"RO\">\u0103<\/span><span style=\"font-family:\" lang=\"RO\"><br \/>\ndisponibile sau, in ultima instan<\/span><span style=\"font-family:\" lang=\"RO\">\u0163\u0103<\/span><span style=\"font-family:\" lang=\"RO\">,<br \/>\ns<\/span><span style=\"font-family:\" lang=\"RO\">\u0103<\/span><span style=\"font-family:\" lang=\"RO\"> se<br \/>\nre(orienteze) profesional spre ocupa<\/span><span style=\"font-family:\" lang=\"RO\">\u0163<\/span><span style=\"font-family:\" lang=\"RO\">ii cu posibilit<\/span><span style=\"font-family:\" lang=\"RO\">\u0103\u0163<\/span><span style=\"font-family:\" lang=\"RO\">i mai mari de angajare<br \/>\npe termen mediu <\/span><span style=\"font-family:\" lang=\"RO\">\u015f<\/span><span style=\"font-family:\" lang=\"RO\">i<br \/>\nlung.<\/span><\/p>\n<p class=\"MsoNormal\" style=\"text-align:justify;text-indent:36.0pt\"><span style=\"font-family:\" lang=\"RO\">Agen<\/span><span style=\"font-family:\" lang=\"RO\">\u0163<\/span><span style=\"font-family:\" lang=\"RO\">ii<br \/>\neconomici interesa<\/span><span style=\"font-family:\" lang=\"RO\">\u0163<\/span><span style=\"font-family:\" lang=\"RO\">i, pot confirma participarea pan<\/span><span style=\"font-family:\" lang=\"RO\">\u0103<\/span><span style=\"font-family:\" lang=\"RO\"> in data de 25.10.2023,<br \/>\nora 14:00 si pot transmite<span>\u00a0 <\/span>oferta de<br \/>\nlocuri de<span>\u00a0 <\/span>munc<\/span><span style=\"font-family:\" lang=\"RO\">\u0103<\/span><span style=\"font-family:\" lang=\"RO\"> disponibile &#8211;<br \/>\nAnexa 1A<span>\u00a0 <\/span>( cu specifica<\/span><span style=\"font-family:\" lang=\"RO\">\u0163<\/span><span style=\"font-family:\" lang=\"RO\">ia<span>\u00a0 <\/span>Pentru<span>\u00a0<br \/>\n<\/span>Burs<\/span><span style=\"font-family:\" lang=\"RO\">\u0103<\/span><span style=\"font-family:\" lang=\"RO\">)<span>\u00a0 <\/span>la secretariatul<br \/>\nsediului<span>\u00a0\u00a0 <\/span>AJOFM<span>\u00a0 <\/span>Arges din Pitesti,<span>\u00a0 <\/span>str. Republicii, nr. 11, sau electronic prin:<br \/>\ne-mail<span>\u00a0 <\/span><\/span><span style=\"font-family:\" lang=\"RO\"><a href=\"mailto:claudian.baciu.ag@anofm.gov.ro\"><span style=\"background:white\">claudian.baciu.ag@anofm.gov.ro<\/span><\/a><span class=\"MsoHyperlink\"><span style=\"background:white\"><span>\u00a0 <\/span><\/span><\/span><span style=\"color:#333333;background:white\"><span>\u00a0\u00a0<\/span>sau<span>\u00a0\u00a0 <\/span><\/span><span style=\"background:white\"><a href=\"mailto:arges.ag@anofm.gov.ro\">ajofm.ag@anofm.gov.ro<\/a><span style=\"color:#333333\">; <\/span><\/span><\/span><\/p>\n<p class=\"MsoNormal\" style=\"text-align:justify;text-indent:36.0pt\"><span style=\"font-family:\" lang=\"RO\"><span>\u00a0 <\/span><\/span><span style=\"font-family:\" lang=\"RO\">Rela<\/span><span style=\"font-family:\" lang=\"RO\">\u0163<\/span><span style=\"font-family:\" lang=\"RO\">ii suplimentare privind participarea la burs<\/span><span style=\"font-family:\" lang=\"RO\">\u0103<\/span><span style=\"font-family:\" lang=\"RO\"><span>\u00a0 <\/span>pot fi ob<\/span><span style=\"font-family:\" lang=\"RO\">\u0163<\/span><span style=\"font-family:\" lang=\"RO\">inute la<br \/>\nnumerele de telefon 0248\/222415 \u2013 tasta 2; 0761\/103332, persoana de<br \/>\ncontact,<span>\u00a0 <\/span>Claudian Baciu.<\/span><\/p>\n<p class=\"MsoNormal\" style=\"text-align:justify;text-indent:36.0pt\"><span style=\"font-family:\" lang=\"RO\">Participarea<br \/>\nla acest eveniment este gratuit<\/span><span style=\"font-family:\" lang=\"RO\">\u0103<\/span><span style=\"font-family:\" lang=\"RO\"> pentru to<\/span><span style=\"font-family:\" lang=\"RO\">\u0163<\/span><span style=\"font-family:\" lang=\"RO\">i cei interesa<\/span><span style=\"font-family:\" lang=\"RO\">\u0163<\/span><span style=\"font-family:\" lang=\"RO\">i.<\/span><span style=\"font-size:10.5pt;font-family:\" lang=\"RO\"> <\/span><\/p>\n<p class=\"MsoNormal\" style=\"text-align:justify;text-indent:36.0pt\"><span style=\"font-family:\" lang=\"RO\">\u00a0<\/span><\/p>\n<p class=\"MsoNormal\" style=\"text-align:justify;text-indent:36.0pt\"><span style=\"font-family:\" lang=\"RO\">\u00a0<\/span><\/p>\n<p class=\"MsoNormal\" style=\"text-align:justify;text-indent:36.0pt\"><span style=\"font-family:\" lang=\"RO\">Cu stima,<\/span><\/p>\n<p class=\"MsoNormal\" style=\"text-align:justify\"><span style=\"font-size:14.0pt;font-family:\" lang=\"RO\">\u00a0<\/span><\/p>\n<p class=\"MsoNormal\" style=\"text-align:center\" align=\"center\"><span style=\"font-size:14.0pt;font-family:\" lang=\"RO\">Director<br \/>\nExecutiv,<\/span><\/p>\n<p class=\"MsoNormal\" style=\"text-align:center\" align=\"center\"><span style=\"font-size:14.0pt;font-family:\" lang=\"RO\">\u00a0<\/span><\/p>\n<p><span style=\"font-size:14.0pt;font-family:\" lang=\"RO\"><span>\u00a0\u00a0\u00a0\u00a0\u00a0\u00a0\u00a0\u00a0\u00a0\u00a0\u00a0 <\/span>Nicolae BADESCU<span>\u00a0\u00a0 <\/span><\/span><\/p>\n<div class=\"file-list-wrap\">\n<ul class=\"file-list\">\n<li><a href=\"\/upload2\/Arge\u0219\/27592\/comunicat_presa_-_bursa_abs_27.10.2023_AJOFM.pdf\" download>comunicat_presa_-_bursa_abs_27.10.2023_AJOFM.pdf<\/a><\/li>\n<\/ul>\n<\/div>\n","protected":false},"excerpt":{"rendered":"<p>BURSA LOCURILOR DE MUNCA PENTRU ABSOLVENTI 27 octombrie 2023<\/p><\/p>\n","protected":false},"author":0,"featured_media":0,"comment_status":"closed","ping_status":"closed","sticky":false,"template":"","format":"standard","meta":{"footnotes":""},"categories":[9],"tags":[],"class_list":["post-462","post","type-post","status-publish","format-standard","hentry","category-comunicate-de-presa"],"_links":{"self":[{"href":"https:\/\/www.anofm.ro\/arges\/wp-json\/wp\/v2\/posts\/462","targetHints":{"allow":["GET"]}}],"collection":[{"href":"https:\/\/www.anofm.ro\/arges\/wp-json\/wp\/v2\/posts"}],"about":[{"href":"https:\/\/www.anofm.ro\/arges\/wp-json\/wp\/v2\/types\/post"}],"replies":[{"embeddable":true,"href":"https:\/\/www.anofm.ro\/arges\/wp-json\/wp\/v2\/comments?post=462"}],"version-history":[{"count":0,"href":"https:\/\/www.anofm.ro\/arges\/wp-json\/wp\/v2\/posts\/462\/revisions"}],"wp:attachment":[{"href":"https:\/\/www.anofm.ro\/arges\/wp-json\/wp\/v2\/media?parent=462"}],"wp:term":[{"taxonomy":"category","embeddable":true,"href":"https:\/\/www.anofm.ro\/arges\/wp-json\/wp\/v2\/categories?post=462"},{"taxonomy":"post_tag","embeddable":true,"href":"https:\/\/www.anofm.ro\/arges\/wp-json\/wp\/v2\/tags?post=462"}],"curies":[{"name":"wp","href":"https:\/\/api.w.org\/{rel}","templated":true}]}}