{"id":451,"date":"2023-07-12T00:00:00","date_gmt":"2023-07-11T21:00:00","guid":{"rendered":"https:\/\/www.anofm.ro\/arges\/comunicat-de-presa-absolventi-2023\/"},"modified":"2023-07-12T00:00:00","modified_gmt":"2023-07-11T21:00:00","slug":"comunicat-de-presa-absolventi-2023","status":"publish","type":"post","link":"https:\/\/www.anofm.ro\/arges\/comunicat-de-presa-absolventi-2023\/","title":{"rendered":"Comunicat de presa &#8211; absolventi 2023"},"content":{"rendered":"<p class=\"MsoNormal\" style=\"margin-left:0mm;text-align:left;line-height:normal\" align=\"left\"><b><span style=\"font-size:12.0pt\">Comunicat de pres\u0103<\/span><\/b><\/p>\n<p class=\"MsoNormal\" style=\"margin-left:0mm;text-align:left;line-height:normal\" align=\"left\"><b><span style=\"font-size:12.0pt;font-family:\">\u00ce<\/span><\/b><b><span style=\"font-size:12.0pt\">n aten\u0163ia<br \/>\nabsolven\u0163ilor de inv\u0103\u0163\u0103m\u00e2nt promo\u0163ia 2023<\/span><\/b><\/p>\n<p><span style=\"font-size:10.0pt\">\u00a0<\/span><\/p>\n<p class=\"MsoNormal\" style=\"margin-left:0mm;text-indent:36.0pt;line-height:normal\">Agen\u0163ia<br \/>\nJude\u0163ean\u0103 pentru Ocuparea For\u0163ei de Munc\u0103 Arges aduce in aten\u0163ia absolven\u0163ilor<br \/>\nde inv\u0103\u0163\u0103mant, promo\u0163ia 2023, faptul c\u0103 in termen de 60 de zile de la<br \/>\nabsolvirea studiilor, sunt astepta\u0163i s\u0103 se inregistreze in eviden\u0163ele agen\u0163iilor<br \/>\npentru ocuparea for\u0163ei de munc\u0103 in raza c\u0103rora isi au domiciliul. <\/p>\n<p class=\"MsoNormal\" style=\"margin-left:0mm;text-indent:36.0pt;line-height:normal\">Inregistrarea<br \/>\nca persoan\u0103 aflata in c\u0103utarea unui loc de munc\u0103 este o etapa obligatorie<br \/>\npentru ob\u0163inerea facilit\u0103\u0163ilor acordate potrivit Legii nr. 76\/2002 privind<br \/>\nsistemul asigur\u0103rilor pentru somaj si stimularea ocup\u0103rii for\u0163ei de munc\u0103. <\/p>\n<p class=\"MsoNormal\" style=\"margin-left:0mm;text-indent:36.0pt;line-height:normal\">Ca<br \/>\nurmare a inregistr\u0103rii in eviden\u0163ele AJOFM Arges, absolven\u0163ii pot beneficia de<br \/>\nservicii gratuite de informare si consiliere profesional\u0103, mediere a muncii,<br \/>\nservicii de formare profesional\u0103 si de alte m\u0103suri de stimulare a ocup\u0103rii.<\/p>\n<p class=\"MsoNormal\" style=\"margin-left:0mm;text-indent:36.0pt;line-height:normal\">Prin<br \/>\nabsolvent al unei institu\u0163ii de inv\u0103t\u0103mant se in\u0163elege persoana care a ob\u0163inut<br \/>\no diplom\u0103 sau un certificat de studii, conform legisla\u0163iei in vigoare, intr-o<br \/>\ninstitu\u0163ie de inv\u0103\u0163\u0103mant gimnazial, profesional, special, liceal, postliceal<br \/>\nsau superior, de stat ori prticular, autorizat sau acreditat in condi\u0163iile<br \/>\nlegii.<\/p>\n<p class=\"MsoNormal\" style=\"margin:0mm;margin-bottom:.0001pt;text-indent:36.0pt;line-height:normal\">Actele necesare pentru inregistrarea ca persoan\u0103 aflat\u0103 in<br \/>\nc\u0103utarea unui loc de munc\u0103, sunt:<\/p>\n<p class=\"MsoNormal\" style=\"margin:0mm;margin-bottom:.0001pt;text-indent:36.0pt;line-height:normal\">&#8211; actul de identitate;<\/p>\n<p class=\"MsoNormal\" style=\"margin:0mm;margin-bottom:.0001pt;text-indent:36.0pt;line-height:normal\">&#8211; diploma de absolvire sau adeverin\u0163a din care s\u0103 rezulte<br \/>\ndata absolvirii;<\/p>\n<p class=\"MsoNormal\" style=\"margin-left:0mm;text-indent:36.0pt;line-height:normal\">&#8211;<br \/>\nCV model Europass;<\/p>\n<p class=\"MsoNormal\" style=\"margin-left:0mm;text-indent:36.0pt;line-height:normal\">Potrivit<br \/>\nprevederilor Legii nr. 76\/2002 privind sistemul asigur\u0103rilor pentru somaj si<br \/>\nstimularea ocup\u0103rii for\u0163ei de munc\u0103, absolven\u0163ii institu\u0163iilor de inv\u0103\u0163\u0103mant si<br \/>\nabsolven\u0163ii scolilor speciale, in varst\u0103 de minimum 16 ani, care in termen de<br \/>\n60 zile de la absolvire se inregistreaz\u0103 la AJOFM Arges si se angajeaz\u0103 cu norm\u0103<br \/>\nintreag\u0103 pe o perioad\u0103 mai mare de 12 luni, beneficiaz\u0103 de o prim\u0103 de inser\u0163ie<br \/>\negal\u0103 cu de 3 ori valoarea indicatorului social de referin\u0163\u0103 in vigoare la data<br \/>\ninc\u0103drarii (ISR = 598 lei). <\/p>\n<p class=\"MsoNormal\" style=\"margin-left:0mm;text-indent:36.0pt;line-height:normal\">Dupa<br \/>\nexpirarea termenului de 60 zile de la data absolvirii, in cazul in care<br \/>\nabsolven\u0163ii s-au inregistrat ca persoan\u0103 in c\u0103utarea unui loc de munc\u0103, acestia<br \/>\npot beneficia de indemniza\u0163ie de somaj in cuantum de 50% din valoarea<br \/>\nindicatorului social de referin\u0163\u0103 in vigoare, pe o perioad\u0103 de 6 luni.<span>\u00a0\u00a0 <\/span><\/p>\n<p class=\"MsoNormal\" style=\"margin-left:0mm;text-indent:36.0pt;line-height:normal\">Informa\u0163ii<br \/>\nsuplimentare privind acordarea indemniza\u0163iei de \u015fomaj se pot ob\u0163ine la adresa<br \/>\nde e-mail <a href=\"mailto:arges@anofm.gov.ro\"><b>arges@anofm.gov.ro<\/b><\/a> \u015fi la num\u0103r de telefon <b>0248222415<\/b>.<\/p>\n<p class=\"MsoNormal\" style=\"margin:0mm;margin-bottom:.0001pt;text-indent:36.0pt\">\u00a0<\/p>\n<p class=\"MsoNormal\" style=\"margin:0mm;margin-bottom:.0001pt;text-indent:36.0pt\">\u00a0<\/p>\n<p class=\"MsoNormal\" style=\"margin-left:0mm;text-align:left\" align=\"left\"><b><span style=\"font-size:10.0pt;line-height:115%\">AGEN\u0162IA JUDE\u0162EAN\u0102 PENTRU OCUPAREA FOR\u0162EI DE MUNC\u0102 ARGE\u015e<\/span><\/b><\/p>\n<div class=\"file-list-wrap\">\n<ul class=\"file-list\">\n<li><a href=\"\/upload2\/Arge\u0219\/26653\/Comunicat_de_presa_-_absolventi_2023-2.pdf\" download>Comunicat_de_presa_-_absolventi_2023-2.pdf<\/a><\/li>\n<\/ul>\n<\/div>\n","protected":false},"excerpt":{"rendered":"<p>Comunicat de presa &#8211; absolventi 2023<\/p>\n","protected":false},"author":0,"featured_media":0,"comment_status":"closed","ping_status":"closed","sticky":false,"template":"","format":"standard","meta":{"footnotes":""},"categories":[9],"tags":[],"class_list":["post-451","post","type-post","status-publish","format-standard","hentry","category-comunicate-de-presa"],"_links":{"self":[{"href":"https:\/\/www.anofm.ro\/arges\/wp-json\/wp\/v2\/posts\/451","targetHints":{"allow":["GET"]}}],"collection":[{"href":"https:\/\/www.anofm.ro\/arges\/wp-json\/wp\/v2\/posts"}],"about":[{"href":"https:\/\/www.anofm.ro\/arges\/wp-json\/wp\/v2\/types\/post"}],"replies":[{"embeddable":true,"href":"https:\/\/www.anofm.ro\/arges\/wp-json\/wp\/v2\/comments?post=451"}],"version-history":[{"count":0,"href":"https:\/\/www.anofm.ro\/arges\/wp-json\/wp\/v2\/posts\/451\/revisions"}],"wp:attachment":[{"href":"https:\/\/www.anofm.ro\/arges\/wp-json\/wp\/v2\/media?parent=451"}],"wp:term":[{"taxonomy":"category","embeddable":true,"href":"https:\/\/www.anofm.ro\/arges\/wp-json\/wp\/v2\/categories?post=451"},{"taxonomy":"post_tag","embeddable":true,"href":"https:\/\/www.anofm.ro\/arges\/wp-json\/wp\/v2\/tags?post=451"}],"curies":[{"name":"wp","href":"https:\/\/api.w.org\/{rel}","templated":true}]}}